{"id":146234,"date":"2019-08-20T06:00:56","date_gmt":"2019-08-20T09:00:56","guid":{"rendered":"https:\/\/diarioregionaldigital.com.br\/?p=146234"},"modified":"2019-08-19T18:48:31","modified_gmt":"2019-08-19T21:48:31","slug":"festa-natural","status":"publish","type":"post","link":"https:\/\/diarioregionaldigital.com.br\/?p=146234","title":{"rendered":"Festa Natural"},"content":{"rendered":"<p style=\"text-align: center;\"><strong>Paladar<\/strong><\/p>\n<p style=\"text-align: center;\">Mariana Bedendo e Helena Schmidt s\u00e3o craques na arte de produzir del\u00edcias para o doce paladar. Propriet\u00e1rias da Casa Hum em Juiz de Fora, elas arrasam no Brunch funcionando em eventos marcados com anteced\u00eancia. As op\u00e7\u00f5es v\u00e3o do Waffle, lim\u00e3ozola (limonada com rapadura), pudim de claras com brigadeiro branco e nuvem e espuma com cobertura de geleia de frutas. O instagram @nacasahum mostra todos os passos.<\/p>\n<p style=\"text-align: center;\"><strong>Arte Total<\/strong><\/p>\n<p style=\"text-align: center;\">A artista pl\u00e1stica Raphaela Lustosa causou impacto visual com suas obras elevando o tema \u201cUma S\u00e9rie de cora\u00e7\u00f5es partidos\u201d. Ela retrata atrav\u00e9s de cora\u00e7\u00f5es partidos, o luto, a trai\u00e7\u00e3o, o abandono a aus\u00eancia e a partida. Foi no OAndarDebaixo e a galera pede bis.<\/p>\n<p style=\"text-align: center;\"><strong>Voc\u00ea Sabia?<\/strong><\/p>\n<p style=\"text-align: center;\">Com dias de sol e o barquinho a navegar, o biqu\u00edni vai ganhar um museu para chamar de seu. Ser\u00e1 na Alemanha e o Brasil ter\u00e1 sala exclusiva no espa\u00e7o retratando a evolu\u00e7\u00e3o da pe\u00e7a no Rio de Janeiro.<\/p>\n<p style=\"text-align: center;\"><strong>Festa Natural<\/strong><\/p>\n<p style=\"text-align: center;\">A estilista carioca J\u00falia Goldenzon, com roupas exclusivamente natural, lan\u00e7a sua cole\u00e7\u00e3o festa hoje em seu ateli\u00ea no Leblon (Rio). Em cena, o tingimento apenas com pigmentos naturais para a cole\u00e7\u00e3o \u2013 C\u00e1psula Origens.<\/p>\n<div id=\"attachment_146186\" style=\"width: 690px\" class=\"wp-caption aligncenter\"><img loading=\"lazy\" decoding=\"async\" aria-describedby=\"caption-attachment-146186\" class=\"wp-image-146186\" src=\"https:\/\/diarioregionaldigital.com.br\/wp-content\/uploads\/2019\/08\/fotoa-12-e1566249243649.jpg\" alt=\"\" width=\"680\" height=\"529\" srcset=\"https:\/\/diarioregionaldigital.com.br\/wp-content\/uploads\/2019\/08\/fotoa-12-e1566249243649.jpg 1168w, https:\/\/diarioregionaldigital.com.br\/wp-content\/uploads\/2019\/08\/fotoa-12-e1566249243649-300x233.jpg 300w, https:\/\/diarioregionaldigital.com.br\/wp-content\/uploads\/2019\/08\/fotoa-12-e1566249243649-768x597.jpg 768w, https:\/\/diarioregionaldigital.com.br\/wp-content\/uploads\/2019\/08\/fotoa-12-e1566249243649-1024x796.jpg 1024w, https:\/\/diarioregionaldigital.com.br\/wp-content\/uploads\/2019\/08\/fotoa-12-e1566249243649-360x280.jpg 360w\" sizes=\"auto, (max-width: 680px) 100vw, 680px\" \/><p id=\"caption-attachment-146186\" class=\"wp-caption-text\">Na \u00c1gua Santa no baile de formatura em Odontologia, o jovem Lucas Villar ladeado de seus pais, Jos\u00e9 Aloysio Prado e Lilian Santos Villar<\/p><\/div>\n<div id=\"attachment_146187\" style=\"width: 690px\" class=\"wp-caption aligncenter\"><img loading=\"lazy\" decoding=\"async\" aria-describedby=\"caption-attachment-146187\" class=\"wp-image-146187\" src=\"https:\/\/diarioregionaldigital.com.br\/wp-content\/uploads\/2019\/08\/fotoaa-6-e1566249279913.jpg\" alt=\"\" width=\"680\" height=\"570\" srcset=\"https:\/\/diarioregionaldigital.com.br\/wp-content\/uploads\/2019\/08\/fotoaa-6-e1566249279913.jpg 540w, https:\/\/diarioregionaldigital.com.br\/wp-content\/uploads\/2019\/08\/fotoaa-6-e1566249279913-300x252.jpg 300w, https:\/\/diarioregionaldigital.com.br\/wp-content\/uploads\/2019\/08\/fotoaa-6-e1566249279913-360x302.jpg 360w\" sizes=\"auto, (max-width: 680px) 100vw, 680px\" \/><p id=\"caption-attachment-146187\" class=\"wp-caption-text\">Elegant\u00e9rrimos no Miss Brasil Gay, no Terrazzo M\u00e1rcio Marques e Ikaro Kadoshi<\/p><\/div>\n<div id=\"attachment_146188\" style=\"width: 690px\" class=\"wp-caption aligncenter\"><img loading=\"lazy\" decoding=\"async\" aria-describedby=\"caption-attachment-146188\" class=\"wp-image-146188\" src=\"https:\/\/diarioregionaldigital.com.br\/wp-content\/uploads\/2019\/08\/fotob-12-e1566249316410.jpg\" alt=\"\" width=\"680\" height=\"536\" srcset=\"https:\/\/diarioregionaldigital.com.br\/wp-content\/uploads\/2019\/08\/fotob-12-e1566249316410.jpg 822w, https:\/\/diarioregionaldigital.com.br\/wp-content\/uploads\/2019\/08\/fotob-12-e1566249316410-300x236.jpg 300w, https:\/\/diarioregionaldigital.com.br\/wp-content\/uploads\/2019\/08\/fotob-12-e1566249316410-768x605.jpg 768w, https:\/\/diarioregionaldigital.com.br\/wp-content\/uploads\/2019\/08\/fotob-12-e1566249316410-360x284.jpg 360w\" sizes=\"auto, (max-width: 680px) 100vw, 680px\" \/><p id=\"caption-attachment-146188\" class=\"wp-caption-text\">Aniversariando hoje, 20, a filoneuroterapeuta e fisioterapeuta, a bela Luna Pettermann<\/p><\/div>\n<div id=\"attachment_146189\" style=\"width: 690px\" class=\"wp-caption aligncenter\"><img loading=\"lazy\" decoding=\"async\" aria-describedby=\"caption-attachment-146189\" class=\"wp-image-146189\" src=\"https:\/\/diarioregionaldigital.com.br\/wp-content\/uploads\/2019\/08\/fotobb-6-e1566249346451.jpg\" alt=\"\" width=\"680\" height=\"536\" srcset=\"https:\/\/diarioregionaldigital.com.br\/wp-content\/uploads\/2019\/08\/fotobb-6-e1566249346451.jpg 720w, https:\/\/diarioregionaldigital.com.br\/wp-content\/uploads\/2019\/08\/fotobb-6-e1566249346451-300x237.jpg 300w, https:\/\/diarioregionaldigital.com.br\/wp-content\/uploads\/2019\/08\/fotobb-6-e1566249346451-360x284.jpg 360w\" sizes=\"auto, (max-width: 680px) 100vw, 680px\" \/><p id=\"caption-attachment-146189\" class=\"wp-caption-text\">Durante o deslumbrante Miss Brasil Gay no Terrazzo, Milton Cunha e Rosenberg Frizeiro<\/p><\/div>\n<div id=\"attachment_146191\" style=\"width: 690px\" class=\"wp-caption aligncenter\"><img loading=\"lazy\" decoding=\"async\" aria-describedby=\"caption-attachment-146191\" class=\"wp-image-146191\" src=\"https:\/\/diarioregionaldigital.com.br\/wp-content\/uploads\/2019\/08\/fotocc-4.jpg\" alt=\"\" width=\"680\" height=\"451\" srcset=\"https:\/\/diarioregionaldigital.com.br\/wp-content\/uploads\/2019\/08\/fotocc-4.jpg 960w, https:\/\/diarioregionaldigital.com.br\/wp-content\/uploads\/2019\/08\/fotocc-4-300x199.jpg 300w, https:\/\/diarioregionaldigital.com.br\/wp-content\/uploads\/2019\/08\/fotocc-4-768x509.jpg 768w, https:\/\/diarioregionaldigital.com.br\/wp-content\/uploads\/2019\/08\/fotocc-4-360x239.jpg 360w\" sizes=\"auto, (max-width: 680px) 100vw, 680px\" \/><p id=\"caption-attachment-146191\" class=\"wp-caption-text\">Nos bastidores do Miss Brasil Gay, no Terrazzo, Alex Dumond Delgado, a super Pablo Vittar e Mirelle Mota<\/p><\/div>\n<div id=\"attachment_146193\" style=\"width: 690px\" class=\"wp-caption aligncenter\"><img loading=\"lazy\" decoding=\"async\" aria-describedby=\"caption-attachment-146193\" class=\"wp-image-146193\" src=\"https:\/\/diarioregionaldigital.com.br\/wp-content\/uploads\/2019\/08\/fotoe-10-e1566249401389.jpg\" alt=\"\" width=\"680\" height=\"523\" srcset=\"https:\/\/diarioregionaldigital.com.br\/wp-content\/uploads\/2019\/08\/fotoe-10-e1566249401389.jpg 1171w, https:\/\/diarioregionaldigital.com.br\/wp-content\/uploads\/2019\/08\/fotoe-10-e1566249401389-300x231.jpg 300w, https:\/\/diarioregionaldigital.com.br\/wp-content\/uploads\/2019\/08\/fotoe-10-e1566249401389-768x590.jpg 768w, https:\/\/diarioregionaldigital.com.br\/wp-content\/uploads\/2019\/08\/fotoe-10-e1566249401389-1024x787.jpg 1024w, https:\/\/diarioregionaldigital.com.br\/wp-content\/uploads\/2019\/08\/fotoe-10-e1566249401389-360x277.jpg 360w\" sizes=\"auto, (max-width: 680px) 100vw, 680px\" \/><p id=\"caption-attachment-146193\" class=\"wp-caption-text\">O coiffeur Leandro Calixto em recente produ\u00e7\u00e3o para Marisol Novaes<\/p><\/div>\n<div id=\"attachment_146195\" style=\"width: 690px\" class=\"wp-caption aligncenter\"><img loading=\"lazy\" decoding=\"async\" aria-describedby=\"caption-attachment-146195\" class=\"wp-image-146195\" src=\"https:\/\/diarioregionaldigital.com.br\/wp-content\/uploads\/2019\/08\/fotog-9.jpg\" alt=\"\" width=\"680\" height=\"451\" srcset=\"https:\/\/diarioregionaldigital.com.br\/wp-content\/uploads\/2019\/08\/fotog-9.jpg 1764w, https:\/\/diarioregionaldigital.com.br\/wp-content\/uploads\/2019\/08\/fotog-9-300x199.jpg 300w, https:\/\/diarioregionaldigital.com.br\/wp-content\/uploads\/2019\/08\/fotog-9-768x509.jpg 768w, https:\/\/diarioregionaldigital.com.br\/wp-content\/uploads\/2019\/08\/fotog-9-1024x679.jpg 1024w, https:\/\/diarioregionaldigital.com.br\/wp-content\/uploads\/2019\/08\/fotog-9-360x239.jpg 360w\" sizes=\"auto, (max-width: 680px) 100vw, 680px\" \/><p id=\"caption-attachment-146195\" class=\"wp-caption-text\">Confraternizando no Berttu\u2019s Aeroporto Fernanda Marsicano (aniversariando) e Neuza Marsicano<\/p><\/div>\n<div id=\"attachment_146198\" style=\"width: 690px\" class=\"wp-caption aligncenter\"><img loading=\"lazy\" decoding=\"async\" aria-describedby=\"caption-attachment-146198\" class=\"wp-image-146198\" src=\"https:\/\/diarioregionaldigital.com.br\/wp-content\/uploads\/2019\/08\/fotoj-9.jpg\" alt=\"\" width=\"680\" height=\"451\" srcset=\"https:\/\/diarioregionaldigital.com.br\/wp-content\/uploads\/2019\/08\/fotoj-9.jpg 1764w, https:\/\/diarioregionaldigital.com.br\/wp-content\/uploads\/2019\/08\/fotoj-9-300x199.jpg 300w, https:\/\/diarioregionaldigital.com.br\/wp-content\/uploads\/2019\/08\/fotoj-9-768x509.jpg 768w, https:\/\/diarioregionaldigital.com.br\/wp-content\/uploads\/2019\/08\/fotoj-9-1024x679.jpg 1024w, https:\/\/diarioregionaldigital.com.br\/wp-content\/uploads\/2019\/08\/fotoj-9-360x239.jpg 360w\" sizes=\"auto, (max-width: 680px) 100vw, 680px\" \/><p id=\"caption-attachment-146198\" class=\"wp-caption-text\">Os Miana em almo\u00e7o descontra\u00eddo, Rane, Juliane, Ronaldo e Sula<\/p><\/div>\n<div id=\"attachment_146196\" style=\"width: 690px\" class=\"wp-caption aligncenter\"><img loading=\"lazy\" decoding=\"async\" aria-describedby=\"caption-attachment-146196\" class=\"wp-image-146196\" src=\"https:\/\/diarioregionaldigital.com.br\/wp-content\/uploads\/2019\/08\/fotoh-11.jpg\" alt=\"\" width=\"680\" height=\"455\" srcset=\"https:\/\/diarioregionaldigital.com.br\/wp-content\/uploads\/2019\/08\/fotoh-11.jpg 1758w, https:\/\/diarioregionaldigital.com.br\/wp-content\/uploads\/2019\/08\/fotoh-11-300x201.jpg 300w, https:\/\/diarioregionaldigital.com.br\/wp-content\/uploads\/2019\/08\/fotoh-11-768x514.jpg 768w, https:\/\/diarioregionaldigital.com.br\/wp-content\/uploads\/2019\/08\/fotoh-11-1024x685.jpg 1024w, https:\/\/diarioregionaldigital.com.br\/wp-content\/uploads\/2019\/08\/fotoh-11-360x241.jpg 360w\" sizes=\"auto, (max-width: 680px) 100vw, 680px\" \/><p id=\"caption-attachment-146196\" class=\"wp-caption-text\">Os Morse em tarde de drinques: Mariana, Rubens, Paulo S\u00e9rgio e Andr\u00e9<\/p><\/div>\n<div id=\"attachment_146197\" style=\"width: 690px\" class=\"wp-caption aligncenter\"><img loading=\"lazy\" decoding=\"async\" aria-describedby=\"caption-attachment-146197\" class=\"wp-image-146197\" src=\"https:\/\/diarioregionaldigital.com.br\/wp-content\/uploads\/2019\/08\/fotoi-10.jpg\" alt=\"\" width=\"680\" height=\"501\" srcset=\"https:\/\/diarioregionaldigital.com.br\/wp-content\/uploads\/2019\/08\/fotoi-10.jpg 1588w, https:\/\/diarioregionaldigital.com.br\/wp-content\/uploads\/2019\/08\/fotoi-10-300x221.jpg 300w, https:\/\/diarioregionaldigital.com.br\/wp-content\/uploads\/2019\/08\/fotoi-10-768x566.jpg 768w, https:\/\/diarioregionaldigital.com.br\/wp-content\/uploads\/2019\/08\/fotoi-10-1024x754.jpg 1024w, https:\/\/diarioregionaldigital.com.br\/wp-content\/uploads\/2019\/08\/fotoi-10-360x265.jpg 360w\" sizes=\"auto, (max-width: 680px) 100vw, 680px\" \/><p id=\"caption-attachment-146197\" class=\"wp-caption-text\">Visitando a RCWTV, os ilustres Wesley Lessa, Bechara Neto, juiz Jos\u00e9 Armando da Silveira com Carlos Roberto Dessid\u00e9rio e Geraldo Gomes<\/p><\/div>\n<p style=\"text-align: center;\"><strong>FOTOSS\u00cdNTESE<\/strong><\/p>\n<p>A Uninter e Liga de Escritores, ilustradores e autores de Juiz de Fora (Leia JF) v\u00e3o realizar, no dia 21 de agosto, palestras gratuitas no Polo Central, na Galeria Constan\u00e7a Valadares, 619, 1\u00ba andar, \u00e0s 19h.<\/p>\n<p>Em estilo mil cores, ser\u00e1 nos dias 23, 24 e 25 de agosto, no Col\u00e9gio dos Jesu\u00edtas, a XIX Exposi\u00e7\u00e3o do C\u00edrculo Orqu\u00eddeas de Juiz de Fora. A promo\u00e7\u00e3o Nacional do Orqu\u00edd\u00f3filo de Juiz de Fora, tem apoio do Orquid\u00e1rio Alcino Fraga, Hotel Serrano, Pizarella e Unimed.<\/p>\n<p>Ser\u00e1 no dia 28 de setembro, na OAB\/MG. O 1\u00ba Congresso Criminal dos Estagi\u00e1rios e Estudantes Mineiros. Dentre palestrantes destacamos a delegada Larissa Mascote, que atua na Delegacia Especializada em atendimento a mulheres de Belo Horizonte.<\/p>\n<p>A linda estrelinha Valentina Ribeiro foi eleita Mini Miss Juiz de Fora 2019.<\/p>\n<p>O presidente da CDL\/JF, Marcos Casarin, comemora a realiza\u00e7\u00e3o da 26\u00aa Conven\u00e7\u00e3o Estadual \u2013 Varejo 360\u00b0, em Juiz de Fora. Ser\u00e1 a primeira vez fora de Belo Horizonte.<\/p>\n<p>Rep\u00fablica Comunica\u00e7\u00e3o est\u00e1 em festa. Comemora o bronze na categoria m\u00eddia impressa, no Wina\/Awards.<\/p>\n<p>Elegante e atenciosa, a dermatologista Cristina Mansur participou em S\u00e3o Paulo do Congresso de Harmoniza\u00e7\u00e3o Facial.<\/p>\n<p>Digna de aplausos, a juiz-forana Larissa Oliveira brilhou nos jogos Pan-Americanos, no Peru.<\/p>\n<p>Em ritmo de as \u00e1guas v\u00e3o rolar, vai bombar a festa \u201cWel-Come Quieto\u201d, dia 14 de setembro, no Terrazzo. A 10\u00aa temporada \u00e9 coordenada por Mateus Ferreira.<\/p>\n<p>Agendado para o dia 23, \u00e0s 20h, na sede da ONG \u201cProjeto Viver em Cristo\u201d, a implanta\u00e7\u00e3o do projeto \u201cE agora Jos\u00e9? Coordenado pelo psic\u00f3logo e soci\u00f3logo Dr. Fl\u00e1vio Urra (SP). Ser\u00e1 na rua Bernardo Mascarenhas, 1175 &#8211; bairro F\u00e1brica. Apoio Sinteac.<\/p>\n<p>Para concluir: Temos duas vidas e a segunda come\u00e7a quando damos conta de que temos somente uma. (Conf\u00facio). Bom dia.<\/p>\n<p><img loading=\"lazy\" decoding=\"async\" class=\"aligncenter size-full wp-image-146018\" src=\"https:\/\/diarioregionaldigital.com.br\/wp-content\/uploads\/2019\/08\/anuncio22.jpg\" alt=\"\" width=\"838\" height=\"157\" srcset=\"https:\/\/diarioregionaldigital.com.br\/wp-content\/uploads\/2019\/08\/anuncio22.jpg 838w, https:\/\/diarioregionaldigital.com.br\/wp-content\/uploads\/2019\/08\/anuncio22-300x56.jpg 300w, https:\/\/diarioregionaldigital.com.br\/wp-content\/uploads\/2019\/08\/anuncio22-768x144.jpg 768w, https:\/\/diarioregionaldigital.com.br\/wp-content\/uploads\/2019\/08\/anuncio22-360x67.jpg 360w\" sizes=\"auto, (max-width: 838px) 100vw, 838px\" \/><\/p>\n","protected":false},"excerpt":{"rendered":"<p>Paladar Mariana Bedendo e Helena Schmidt s\u00e3o craques na arte de produzir del\u00edcias para o doce paladar. Propriet\u00e1rias da Casa Hum em Juiz de Fora, elas arrasam no Brunch funcionando em eventos marcados com anteced\u00eancia. As op\u00e7\u00f5es v\u00e3o do Waffle, lim\u00e3ozola (limonada com rapadura), pudim de claras com brigadeiro branco e nuvem e espuma com [&hellip;]<\/p>\n","protected":false},"author":96,"featured_media":146186,"comment_status":"closed","ping_status":"closed","sticky":false,"template":"","format":"standard","meta":{"footnotes":""},"categories":[264],"tags":[],"class_list":["post-146234","post","type-post","status-publish","format-standard","has-post-thumbnail","hentry","category-eduardo-gomes"],"_links":{"self":[{"href":"https:\/\/diarioregionaldigital.com.br\/index.php?rest_route=\/wp\/v2\/posts\/146234","targetHints":{"allow":["GET"]}}],"collection":[{"href":"https:\/\/diarioregionaldigital.com.br\/index.php?rest_route=\/wp\/v2\/posts"}],"about":[{"href":"https:\/\/diarioregionaldigital.com.br\/index.php?rest_route=\/wp\/v2\/types\/post"}],"author":[{"embeddable":true,"href":"https:\/\/diarioregionaldigital.com.br\/index.php?rest_route=\/wp\/v2\/users\/96"}],"replies":[{"embeddable":true,"href":"https:\/\/diarioregionaldigital.com.br\/index.php?rest_route=%2Fwp%2Fv2%2Fcomments&post=146234"}],"version-history":[{"count":0,"href":"https:\/\/diarioregionaldigital.com.br\/index.php?rest_route=\/wp\/v2\/posts\/146234\/revisions"}],"wp:featuredmedia":[{"embeddable":true,"href":"https:\/\/diarioregionaldigital.com.br\/index.php?rest_route=\/wp\/v2\/media\/146186"}],"wp:attachment":[{"href":"https:\/\/diarioregionaldigital.com.br\/index.php?rest_route=%2Fwp%2Fv2%2Fmedia&parent=146234"}],"wp:term":[{"taxonomy":"category","embeddable":true,"href":"https:\/\/diarioregionaldigital.com.br\/index.php?rest_route=%2Fwp%2Fv2%2Fcategories&post=146234"},{"taxonomy":"post_tag","embeddable":true,"href":"https:\/\/diarioregionaldigital.com.br\/index.php?rest_route=%2Fwp%2Fv2%2Ftags&post=146234"}],"curies":[{"name":"wp","href":"https:\/\/api.w.org\/{rel}","templated":true}]}}