{"id":146230,"date":"2019-08-19T18:13:00","date_gmt":"2019-08-19T21:13:00","guid":{"rendered":"https:\/\/diarioregionaldigital.com.br\/?p=146230"},"modified":"2019-08-19T18:19:41","modified_gmt":"2019-08-19T21:19:41","slug":"julgamento-do-caso-matheus-goldoni-acontece-nesta-terca-feira","status":"publish","type":"post","link":"https:\/\/diarioregionaldigital.com.br\/?p=146230","title":{"rendered":"Julgamento do caso Matheus Goldoni acontece nesta ter\u00e7a-feira"},"content":{"rendered":"<p>O julgamento do caso Matheus Goldoni est\u00e1 previsto para ocorrer a partir das 8h da manh\u00e3 desta ter\u00e7a-feira, 20, no F\u00f3rum Benjamim Colucci. O crime ocorreu em novembro de 2014 em uma casa noturna de Juiz de Fora. Na \u00e9poca, Matheus Goldoni tinha 18 anos.<\/p>\n<p>Os envolvidos ser\u00e3o levados a J\u00fari Popular e v\u00e3o responder por homic\u00eddio pela morte do jovem, por asfixia, por afogamento e por motivo f\u00fatil, pela v\u00edtima ter tentado dar um soco em um dos denunciados ao sair da boate e pelo uso de recurso que dificultou a defesa da v\u00edtima, estando em maior n\u00famero e por terem mais for\u00e7a.<\/p>\n<p>O juiz do Tribunal do J\u00fari de Juiz de Fora, Paulo Trist\u00e3o, vai presidir a senten\u00e7a.<\/p>\n<p>&nbsp;<\/p>\n<p><strong>O CRIME<\/strong><\/p>\n<p>O crime aconteceu no dia 16 de novembro de 2014 entre 2h e 3h da manh\u00e3, no bairro S\u00e3o Pedro. De acordo com a den\u00fancia do Minist\u00e9rio P\u00fablico, a v\u00edtima estava no interior da boate quando se envolveu em uma briga com dois clientes e com seguran\u00e7as, sendo expulso da casa noturna. Na sa\u00edda, a v\u00edtima tentou dar um soco em um dos acusados e saiu correndo, sendo perseguido por dois seguran\u00e7as. Ainda segundo a den\u00fancia, o acusado que \u00e9 ambulante e ex-seguran\u00e7a da casa noturna deu carona de moto a um dos seguran\u00e7as. Enquanto os outros seguran\u00e7as continuaram a persegui\u00e7\u00e3o a p\u00e9. Eles alcan\u00e7aram a v\u00edtima cerca de 250 metros da boate, perto de uma trilha que d\u00e1 acesso a uma cachoeira.<\/p>\n<p>Dois dos acusados cercaram o jovem e imobilizaram com um golpe de mata-le\u00e3o. No local, a v\u00edtima foi morta, enquanto os outros dois seguran\u00e7as vigiavam a entrada da trilha. O laudo de necropsia do Instituto M\u00e9dico Legal (IML) apontou que Goldoni morreu por afogamento causado por asfixia e um exame apontou a exist\u00eancia de duas les\u00f5es internas no peito da v\u00edtima.<\/p>\n<p>&nbsp;<\/p>\n","protected":false},"excerpt":{"rendered":"<p>O julgamento do caso Matheus Goldoni est\u00e1 previsto para ocorrer a partir das 8h da manh\u00e3 desta ter\u00e7a-feira, 20, no F\u00f3rum Benjamim Colucci. O crime ocorreu em novembro de 2014 em uma casa noturna de Juiz de Fora. Na \u00e9poca, Matheus Goldoni tinha 18 anos. Os envolvidos ser\u00e3o levados a J\u00fari Popular e v\u00e3o responder [&hellip;]<\/p>\n","protected":false},"author":96,"featured_media":146235,"comment_status":"closed","ping_status":"closed","sticky":false,"template":"","format":"standard","meta":{"footnotes":""},"categories":[253,436,440,439],"tags":[],"class_list":["post-146230","post","type-post","status-publish","format-standard","has-post-thumbnail","hentry","category-cidade","category-destaque-da-semana","category-destaques-do-dia","category-ultima-hora"],"_links":{"self":[{"href":"https:\/\/diarioregionaldigital.com.br\/index.php?rest_route=\/wp\/v2\/posts\/146230","targetHints":{"allow":["GET"]}}],"collection":[{"href":"https:\/\/diarioregionaldigital.com.br\/index.php?rest_route=\/wp\/v2\/posts"}],"about":[{"href":"https:\/\/diarioregionaldigital.com.br\/index.php?rest_route=\/wp\/v2\/types\/post"}],"author":[{"embeddable":true,"href":"https:\/\/diarioregionaldigital.com.br\/index.php?rest_route=\/wp\/v2\/users\/96"}],"replies":[{"embeddable":true,"href":"https:\/\/diarioregionaldigital.com.br\/index.php?rest_route=%2Fwp%2Fv2%2Fcomments&post=146230"}],"version-history":[{"count":0,"href":"https:\/\/diarioregionaldigital.com.br\/index.php?rest_route=\/wp\/v2\/posts\/146230\/revisions"}],"wp:featuredmedia":[{"embeddable":true,"href":"https:\/\/diarioregionaldigital.com.br\/index.php?rest_route=\/wp\/v2\/media\/146235"}],"wp:attachment":[{"href":"https:\/\/diarioregionaldigital.com.br\/index.php?rest_route=%2Fwp%2Fv2%2Fmedia&parent=146230"}],"wp:term":[{"taxonomy":"category","embeddable":true,"href":"https:\/\/diarioregionaldigital.com.br\/index.php?rest_route=%2Fwp%2Fv2%2Fcategories&post=146230"},{"taxonomy":"post_tag","embeddable":true,"href":"https:\/\/diarioregionaldigital.com.br\/index.php?rest_route=%2Fwp%2Fv2%2Ftags&post=146230"}],"curies":[{"name":"wp","href":"https:\/\/api.w.org\/{rel}","templated":true}]}}