{"id":146149,"date":"2019-08-17T00:39:45","date_gmt":"2019-08-17T03:39:45","guid":{"rendered":"https:\/\/diarioregionaldigital.com.br\/?p=146149"},"modified":"2019-08-17T00:39:45","modified_gmt":"2019-08-17T03:39:45","slug":"bc-economia-opera-abaixo-da-capacidade-em-todas-as-regioes-do-pais","status":"publish","type":"post","link":"https:\/\/diarioregionaldigital.com.br\/?p=146149","title":{"rendered":"BC: economia opera abaixo da capacidade em todas as regi\u00f5es do pa\u00eds"},"content":{"rendered":"<p>A economia est\u00e1 operando com alto n\u00edvel de ociosidade dos fatores de produ\u00e7\u00e3o, como m\u00e1quinas e m\u00e3o de obra, em todas as regi\u00f5es do pa\u00eds e com\u00a0infla\u00e7\u00e3o em n\u00edveisconfort\u00e1veis. Essa \u00e9 a avalia\u00e7\u00e3o do Banco Central (BC), que divulgou nessa sexta-feira, 16, o Boletim Regional, em Porto Alegre.<\/p>\n<p>Segundo a publica\u00e7\u00e3o, \u201co n\u00edvel da atividade econ\u00f4mica no Norte recuou no trimestre encerrado em maio, interrompendo o crescimento observado nos dois trimestres anteriores, reflexo do fraco desempenho da ind\u00fastria extrativa no Par\u00e1, parcialmente compensado pelo com\u00e9rcio regional e pela produ\u00e7\u00e3o do Polo Industrial de Manaus\u201d. O \u00cdndice de Atividade Econ\u00f4mica do Banco Central \u2013 Regi\u00e3o Norte (IBCR-N) caiu 0,3% no per\u00edodo, em rela\u00e7\u00e3o ao trimestre encerrado em fevereiro (1%), de acordo com dados dessazonalizados, ou seja, foram exclu\u00eddos os efeitos de varia\u00e7\u00f5es t\u00edpicas de cada per\u00edodo.<\/p>\n<p>No Nordeste, diz o BC, a atividade econ\u00f4mica continua a evidenciar acomoda\u00e7\u00e3o do ritmo de crescimento. De acordo com o BC, o cen\u00e1rio recente \u00e9 resultado da \u201ccombina\u00e7\u00e3o de eleva\u00e7\u00e3o no volume de servi\u00e7os prestados e, principalmente, nas vendas do com\u00e9rcio, com a retra\u00e7\u00e3o da produ\u00e7\u00e3o fabril\u201d. \u201cO desempenho mais fraco da economia repercutiu sobre o mercado de trabalho, sendo a \u00fanica regi\u00e3o a apresentar elimina\u00e7\u00e3o de postos de trabalhos formais\u201d, diz o boletim. O IBCR-NE variou -0,1% no trimestre encerrado em maio, considerados dados com ajuste sazonal.<\/p>\n<p>Segundo o BC, a atividade econ\u00f4mica no Centro-Oeste registrou recuo no trimestre encerrado em maio, ap\u00f3s cinco trimestres consecutivos de eleva\u00e7\u00e3o, impactada, em especial, pela contra\u00e7\u00e3o nos setores industriais, com destaque para segmentos da transforma\u00e7\u00e3o e de energia e saneamento. \u201cA perspectiva de desempenho positivo nas safras de inverno tende a favorecer a retomada do crescimento na regi\u00e3o, principalmente pelos desdobramentos na ind\u00fastria de alimentos e no setor de transportes\u201d, diz o boletim. Adicionalmente, acrescenta o BC, o mercado de trabalho mostrou sinais positivos bem como o cr\u00e9dito \u00e0s fam\u00edlias, o que favorece o crescimento da economia. O IBCR-CO decresceu 0,5% no trimestre at\u00e9 maio, em compara\u00e7\u00e3o ao finalizado em fevereiro, na s\u00e9rie isenta de sazonalidade.<\/p>\n<p>A economia da regi\u00e3o Sudeste manteve trajet\u00f3ria de recupera\u00e7\u00e3o gradual, evidenciada por aumentos consecutivos do \u00edndice de atividade econ\u00f4mica do Banco Central, desde dezembro, na avalia\u00e7\u00e3o trimestral. Nos \u00faltimos meses, entretanto, alguns dos principais par\u00e2metros de atividade sugerem arrefecimento do ritmo de recupera\u00e7\u00e3o, notadamente a produ\u00e7\u00e3o industrial \u2013 impactada principalmente pela atividade extrativa \u2013, e o volume de servi\u00e7os. O IBCR-SE variou 0,1% em rela\u00e7\u00e3o ao trimestre encerrado em fevereiro, quando crescera 0,7% na mesma base de compara\u00e7\u00e3o, considerados dados dessazonalizados.<\/p>\n<p>De acordo com o BC, a evolu\u00e7\u00e3o dos principais indicadores econ\u00f4micos da regi\u00e3o Sul refor\u00e7a o processo de acomoda\u00e7\u00e3o da atividade no primeiro semestre do ano, em linha com a trajet\u00f3ria observada no pa\u00eds. \u201cNo entanto, em horizonte mais longo, a regi\u00e3o apresenta crescimento mais intenso do que a m\u00e9dia nacional. A ind\u00fastria desempenha papel fundamental nesse processo, com maior dissemina\u00e7\u00e3o da recupera\u00e7\u00e3o entre as atividades, embora permane\u00e7a a elevada ociosidade da capacidade instalada\u201d. No mercado de trabalho, por um lado, acrescenta o BC, o emprego com carteira assinada d\u00e1 sinais de arrefecimento no ritmo de expans\u00e3o, por outro, o recuo da taxa de desocupa\u00e7\u00e3o e a expans\u00e3o da massa de rendimentos sugerem a amplia\u00e7\u00e3o da demanda nos pr\u00f3ximos trimestres, que dever\u00e1 ser ampliada pela libera\u00e7\u00e3o de recursos das contas do Fundo de Garantia do Tempo de Servi\u00e7o (FGTS). O IBCR-S variou 0,2% no trimestre encerrado em maio, na compara\u00e7\u00e3o com o finalizado em fevereiro.<\/p>\n<p>Fonte: Ag\u00eancia Brasil<\/p>\n","protected":false},"excerpt":{"rendered":"<p>A economia est\u00e1 operando com alto n\u00edvel de ociosidade dos fatores de produ\u00e7\u00e3o, como m\u00e1quinas e m\u00e3o de obra, em todas as regi\u00f5es do pa\u00eds e com\u00a0infla\u00e7\u00e3o em n\u00edveisconfort\u00e1veis. Essa \u00e9 a avalia\u00e7\u00e3o do Banco Central (BC), que divulgou nessa sexta-feira, 16, o Boletim Regional, em Porto Alegre. Segundo a publica\u00e7\u00e3o, \u201co n\u00edvel da atividade [&hellip;]<\/p>\n","protected":false},"author":96,"featured_media":146147,"comment_status":"closed","ping_status":"closed","sticky":false,"template":"","format":"standard","meta":{"footnotes":""},"categories":[436,261,439],"tags":[],"class_list":["post-146149","post","type-post","status-publish","format-standard","has-post-thumbnail","hentry","category-destaque-da-semana","category-economia","category-ultima-hora"],"_links":{"self":[{"href":"https:\/\/diarioregionaldigital.com.br\/index.php?rest_route=\/wp\/v2\/posts\/146149","targetHints":{"allow":["GET"]}}],"collection":[{"href":"https:\/\/diarioregionaldigital.com.br\/index.php?rest_route=\/wp\/v2\/posts"}],"about":[{"href":"https:\/\/diarioregionaldigital.com.br\/index.php?rest_route=\/wp\/v2\/types\/post"}],"author":[{"embeddable":true,"href":"https:\/\/diarioregionaldigital.com.br\/index.php?rest_route=\/wp\/v2\/users\/96"}],"replies":[{"embeddable":true,"href":"https:\/\/diarioregionaldigital.com.br\/index.php?rest_route=%2Fwp%2Fv2%2Fcomments&post=146149"}],"version-history":[{"count":0,"href":"https:\/\/diarioregionaldigital.com.br\/index.php?rest_route=\/wp\/v2\/posts\/146149\/revisions"}],"wp:featuredmedia":[{"embeddable":true,"href":"https:\/\/diarioregionaldigital.com.br\/index.php?rest_route=\/wp\/v2\/media\/146147"}],"wp:attachment":[{"href":"https:\/\/diarioregionaldigital.com.br\/index.php?rest_route=%2Fwp%2Fv2%2Fmedia&parent=146149"}],"wp:term":[{"taxonomy":"category","embeddable":true,"href":"https:\/\/diarioregionaldigital.com.br\/index.php?rest_route=%2Fwp%2Fv2%2Fcategories&post=146149"},{"taxonomy":"post_tag","embeddable":true,"href":"https:\/\/diarioregionaldigital.com.br\/index.php?rest_route=%2Fwp%2Fv2%2Ftags&post=146149"}],"curies":[{"name":"wp","href":"https:\/\/api.w.org\/{rel}","templated":true}]}}