{"id":146143,"date":"2019-08-17T00:30:25","date_gmt":"2019-08-17T03:30:25","guid":{"rendered":"https:\/\/diarioregionaldigital.com.br\/?p=146143"},"modified":"2019-08-17T00:30:25","modified_gmt":"2019-08-17T03:30:25","slug":"ccj-inicia-debate-sobre-reforma-tributaria-nesta-segunda","status":"publish","type":"post","link":"https:\/\/diarioregionaldigital.com.br\/?p=146143","title":{"rendered":"CCJ inicia debate sobre reforma tribut\u00e1ria nesta segunda"},"content":{"rendered":"<p>A Proposta de Emenda \u00e0 Constitui\u00e7\u00e3o\u00a0<a class=\"external-link\" href=\"https:\/\/www25.senado.leg.br\/web\/atividade\/materias\/-\/materia\/137699\">(PEC) 110\/2019<\/a>, que institui a reforma tribut\u00e1ria, come\u00e7ar\u00e1 a ser discutida na Comiss\u00e3o de Constitui\u00e7\u00e3o e Justi\u00e7a (CCJ) nesta segunda-feira (19). O requerimento para o debate \u00e9 do senador Roberto Rocha (PSDB-MA), relator da proposta na comiss\u00e3o.<\/p>\n<p>A audi\u00eancia ser\u00e1 a primeira de uma s\u00e9rie j\u00e1 anunciada pela presidente do colegiado, senadora Simone Tebet (MDB-MS). Ser\u00e3o ouvidos o ex-secret\u00e1rio da Receita Federal, Everardo Maciel; o ex-deputado federal Luiz Carlos Hauly; o diretor do Centro de Cidadania Fiscal, Bernard Appy; o diretor-executivo da Institui\u00e7\u00e3o Fiscal Independente (IFI), Felipe Salto; o deputado federal Luciano Bivar (PSL-PE) e o economista e professor Eduardo Giannetti.<\/p>\n<p>Em coletiva \u00e0 imprensa na \u00faltima sexta-feira (9), o presidente do Senado, Davi Alcolumbre, defendeu uma proposta \u00fanica de reforma tribut\u00e1ria. Atualmente, o Senado analisa a PEC 110\/2019, a C\u00e2mara dos Deputados debate proposta diferente e o governo federal estuda apresentar outro texto.<\/p>\n<p>A audi\u00eancia p\u00fablica ter\u00e1 in\u00edcio \u00e0s 14h30, no plen\u00e1rio 3, da ala Senador Alexandre Costa.<\/p>\n<p>Fonte: Ag\u00eancia Senado<\/p>\n","protected":false},"excerpt":{"rendered":"<p>A Proposta de Emenda \u00e0 Constitui\u00e7\u00e3o\u00a0(PEC) 110\/2019, que institui a reforma tribut\u00e1ria, come\u00e7ar\u00e1 a ser discutida na Comiss\u00e3o de Constitui\u00e7\u00e3o e Justi\u00e7a (CCJ) nesta segunda-feira (19). O requerimento para o debate \u00e9 do senador Roberto Rocha (PSDB-MA), relator da proposta na comiss\u00e3o. A audi\u00eancia ser\u00e1 a primeira de uma s\u00e9rie j\u00e1 anunciada pela presidente do [&hellip;]<\/p>\n","protected":false},"author":96,"featured_media":146144,"comment_status":"closed","ping_status":"closed","sticky":false,"template":"","format":"standard","meta":{"footnotes":""},"categories":[436,254,439],"tags":[],"class_list":["post-146143","post","type-post","status-publish","format-standard","has-post-thumbnail","hentry","category-destaque-da-semana","category-politica","category-ultima-hora"],"_links":{"self":[{"href":"https:\/\/diarioregionaldigital.com.br\/index.php?rest_route=\/wp\/v2\/posts\/146143","targetHints":{"allow":["GET"]}}],"collection":[{"href":"https:\/\/diarioregionaldigital.com.br\/index.php?rest_route=\/wp\/v2\/posts"}],"about":[{"href":"https:\/\/diarioregionaldigital.com.br\/index.php?rest_route=\/wp\/v2\/types\/post"}],"author":[{"embeddable":true,"href":"https:\/\/diarioregionaldigital.com.br\/index.php?rest_route=\/wp\/v2\/users\/96"}],"replies":[{"embeddable":true,"href":"https:\/\/diarioregionaldigital.com.br\/index.php?rest_route=%2Fwp%2Fv2%2Fcomments&post=146143"}],"version-history":[{"count":0,"href":"https:\/\/diarioregionaldigital.com.br\/index.php?rest_route=\/wp\/v2\/posts\/146143\/revisions"}],"wp:featuredmedia":[{"embeddable":true,"href":"https:\/\/diarioregionaldigital.com.br\/index.php?rest_route=\/wp\/v2\/media\/146144"}],"wp:attachment":[{"href":"https:\/\/diarioregionaldigital.com.br\/index.php?rest_route=%2Fwp%2Fv2%2Fmedia&parent=146143"}],"wp:term":[{"taxonomy":"category","embeddable":true,"href":"https:\/\/diarioregionaldigital.com.br\/index.php?rest_route=%2Fwp%2Fv2%2Fcategories&post=146143"},{"taxonomy":"post_tag","embeddable":true,"href":"https:\/\/diarioregionaldigital.com.br\/index.php?rest_route=%2Fwp%2Fv2%2Ftags&post=146143"}],"curies":[{"name":"wp","href":"https:\/\/api.w.org\/{rel}","templated":true}]}}