{"id":146130,"date":"2019-08-17T00:17:49","date_gmt":"2019-08-17T03:17:49","guid":{"rendered":"https:\/\/diarioregionaldigital.com.br\/?p=146130"},"modified":"2019-08-17T00:17:49","modified_gmt":"2019-08-17T03:17:49","slug":"mostra-na-biblioteca-municipal-murilo-mendes-aborda-diversidade-sexual-na-literatura","status":"publish","type":"post","link":"https:\/\/diarioregionaldigital.com.br\/?p=146130","title":{"rendered":"Mostra na Biblioteca Municipal \u201cMurilo Mendes\u201d aborda diversidade sexual na literatura"},"content":{"rendered":"<p>Dezoito publica\u00e7\u00f5es foram selecionadas para a mostra \u201cAl\u00e9m dos Livros\u201d, em cartaz no sagu\u00e3o de entrada da Biblioteca Municipal \u201cMurilo Mendes\u201d (Avenida Get\u00falio Vargas, 200 \u2013 Centro). A iniciativa, que dialoga com os eventos da \u201cRainbow Fest\u201d e da \u201cSemana Rainbow\u201d da Universidade Federal de Juiz de Fora (UFJF), tem como objetivo ampliar a reflex\u00e3o sobre liberdade sexual e mostrar como essa tem\u00e1tica transpassa a literatura.<\/p>\n<p>As obras presentes na exposi\u00e7\u00e3o foram escritas por autores estrangeiros e brasileiros, homossexuais ou n\u00e3o. \u201cS\u00e3o livros que abordam a homossexualidade como objeto de estudo ou em sua narrativa\u201d, explicou a jornalista Thais Pifano, que organizou a mostra ao lado de Daniel Rodrigues e Luiz Fernando Priamo, todos funcion\u00e1rios da Funda\u00e7\u00e3o Cultural \u201cAlfredo Ferreira Lage\u201d (Funalfa).<\/p>\n<p>Thais refor\u00e7ou a necessidade de ampliar a discuss\u00e3o sobre o tema, como estrat\u00e9gia de resist\u00eancia e de combate ao preconceito e \u00e0 viol\u00eancia: \u201cEstudos indicam que, entre 1963 e 2018, mais de oito mil pessoas LGBTs (l\u00e9sbicas, gays, bissexuais, travestis, transexuais ou transg\u00eaneros) foram assassinadas no Brasil, em raz\u00e3o da orienta\u00e7\u00e3o sexual ou da identidade de g\u00eanero. Esse n\u00famero d\u00e1 ao pa\u00eds o vergonhoso t\u00edtulo de campe\u00e3o mundial em assassinatos de homossexuais. Mais que estudar a homoafetividade, \u00e9 preciso estudar a homofobia, a agress\u00e3o, a viol\u00eancia e todos os demais preju\u00edzos que a falta de empatia, de toler\u00e2ncia e de respeito ao pr\u00f3ximo podem causar. \u00c9 para refletir sobre essas quest\u00f5es que apresentamos algumas sugest\u00f5es de leitura que abordam o tema, sob ponto de vista social ou \u00e0 luz da psicologia.\u201d<\/p>\n<p>As obras est\u00e3o dispostas em tr\u00eas expositores, decorados com tecidos que remetem \u00e0s cores do arco-\u00edris, s\u00edmbolo do orgulho LGBT: \u201cQueremos despertar nos leitores o interesse por essas publica\u00e7\u00f5es, que est\u00e3o dispon\u00edveis para empr\u00e9stimo aqui na \u2018Murilo Mendes\u2019\u201d.<\/p>\n<p>A mostra ficar\u00e1 em cartaz at\u00e9 o dia 31 de agosto, com visita\u00e7\u00e3o gratuita, de segunda a sexta-feira, das 8h15 \u00e0s 19h45.<b>\u00a0Fazem parte da mostra os seguintes t\u00edtulos:<\/b><\/p>\n<p><b>\u201cGaroto Encontra Garoto\u201d\u00a0<\/b>\u2013 David Levithan<\/p>\n<p><b>\u201cNuma Terra Estranha\u201d<\/b>\u00a0\u2013 James Baldwin<\/p>\n<p><b>\u201cGiovanni\u201d\u00a0<\/b>&#8211; James Baldwin<\/p>\n<p><b>\u201cA Inoc\u00eancia e o V\u00edcio\u201d<\/b>\u00a0\u2013 Jurandir Freire Costa<\/p>\n<p><b>\u201cO Melhor de M\u00e1rio de Andrade\u201d\u00a0<\/b>\u2013 M\u00e1rio de Andrade<\/p>\n<p><b>\u201cHist\u00f3rias da Gente Alegre\u201d<\/b>\u00a0\u2013 Jo\u00e3o do Rio<\/p>\n<p><b>\u201cOnde Andar\u00e1 Dulce Veiga?\u201d\u00a0<\/b>&#8211; Caio Fernando Abreu<\/p>\n<p><b>\u201cLily e Dunk\u201d<\/b>\u00a0\u2013 Donna Gephard<\/p>\n<p><b>\u201cWill &amp; Will\u201d<\/b>\u00a0\u2013 Jonh Green e David Levithan<\/p>\n<p><b>\u201cNa Pega\u00e7\u00e3o: Encontros Homoer\u00f3ticos Masculinos em JF\u201d\u00a0<\/b>&#8211; Verlan Valle Gaspar Neto<\/p>\n<p><b>\u201cPraticamente Normal\u201d<\/b>\u00a0\u2013 Andrew Sullivan<\/p>\n<p><b>\u201cHomossexualidade: Do Preconceito aos Padr\u00f5es de Consumo\u201d\u00a0<\/b>\u2013 Adriana Nunan<\/p>\n<p><b>\u201cMatei Porque Odeio Gay\u201d<\/b>\u00a0&#8211; Luiz Mott e Marcelo Cerqueira<\/p>\n<p><b>\u201cA Contesta\u00e7\u00e3o Homossexual\u201d\u00a0<\/b>&#8211; Guy Hocquenghem<\/p>\n<p><b>\u201cHomossexualidade Feminina\u201d\u00a0<\/b>&#8211; Frank S. Caprio<\/p>\n<p><b>\u201cDesejos Secretos\u201d\u00a0<\/b>\u2013 Ines Rieder e Diana Voigt<\/p>\n<p><b>\u201cEsfor\u00e7os do Afeto\u201d<\/b>\u00a0&#8211; Elizabeth Bishop<\/p>\n<p><b>\u201cIn\u00e9ditos e Dispersos\u201d\u00a0<\/b>\u2013 Ana Cristina Cesar<\/p>\n<p>Fonte: PJF<\/p>\n","protected":false},"excerpt":{"rendered":"<p>Dezoito publica\u00e7\u00f5es foram selecionadas para a mostra \u201cAl\u00e9m dos Livros\u201d, em cartaz no sagu\u00e3o de entrada da Biblioteca Municipal \u201cMurilo Mendes\u201d (Avenida Get\u00falio Vargas, 200 \u2013 Centro). A iniciativa, que dialoga com os eventos da \u201cRainbow Fest\u201d e da \u201cSemana Rainbow\u201d da Universidade Federal de Juiz de Fora (UFJF), tem como objetivo ampliar a reflex\u00e3o [&hellip;]<\/p>\n","protected":false},"author":96,"featured_media":146134,"comment_status":"closed","ping_status":"closed","sticky":false,"template":"","format":"standard","meta":{"footnotes":""},"categories":[253,436,439],"tags":[],"class_list":["post-146130","post","type-post","status-publish","format-standard","has-post-thumbnail","hentry","category-cidade","category-destaque-da-semana","category-ultima-hora"],"_links":{"self":[{"href":"https:\/\/diarioregionaldigital.com.br\/index.php?rest_route=\/wp\/v2\/posts\/146130","targetHints":{"allow":["GET"]}}],"collection":[{"href":"https:\/\/diarioregionaldigital.com.br\/index.php?rest_route=\/wp\/v2\/posts"}],"about":[{"href":"https:\/\/diarioregionaldigital.com.br\/index.php?rest_route=\/wp\/v2\/types\/post"}],"author":[{"embeddable":true,"href":"https:\/\/diarioregionaldigital.com.br\/index.php?rest_route=\/wp\/v2\/users\/96"}],"replies":[{"embeddable":true,"href":"https:\/\/diarioregionaldigital.com.br\/index.php?rest_route=%2Fwp%2Fv2%2Fcomments&post=146130"}],"version-history":[{"count":0,"href":"https:\/\/diarioregionaldigital.com.br\/index.php?rest_route=\/wp\/v2\/posts\/146130\/revisions"}],"wp:featuredmedia":[{"embeddable":true,"href":"https:\/\/diarioregionaldigital.com.br\/index.php?rest_route=\/wp\/v2\/media\/146134"}],"wp:attachment":[{"href":"https:\/\/diarioregionaldigital.com.br\/index.php?rest_route=%2Fwp%2Fv2%2Fmedia&parent=146130"}],"wp:term":[{"taxonomy":"category","embeddable":true,"href":"https:\/\/diarioregionaldigital.com.br\/index.php?rest_route=%2Fwp%2Fv2%2Fcategories&post=146130"},{"taxonomy":"post_tag","embeddable":true,"href":"https:\/\/diarioregionaldigital.com.br\/index.php?rest_route=%2Fwp%2Fv2%2Ftags&post=146130"}],"curies":[{"name":"wp","href":"https:\/\/api.w.org\/{rel}","templated":true}]}}