{"id":146125,"date":"2019-08-17T00:08:29","date_gmt":"2019-08-17T03:08:29","guid":{"rendered":"https:\/\/diarioregionaldigital.com.br\/?p=146125"},"modified":"2019-08-17T00:08:29","modified_gmt":"2019-08-17T03:08:29","slug":"criacao-do-fundeb-permanente-e-com-mais-verbas-volta-a-ser-discutida","status":"publish","type":"post","link":"https:\/\/diarioregionaldigital.com.br\/?p=146125","title":{"rendered":"Cria\u00e7\u00e3o do Fundeb permanente e com mais verbas volta a ser discutida"},"content":{"rendered":"<p>A Comiss\u00e3o de Educa\u00e7\u00e3o, Cultura e Esporte do Senado (CE) retoma, a partir desta ter\u00e7a-feira (20), o ciclo de audi\u00eancias p\u00fablicas sobre o Fundo de Manuten\u00e7\u00e3o e Desenvolvimento da Educa\u00e7\u00e3o B\u00e1sica (Fundeb), que dever\u00e1 deixar de existir em dezembro de 2020, como prev\u00ea a Emenda Constitucional 56, que o criou em 2006.<\/p>\n<p>A ideia \u00e9 analisar alternativas para renovar o Fundeb, focando em fontes de financiamento para torn\u00e1-lo uma pol\u00edtica p\u00fablica permanente, como anuncia o vice-presidente da CE, senador Fl\u00e1vio Arns (Rede-PR), coordenador dos debates. No requerimento para as audi\u00eancias, Arns ressalta a relev\u00e2ncia do Fundeb como principal fonte de financiamento para a educa\u00e7\u00e3o b\u00e1sica do pa\u00eds.<\/p>\n<p>&#8220;Composto principalmente por recursos de estados e munic\u00edpios, prev\u00ea-se que somente este ano [o Fundeb] movimentar\u00e1 verbas pr\u00f3ximas a R$ 160 bilh\u00f5es. O governo federal contribui com pelo menos 10% deste montante, cerca de R$ 15 bilh\u00f5es&#8221;, aponta o senador. Ele acrescenta que a cria\u00e7\u00e3o de um Fundeb permanente vem sendo discutida no Congresso atrav\u00e9s de tr\u00eas propostas de emenda \u00e0 Constitui\u00e7\u00e3o: a\u00a0<a class=\"external-link\" href=\"http:\/\/www25.senado.leg.br\/web\/atividade\/materias\/-\/materia\/119837\">PEC 15\/2015<\/a>\u00a0na C\u00e2mara dos Deputados e as PECs\u00a0<a class=\"external-link\" href=\"http:\/\/www25.senado.leg.br\/web\/atividade\/materias\/-\/materia\/135978\">33\/2019<\/a>\u00a0e<a class=\"external-link\" href=\"http:\/\/www25.senado.leg.br\/web\/atividade\/materias\/-\/materia\/136606\">\u00a065\/2019\u00a0<\/a>no Senado.<\/p>\n<h3><strong>Petr\u00f3leo, lucros e dividendos<\/strong><\/h3>\n<p>A partir das 14h de ter\u00e7a-feira, a CE receber\u00e1 especialistas voltados \u00e0 discuss\u00e3o sobre novas fontes de financiamento. Uma das vertentes do debate se d\u00e1 no incremento dos repasses de recursos provenientes da participa\u00e7\u00e3o no resultado ou da compensa\u00e7\u00e3o financeira pela explora\u00e7\u00e3o do petr\u00f3leo. Tamb\u00e9m vem sendo discutido o repasse de verbas oriundas de imposto sobre lucros e dividendos ou outras fontes tribut\u00e1rias. Para essa audi\u00eancia, est\u00e1 prevista a participa\u00e7\u00e3o do representante da Ag\u00eancia Nacional do Petr\u00f3leo (ANP)\u00a0Rubens Freitas; do auditor federal Paulo Gomes Gon\u00e7alves; e do economista Fernando Gaiger.<\/p>\n<p>Antes, na manh\u00e3 da ter\u00e7a, a partir das 9h, o foco estar\u00e1 na implementa\u00e7\u00e3o do custo aluno qualidade (CAQ). Foram convidados o ex-governador do Acre Binho Marques (PT), que \u00e9 mestre em Educa\u00e7\u00e3o na \u00e1rea de gest\u00e3o e planejamento pela Universidade Federal do Rio de Janeiro (UFRJ), al\u00e9m de ter sido consultor da ONU para a \u00e1rea da educa\u00e7\u00e3o; o professor Thiago Alves, da Universidade Federal de Goi\u00e1s (UFG), pesquisador respons\u00e1vel pelo Simulador do Custo-Aluno Qualidade (SIMCAQ); a procuradora Sandra Soares Pontes, coordenadora da Comiss\u00e3o Permanente de Educa\u00e7\u00e3o (Copeduc) do Conselho Nacional dos Procuradores-Gerais de Justi\u00e7a; e o professor Jamil Cury, da Universidade Federal de Minas Gerais (UFMG).<\/p>\n<p>Fonte: Ag\u00eancia Senado<\/p>\n","protected":false},"excerpt":{"rendered":"<p>A Comiss\u00e3o de Educa\u00e7\u00e3o, Cultura e Esporte do Senado (CE) retoma, a partir desta ter\u00e7a-feira (20), o ciclo de audi\u00eancias p\u00fablicas sobre o Fundo de Manuten\u00e7\u00e3o e Desenvolvimento da Educa\u00e7\u00e3o B\u00e1sica (Fundeb), que dever\u00e1 deixar de existir em dezembro de 2020, como prev\u00ea a Emenda Constitucional 56, que o criou em 2006. A ideia \u00e9 [&hellip;]<\/p>\n","protected":false},"author":96,"featured_media":146126,"comment_status":"closed","ping_status":"closed","sticky":false,"template":"","format":"standard","meta":{"footnotes":""},"categories":[436,254,439],"tags":[],"class_list":["post-146125","post","type-post","status-publish","format-standard","has-post-thumbnail","hentry","category-destaque-da-semana","category-politica","category-ultima-hora"],"_links":{"self":[{"href":"https:\/\/diarioregionaldigital.com.br\/index.php?rest_route=\/wp\/v2\/posts\/146125","targetHints":{"allow":["GET"]}}],"collection":[{"href":"https:\/\/diarioregionaldigital.com.br\/index.php?rest_route=\/wp\/v2\/posts"}],"about":[{"href":"https:\/\/diarioregionaldigital.com.br\/index.php?rest_route=\/wp\/v2\/types\/post"}],"author":[{"embeddable":true,"href":"https:\/\/diarioregionaldigital.com.br\/index.php?rest_route=\/wp\/v2\/users\/96"}],"replies":[{"embeddable":true,"href":"https:\/\/diarioregionaldigital.com.br\/index.php?rest_route=%2Fwp%2Fv2%2Fcomments&post=146125"}],"version-history":[{"count":0,"href":"https:\/\/diarioregionaldigital.com.br\/index.php?rest_route=\/wp\/v2\/posts\/146125\/revisions"}],"wp:featuredmedia":[{"embeddable":true,"href":"https:\/\/diarioregionaldigital.com.br\/index.php?rest_route=\/wp\/v2\/media\/146126"}],"wp:attachment":[{"href":"https:\/\/diarioregionaldigital.com.br\/index.php?rest_route=%2Fwp%2Fv2%2Fmedia&parent=146125"}],"wp:term":[{"taxonomy":"category","embeddable":true,"href":"https:\/\/diarioregionaldigital.com.br\/index.php?rest_route=%2Fwp%2Fv2%2Fcategories&post=146125"},{"taxonomy":"post_tag","embeddable":true,"href":"https:\/\/diarioregionaldigital.com.br\/index.php?rest_route=%2Fwp%2Fv2%2Ftags&post=146125"}],"curies":[{"name":"wp","href":"https:\/\/api.w.org\/{rel}","templated":true}]}}