{"id":146124,"date":"2019-08-17T00:09:50","date_gmt":"2019-08-17T03:09:50","guid":{"rendered":"https:\/\/diarioregionaldigital.com.br\/?p=146124"},"modified":"2019-08-17T00:09:50","modified_gmt":"2019-08-17T03:09:50","slug":"bem-comum-bairros-atende-regioes-leste-e-sudeste-na-proxima-semana","status":"publish","type":"post","link":"https:\/\/diarioregionaldigital.com.br\/?p=146124","title":{"rendered":"\u201cBem Comum Bairros\u201d atende regi\u00f5es leste e sudeste na pr\u00f3xima semana"},"content":{"rendered":"<p>Na pr\u00f3xima semana, o Bairro Santo Ant\u00f4nio sediar\u00e1 a terceira edi\u00e7\u00e3o do Bem Comum Bairros de 2019, atendendo os moradores das regi\u00f5es leste e sudeste da cidade. O evento ser\u00e1 realizado de segunda-feira, 19, a sexta-feira, 23, na Escola Municipal (E. M.) \u201cDante Jaime Brochado\u201d. J\u00e1 o encerramento, que acontecer\u00e1 no s\u00e1bado, 24, ser\u00e1 na Pra\u00e7a Nilo Sotto Maior. Com quase 40% dos votos,\u00a0<a href=\"https:\/\/www.pjf.mg.gov.br\/noticias\/view.php?modo=link2&amp;idnoticia2=65448\">o bairro foi escolhido por meio de vota\u00e7\u00e3o, atrav\u00e9s do aplicativo Colab<\/a>, ferramenta de promo\u00e7\u00e3o da participa\u00e7\u00e3o popular para uma gest\u00e3o democr\u00e1tica e colaborativa.<\/p>\n<p>O novo formato do projeto, promovido pela Prefeitura de Juiz de Fora (PJF), atrav\u00e9s da Secretaria de Comunica\u00e7\u00e3o P\u00fablica (Secom), em parceria com a TV Integra\u00e7\u00e3o, completa um ano neste m\u00eas, levando, durante uma semana, v\u00e1rias a\u00e7\u00f5es e servi\u00e7os \u00e0 comunidade, com a presen\u00e7a do prefeito Ant\u00f4nio Almas, que transfere seu gabinete para o local do evento, onde exerce atividades administrativas e atende \u00e0 popula\u00e7\u00e3o. Al\u00e9m disso, durante a semana, o prefeito visitar\u00e1 escolas municipais e unidades de sa\u00fade dos bairros das duas regi\u00f5es.<\/p>\n<p>Esta edi\u00e7\u00e3o tamb\u00e9m ter\u00e1 a participa\u00e7\u00e3o direta dos secret\u00e1rios municipais, que receber\u00e3o e responder\u00e3o as demandas das comunidades.<\/p>\n<p><b>Programa\u00e7\u00e3o<\/b><\/p>\n<p><b>* Segunda-feira, 19<\/b><\/p>\n<p>&#8211; Encontro com l\u00edderes comunit\u00e1rios;<\/p>\n<p>&#8211; O Departamento Municipal de Limpeza Urbana (Demlurb) promover\u00e1 \u201cGincana Ecol\u00f3gica\u201d com os alunos E.M. \u201cDante Jaime Brochado\u201d e moradores do bairros;<\/p>\n<p>&#8211; Prefeito visitar\u00e1 a E. M. \u201cVereador Raymundo Hargreaves\u201d, no Bairro Bom Jardim.<\/p>\n<p><b>* Ter\u00e7a-Feira, 20 \u2013 9 horas \u00e0s 11h30 \/ 13 \u00e0s 16 horas<\/b><br \/>\n<b>Local:<\/b>\u00a0E.M. \u201cDante Jaime Brochado\u201d<\/p>\n<p><b>\u201cDia da Seguran\u00e7a\u201d<\/b><\/p>\n<p>A\u00e7\u00f5es de educa\u00e7\u00e3o e preven\u00e7\u00e3o com a presen\u00e7a da Guarda Municipal, Secretaria de Transporte e Tr\u00e2nsito (Settra), Defesa Civil e Corpo de Bombeiros.<\/p>\n<p><b>* Quarta-feira, 21 \u2013 9 horas \u00e0s 11h30 \/ 13 \u00e0s 16 horas<\/b><br \/>\n<b>Local:<\/b>\u00a0E.M. \u201cDante Jaime Brochado\u201d<\/p>\n<p><b>\u201cDia do Conhecimento\u201d<\/b><\/p>\n<p>&#8211; Apresenta\u00e7\u00f5es da Funda\u00e7\u00e3o Cultural \u201cAlfredo Ferreira Lage\u201d (Funalfa) e Museu \u201cMariano Proc\u00f3pio\u201d, sobre pr\u00e9dios hist\u00f3ricos;<\/p>\n<p>&#8211; O Departamento Municipal de Limpeza Urbana (Demlurb) realizar\u00e1 a terceira edi\u00e7\u00e3o do projeto &#8220;Garizinho&#8221; promovendo pintura facial, a\u00e7\u00f5es de conscientiza\u00e7\u00e3o sobre bons tratos aos animais e palestras educativas;<\/p>\n<p>&#8211; Orienta\u00e7\u00f5es sobre Centro de Refer\u00eancia de Assist\u00eancia Social (Cras), Bolsa Fam\u00edlia e Cadastro \u00danico para Programas Sociais (Cad\u00danico), com a Secretaria de Desenvolvimento Social (SDS).<\/p>\n<p><b>Das 19h30 \u00e0s 21 horas:<\/b><\/p>\n<p>&#8211; Palestra antidrogas;<\/p>\n<p>&#8211; Palestra sobre a import\u00e2ncia da qualifica\u00e7\u00e3o no mercado de trabalho;<\/p>\n<p>&#8211; Orienta\u00e7\u00f5es para alimenta\u00e7\u00e3o saud\u00e1vel.<\/p>\n<p><i>* Prefeito visitar\u00e1 a Creche Comunit\u00e1ria \u201cCl\u00e9lia Gerv\u00e1sio Scafuto\u201d, no Bairro Vila Ideal, e a E. M. \u201cReynaldo de Andrade\u201d, no Vila Olavo Costa.<\/i><\/p>\n<p><b>* Quinta-feira, 22 \u2013 9 horas \u00e0s 11h30 \/ 13 \u00e0s 16 horas<\/b><br \/>\n<b>Local:<\/b>\u00a0E. M. \u201cDante Jaime Brochado\u201d<\/p>\n<p><b>\u201cDia Verde\u201d<\/b><\/p>\n<p>&#8211; Secretaria de Meio Ambiente e Ordenamento Urbano (Semaur) promover\u00e1 a\u00e7\u00f5es de preserva\u00e7\u00e3o ambiental e exposi\u00e7\u00e3o de sementes;<\/p>\n<p>&#8211; A Companhia de Saneamento Municipal (Cesama) realizar\u00e1 negocia\u00e7\u00e3o de d\u00e9bitos e cadastro de tarifa social, e orientar\u00e1 sobre a import\u00e2ncia do consumo consciente da \u00e1gua e a despolui\u00e7\u00e3o do Rio Paraibuna;<\/p>\n<p>&#8211; Apresenta\u00e7\u00e3o teatral de conscientiza\u00e7\u00e3o sobre dengue, com a Secretaria de Sa\u00fade (SS);<\/p>\n<p>&#8211; O Departamento Municipal de Limpeza Urbana (Demlurb) promover\u00e1 exposi\u00e7\u00e3o de artesanatos feitos com materiais recicl\u00e1veis;<\/p>\n<p><i>* Prefeito visitar\u00e1 a Creche Comunit\u00e1ria \u201cJos\u00e9 Gorete\u201d, no Bairro Vitorino Braga, a E. M. \u201cProfessor Irineu Guimar\u00e3es\u201d, no S\u00e3o Benedito, e a Unidade B\u00e1sica de Sa\u00fade (UBS) do Santa C\u00e2ndida.<\/i><\/p>\n<p><b>* Sexta-feira, 23 \u2013 9 horas \u00e0s 11h30 \/ 13 \u00e0s 16 horas<\/b><br \/>\n<b>Local:<\/b>\u00a0E. M. \u201cDante Jaime Brochado\u201d<\/p>\n<p><b>\u201cDia da Divers\u00e3o\u201d<\/b><\/p>\n<p>&#8211; Oficinas culturais e esportivas, com participa\u00e7\u00e3o do programa \u201cGente em Primeiro Lugar\u201d e da Secretaria de Esporte e Lazer (SEL).<\/p>\n<p><i>* O prefeito visitar\u00e1 a Unidade B\u00e1sica de Sa\u00fade (UBS) do Bairro Retiro e a E. M. \u201cOlinda de Paula Magalh\u00e3es\u201d, no Jardim Esperan\u00e7a.<\/i><\/p>\n<p><b>* S\u00e1bado, 24, 8 \u00e0s 13 horas<\/b><br \/>\n<b>Local:<\/b>\u00a0Pra\u00e7a Nilo Sotto Maior, Bairro Santo Ant\u00f4nio<\/p>\n<p><b>Encerramento do evento<\/b><br \/>\nServi\u00e7os de sa\u00fade, cuidados pessoais, shows, apresenta\u00e7\u00f5es culturais e Rua de Lazer.<\/p>\n<p>Fonte: PJF<\/p>\n","protected":false},"excerpt":{"rendered":"<p>Na pr\u00f3xima semana, o Bairro Santo Ant\u00f4nio sediar\u00e1 a terceira edi\u00e7\u00e3o do Bem Comum Bairros de 2019, atendendo os moradores das regi\u00f5es leste e sudeste da cidade. O evento ser\u00e1 realizado de segunda-feira, 19, a sexta-feira, 23, na Escola Municipal (E. M.) \u201cDante Jaime Brochado\u201d. J\u00e1 o encerramento, que acontecer\u00e1 no s\u00e1bado, 24, ser\u00e1 na [&hellip;]<\/p>\n","protected":false},"author":96,"featured_media":146128,"comment_status":"closed","ping_status":"closed","sticky":false,"template":"","format":"standard","meta":{"footnotes":""},"categories":[253,436,439],"tags":[],"class_list":["post-146124","post","type-post","status-publish","format-standard","has-post-thumbnail","hentry","category-cidade","category-destaque-da-semana","category-ultima-hora"],"_links":{"self":[{"href":"https:\/\/diarioregionaldigital.com.br\/index.php?rest_route=\/wp\/v2\/posts\/146124","targetHints":{"allow":["GET"]}}],"collection":[{"href":"https:\/\/diarioregionaldigital.com.br\/index.php?rest_route=\/wp\/v2\/posts"}],"about":[{"href":"https:\/\/diarioregionaldigital.com.br\/index.php?rest_route=\/wp\/v2\/types\/post"}],"author":[{"embeddable":true,"href":"https:\/\/diarioregionaldigital.com.br\/index.php?rest_route=\/wp\/v2\/users\/96"}],"replies":[{"embeddable":true,"href":"https:\/\/diarioregionaldigital.com.br\/index.php?rest_route=%2Fwp%2Fv2%2Fcomments&post=146124"}],"version-history":[{"count":0,"href":"https:\/\/diarioregionaldigital.com.br\/index.php?rest_route=\/wp\/v2\/posts\/146124\/revisions"}],"wp:featuredmedia":[{"embeddable":true,"href":"https:\/\/diarioregionaldigital.com.br\/index.php?rest_route=\/wp\/v2\/media\/146128"}],"wp:attachment":[{"href":"https:\/\/diarioregionaldigital.com.br\/index.php?rest_route=%2Fwp%2Fv2%2Fmedia&parent=146124"}],"wp:term":[{"taxonomy":"category","embeddable":true,"href":"https:\/\/diarioregionaldigital.com.br\/index.php?rest_route=%2Fwp%2Fv2%2Fcategories&post=146124"},{"taxonomy":"post_tag","embeddable":true,"href":"https:\/\/diarioregionaldigital.com.br\/index.php?rest_route=%2Fwp%2Fv2%2Ftags&post=146124"}],"curies":[{"name":"wp","href":"https:\/\/api.w.org\/{rel}","templated":true}]}}