{"id":146121,"date":"2019-08-17T00:05:00","date_gmt":"2019-08-17T03:05:00","guid":{"rendered":"https:\/\/diarioregionaldigital.com.br\/?p=146121"},"modified":"2019-08-17T00:05:00","modified_gmt":"2019-08-17T03:05:00","slug":"settra-autua-mais-de-50-veiculos-por-estacionamento-irregular-no-granbery","status":"publish","type":"post","link":"https:\/\/diarioregionaldigital.com.br\/?p=146121","title":{"rendered":"Settra autua mais de 50 ve\u00edculos por estacionamento irregular no Granbery"},"content":{"rendered":"<p>Agentes da Secretaria de Transportes e Tr\u00e2nsito (Settra) da Prefeitura de Juiz de Fora (PJF) autuaram 55 ve\u00edculos\u00a0por estacionamento irregular em opera\u00e7\u00e3o realizada no bairro Granbery, regi\u00e3o central da cidade. A a\u00e7\u00e3o foi realizada de segunda, 12, a quinta-feira, 15. Al\u00e9m disso, outros oito ve\u00edculos foram removidos.<\/p>\n<p>As opera\u00e7\u00f5es de fiscaliza\u00e7\u00e3o s\u00e3o realizadas em todo o munic\u00edpio, de acordo com a demanda. Est\u00e3o previstas a\u00e7\u00f5es em outras regi\u00f5es, principalmente no entorno de escolas onde se verifica grande movimento.<\/p>\n<p><b>Infra\u00e7\u00e3o<\/b><\/p>\n<p>De acordo com o C\u00f3digo de Tr\u00e2nsito Brasileiro (CTB), estacionar em local proibido \u00e9 infra\u00e7\u00e3o grave, com multa de 195,23 reais e puni\u00e7\u00e3o de cinco pontos na carteira.<\/p>\n<p><b>Servi\u00e7o de orienta\u00e7\u00e3o ao usu\u00e1rio<\/b><\/p>\n<p>Den\u00fancias, elogios ou sugest\u00f5es relacionados ao servi\u00e7o de transporte coletivo ou escolar podem ser feitos \u00e0 Settra, atrav\u00e9s do 3690-8218 ou settraatende@pjf.mg.gov.br. Em casos de flagrante, a equipe pode ser acionada atrav\u00e9s do 3690-7400.<\/p>\n","protected":false},"excerpt":{"rendered":"<p>Agentes da Secretaria de Transportes e Tr\u00e2nsito (Settra) da Prefeitura de Juiz de Fora (PJF) autuaram 55 ve\u00edculos\u00a0por estacionamento irregular em opera\u00e7\u00e3o realizada no bairro Granbery, regi\u00e3o central da cidade. A a\u00e7\u00e3o foi realizada de segunda, 12, a quinta-feira, 15. Al\u00e9m disso, outros oito ve\u00edculos foram removidos. As opera\u00e7\u00f5es de fiscaliza\u00e7\u00e3o s\u00e3o realizadas em todo [&hellip;]<\/p>\n","protected":false},"author":96,"featured_media":145385,"comment_status":"closed","ping_status":"closed","sticky":false,"template":"","format":"standard","meta":{"footnotes":""},"categories":[253,436,440,439],"tags":[],"class_list":["post-146121","post","type-post","status-publish","format-standard","has-post-thumbnail","hentry","category-cidade","category-destaque-da-semana","category-destaques-do-dia","category-ultima-hora"],"_links":{"self":[{"href":"https:\/\/diarioregionaldigital.com.br\/index.php?rest_route=\/wp\/v2\/posts\/146121","targetHints":{"allow":["GET"]}}],"collection":[{"href":"https:\/\/diarioregionaldigital.com.br\/index.php?rest_route=\/wp\/v2\/posts"}],"about":[{"href":"https:\/\/diarioregionaldigital.com.br\/index.php?rest_route=\/wp\/v2\/types\/post"}],"author":[{"embeddable":true,"href":"https:\/\/diarioregionaldigital.com.br\/index.php?rest_route=\/wp\/v2\/users\/96"}],"replies":[{"embeddable":true,"href":"https:\/\/diarioregionaldigital.com.br\/index.php?rest_route=%2Fwp%2Fv2%2Fcomments&post=146121"}],"version-history":[{"count":0,"href":"https:\/\/diarioregionaldigital.com.br\/index.php?rest_route=\/wp\/v2\/posts\/146121\/revisions"}],"wp:featuredmedia":[{"embeddable":true,"href":"https:\/\/diarioregionaldigital.com.br\/index.php?rest_route=\/wp\/v2\/media\/145385"}],"wp:attachment":[{"href":"https:\/\/diarioregionaldigital.com.br\/index.php?rest_route=%2Fwp%2Fv2%2Fmedia&parent=146121"}],"wp:term":[{"taxonomy":"category","embeddable":true,"href":"https:\/\/diarioregionaldigital.com.br\/index.php?rest_route=%2Fwp%2Fv2%2Fcategories&post=146121"},{"taxonomy":"post_tag","embeddable":true,"href":"https:\/\/diarioregionaldigital.com.br\/index.php?rest_route=%2Fwp%2Fv2%2Ftags&post=146121"}],"curies":[{"name":"wp","href":"https:\/\/api.w.org\/{rel}","templated":true}]}}