{"id":146116,"date":"2019-08-16T23:50:40","date_gmt":"2019-08-17T02:50:40","guid":{"rendered":"https:\/\/diarioregionaldigital.com.br\/?p=146116"},"modified":"2019-08-16T23:50:40","modified_gmt":"2019-08-17T02:50:40","slug":"weintraub-diz-que-recursos-de-universidades-podem-ser-desbloqueados","status":"publish","type":"post","link":"https:\/\/diarioregionaldigital.com.br\/?p=146116","title":{"rendered":"Weintraub diz que recursos de universidades podem ser desbloqueados"},"content":{"rendered":"<p>O ministro da Educa\u00e7\u00e3o, Abraham Weintraub,\u00a0disse nessa sexta-feira, 16, que o cen\u00e1rio indica a possibilidade de que os recursos contingenciados das universidades podem ser desbloqueados a partir de setembro. De acordo com o ministro, a aprova\u00e7\u00e3o da reforma da Previd\u00eancia cria um ambiente favor\u00e1vel para a retomada da atividade econ\u00f4mica e, como consequ\u00eancia, o aumento na arrecada\u00e7\u00e3o de impostos, o que aliviaria o caixa do governo, permitindo descontingenciar os recursos.<\/p>\n<p>\u201cDesde o primeiro momento a gente falou que contingenciamento n\u00e3o era corte, que a gente ia administrar uma crise herdada por governos passados na boca do caixa e que a previs\u00e3o era que, caso passasse a reforma da Previd\u00eancia, provavelmente j\u00e1 em setembro a gente teria um descontingenciamento. Simplesmente eu t\u00f4 mantendo tudo o que eu estou falando h\u00e1 120 dias\u201d, disse Weintraub.<\/p>\n<h2>Parceria<\/h2>\n<p>A afirma\u00e7\u00e3o foi feita durante coletiva do Minist\u00e9rio da Educa\u00e7\u00e3o (MEC) para falar sobre o acordo com institui\u00e7\u00f5es de ensino superior de Portugal, para que elas aceitem as notas do Exame Nacional do Ensino M\u00e9dio (Enem) como forma de sele\u00e7\u00e3o de estudantes brasileiros em seus cursos de gradua\u00e7\u00e3o.<\/p>\n<h2>Andifes<\/h2>\n<p>Nessa quinta-feira (15), o ministro se reuniu com reitores da Associa\u00e7\u00e3o Nacional dos Dirigentes das Institui\u00e7\u00f5es Federais de Ensino Superior (Andifes). Na ocasi\u00e3o, Weintraub acenou que o repasse no or\u00e7amento das universidades e institutos federais come\u00e7a a ser revertido a partir do pr\u00f3ximo m\u00eas.<\/p>\n<p>Na ocasi\u00e3o, a Andifes disse que o ministro reconheceu que a situa\u00e7\u00e3o econ\u00f4mica do pa\u00eds exigiu um contingenciamento que limitou as a\u00e7\u00f5es no MEC e nas universidades. \u201cMas disse tamb\u00e9m que a arrecada\u00e7\u00e3o melhor no m\u00eas de agosto, junto com o recebimento de dividendos por parte do governo federal, permitir\u00e1 um desbloqueio a partir do m\u00eas de setembro\u201d, disse a Andifes em nota.<\/p>\n<h2>Bloqueio<\/h2>\n<p>Em mar\u00e7o, o governo anunciou\u00a0contingenciamento\u00a0no or\u00e7amento das universidades e institutos federais de educa\u00e7\u00e3o no montante de R$ 2 bilh\u00f5es da verba prevista, o equivalente a 29,74% do total do or\u00e7amento anual. Segundo o ministro, o bloqueio da verba foi necess\u00e1rio devido \u00e0 redu\u00e7\u00e3o na previs\u00e3o de crescimento do pa\u00eds este ano. O Or\u00e7amento elaborado no ano passado previa um crescimento de 2,5% no ano, o que j\u00e1 foi descartado pelo governo. Al\u00e9m disso, com o recuo da atividade econ\u00f4mica no primeiro semestre, houve uma redu\u00e7\u00e3o na arrecada\u00e7\u00e3o.<\/p>\n<p>Fonte: Ag\u00eancia Brasil<\/p>\n","protected":false},"excerpt":{"rendered":"<p>O ministro da Educa\u00e7\u00e3o, Abraham Weintraub,\u00a0disse nessa sexta-feira, 16, que o cen\u00e1rio indica a possibilidade de que os recursos contingenciados das universidades podem ser desbloqueados a partir de setembro. De acordo com o ministro, a aprova\u00e7\u00e3o da reforma da Previd\u00eancia cria um ambiente favor\u00e1vel para a retomada da atividade econ\u00f4mica e, como consequ\u00eancia, o aumento [&hellip;]<\/p>\n","protected":false},"author":96,"featured_media":146118,"comment_status":"closed","ping_status":"closed","sticky":false,"template":"","format":"standard","meta":{"footnotes":""},"categories":[302,436,439],"tags":[],"class_list":["post-146116","post","type-post","status-publish","format-standard","has-post-thumbnail","hentry","category-brasil-mundo","category-destaque-da-semana","category-ultima-hora"],"_links":{"self":[{"href":"https:\/\/diarioregionaldigital.com.br\/index.php?rest_route=\/wp\/v2\/posts\/146116","targetHints":{"allow":["GET"]}}],"collection":[{"href":"https:\/\/diarioregionaldigital.com.br\/index.php?rest_route=\/wp\/v2\/posts"}],"about":[{"href":"https:\/\/diarioregionaldigital.com.br\/index.php?rest_route=\/wp\/v2\/types\/post"}],"author":[{"embeddable":true,"href":"https:\/\/diarioregionaldigital.com.br\/index.php?rest_route=\/wp\/v2\/users\/96"}],"replies":[{"embeddable":true,"href":"https:\/\/diarioregionaldigital.com.br\/index.php?rest_route=%2Fwp%2Fv2%2Fcomments&post=146116"}],"version-history":[{"count":0,"href":"https:\/\/diarioregionaldigital.com.br\/index.php?rest_route=\/wp\/v2\/posts\/146116\/revisions"}],"wp:featuredmedia":[{"embeddable":true,"href":"https:\/\/diarioregionaldigital.com.br\/index.php?rest_route=\/wp\/v2\/media\/146118"}],"wp:attachment":[{"href":"https:\/\/diarioregionaldigital.com.br\/index.php?rest_route=%2Fwp%2Fv2%2Fmedia&parent=146116"}],"wp:term":[{"taxonomy":"category","embeddable":true,"href":"https:\/\/diarioregionaldigital.com.br\/index.php?rest_route=%2Fwp%2Fv2%2Fcategories&post=146116"},{"taxonomy":"post_tag","embeddable":true,"href":"https:\/\/diarioregionaldigital.com.br\/index.php?rest_route=%2Fwp%2Fv2%2Ftags&post=146116"}],"curies":[{"name":"wp","href":"https:\/\/api.w.org\/{rel}","templated":true}]}}