{"id":146111,"date":"2019-08-16T23:46:25","date_gmt":"2019-08-17T02:46:25","guid":{"rendered":"https:\/\/diarioregionaldigital.com.br\/?p=146111"},"modified":"2019-08-16T23:46:25","modified_gmt":"2019-08-17T02:46:25","slug":"pgr-pede-acesso-a-inquerito-sobre-investigacao-do-caso-marielle","status":"publish","type":"post","link":"https:\/\/diarioregionaldigital.com.br\/?p=146111","title":{"rendered":"PGR pede acesso a inqu\u00e9rito sobre investiga\u00e7\u00e3o do caso Marielle"},"content":{"rendered":"<p>A procuradora-geral da Rep\u00fablica, Raquel Dodge, pediu nessa sexta-feira, 16, ao Superior Tribunal de Justi\u00e7a (STJ) c\u00f3pia do inqu\u00e9rito policial aberto no Rio de Janeiro para apurar supostas irregularidades na investiga\u00e7\u00e3o do assassinato da vereadora Marielle Franco e de seu motorista Anderson Gomes.<\/p>\n<p>Na peti\u00e7\u00e3o, Dodge explicou que o pedido de acesso \u00e9 necess\u00e1rio para analisar poss\u00edvel federaliza\u00e7\u00e3o do caso, ou seja, o deslocamento de compet\u00eancia para julgar o crime passaria da Justi\u00e7a estadual para a Justi\u00e7a Federal. Desde novembro do ano passado, a procuradoria analisa suposta tentativa de obstru\u00e7\u00e3o das investiga\u00e7\u00f5es, mas a Justi\u00e7a do Rio negou o compartilhamento de informa\u00e7\u00f5es.<\/p>\n<p>De acordo com a procuradora, o pedido de federaliza\u00e7\u00e3o &#8220;s\u00f3 pode ser analisado diante de evid\u00eancias que foram coligidas no inqu\u00e9rito instaurado para verificar se havia o desvio ou defici\u00eancia na investiga\u00e7\u00e3o&#8221;. Al\u00e9m disso, Raquel Dodge disse na manifesta\u00e7\u00e3o enviada ao STJ que h\u00e1 suspeitas do envolvimento de uma pessoa com prorrogativa de foro no tribunal na suposta obstru\u00e7\u00e3o das investiga\u00e7\u00f5es.<\/p>\n<p>Respondem pelo homic\u00eddio da vereadora os ex-policiais Ronnie Lessa (reformado) e \u00c9lcio Queiroz (expulso da Pol\u00edcia Militar). A vereadora Marielle Franco e seu motorista Anderson Gomes foram assassinados com v\u00e1rios tiros dentro do carro da parlamentar, no centro do Rio de Janeiro, em mar\u00e7o de 2018.<\/p>\n<p>Fonte: Ag\u00eancia Brasil<\/p>\n","protected":false},"excerpt":{"rendered":"<p>A procuradora-geral da Rep\u00fablica, Raquel Dodge, pediu nessa sexta-feira, 16, ao Superior Tribunal de Justi\u00e7a (STJ) c\u00f3pia do inqu\u00e9rito policial aberto no Rio de Janeiro para apurar supostas irregularidades na investiga\u00e7\u00e3o do assassinato da vereadora Marielle Franco e de seu motorista Anderson Gomes. Na peti\u00e7\u00e3o, Dodge explicou que o pedido de acesso \u00e9 necess\u00e1rio para [&hellip;]<\/p>\n","protected":false},"author":96,"featured_media":146112,"comment_status":"closed","ping_status":"closed","sticky":false,"template":"","format":"standard","meta":{"footnotes":""},"categories":[302,436,439],"tags":[],"class_list":["post-146111","post","type-post","status-publish","format-standard","has-post-thumbnail","hentry","category-brasil-mundo","category-destaque-da-semana","category-ultima-hora"],"_links":{"self":[{"href":"https:\/\/diarioregionaldigital.com.br\/index.php?rest_route=\/wp\/v2\/posts\/146111","targetHints":{"allow":["GET"]}}],"collection":[{"href":"https:\/\/diarioregionaldigital.com.br\/index.php?rest_route=\/wp\/v2\/posts"}],"about":[{"href":"https:\/\/diarioregionaldigital.com.br\/index.php?rest_route=\/wp\/v2\/types\/post"}],"author":[{"embeddable":true,"href":"https:\/\/diarioregionaldigital.com.br\/index.php?rest_route=\/wp\/v2\/users\/96"}],"replies":[{"embeddable":true,"href":"https:\/\/diarioregionaldigital.com.br\/index.php?rest_route=%2Fwp%2Fv2%2Fcomments&post=146111"}],"version-history":[{"count":0,"href":"https:\/\/diarioregionaldigital.com.br\/index.php?rest_route=\/wp\/v2\/posts\/146111\/revisions"}],"wp:featuredmedia":[{"embeddable":true,"href":"https:\/\/diarioregionaldigital.com.br\/index.php?rest_route=\/wp\/v2\/media\/146112"}],"wp:attachment":[{"href":"https:\/\/diarioregionaldigital.com.br\/index.php?rest_route=%2Fwp%2Fv2%2Fmedia&parent=146111"}],"wp:term":[{"taxonomy":"category","embeddable":true,"href":"https:\/\/diarioregionaldigital.com.br\/index.php?rest_route=%2Fwp%2Fv2%2Fcategories&post=146111"},{"taxonomy":"post_tag","embeddable":true,"href":"https:\/\/diarioregionaldigital.com.br\/index.php?rest_route=%2Fwp%2Fv2%2Ftags&post=146111"}],"curies":[{"name":"wp","href":"https:\/\/api.w.org\/{rel}","templated":true}]}}