{"id":146110,"date":"2019-08-16T23:45:20","date_gmt":"2019-08-17T02:45:20","guid":{"rendered":"https:\/\/diarioregionaldigital.com.br\/?p=146110"},"modified":"2019-08-16T23:45:20","modified_gmt":"2019-08-17T02:45:20","slug":"suspensao-de-acao-da-lava-jato-serve-so-para-um-reu-diz-gilmar-mendes","status":"publish","type":"post","link":"https:\/\/diarioregionaldigital.com.br\/?p=146110","title":{"rendered":"Suspens\u00e3o de a\u00e7\u00e3o da Lava Jato serve s\u00f3 para um r\u00e9u, diz Gilmar Mendes"},"content":{"rendered":"<p>Em nova decis\u00e3o proferida nessa sexta-feira, 16, o ministro Gilmar Mendes, do Supremo Tribunal Federal (STF), esclareceu que a\u00a0suspens\u00e3o da a\u00e7\u00e3o penal\u00a0da Opera\u00e7\u00e3o C\u00b4Est Fini, um dos desdobramentos da Lava Jato no Rio<span id=\"OBJ_PREFIX_DWT2540_com_zimbra_date\" role=\"link\">\u00a0de Janeiro<\/span>, \u00e9 v\u00e1lida somente para o r\u00e9u Lineu Castilho Martins.<\/p>\n<p>No novo despacho, Mendes esclarece que, apesar de\u00a0<span id=\"OBJ_PREFIX_DWT2541_com_zimbra_date\" role=\"link\">ter<\/span>\u00a0determinado a suspens\u00e3o da a\u00e7\u00e3o penal, na qual figuram outros r\u00e9us, como o ex-governador do Rio Sergio Cabral, a ordem deve produzir efeito somente para Lineu Castilho Martins, uma vez que foi ele quem acionou o Supremo.<\/p>\n<p>Martins foi o autor da reclama\u00e7\u00e3o ao Supremo contra o compartilhamento com o Minist\u00e9rio P\u00fablico Federal (MPF) de um Relat\u00f3rio de Intelig\u00eancia Financeira (RIF) produzido pelo Conselho de Controle de Controle de Atividades Financeiras (Coaf) sobre ele.<\/p>\n<p>Gilmar Mendes determinou que seja comunicada com urg\u00eancia ao juiz Marcelo Bretas, da 7\u00aa Vara Federal do Rio<span id=\"OBJ_PREFIX_DWT2542_com_zimbra_date\" role=\"link\">\u00a0de Janeiro<\/span>, a permiss\u00e3o para o prosseguimento normal das partes relativas aos demais r\u00e9us na a\u00e7\u00e3o penal resultante da Opera\u00e7\u00e3o C\u00b4Est Fini.<\/p>\n<h2>Decis\u00e3o<\/h2>\n<p>A decis\u00e3o do ministro de suspender parte do processo criminal tem como base\u00a0<a href=\"http:\/\/agenciabrasil.ebc.com.br\/justica\/noticia\/2019-07\/toffoli-suspende-processos-que-contem-dados-sem-autorizacao-judicial\" target=\"_blank\" rel=\"noopener\">um<\/a><span id=\"OBJ_PREFIX_DWT2543_com_zimbra_url\" role=\"link\">a liminar<\/span>\u00a0(decis\u00e3o provis\u00f3ria) concedida pelo presidente do Supremo, Dias Toffoli, em julho, que suspendeu todas as investiga\u00e7\u00f5es abertas no pa\u00eds com base em dados fiscais repassados pelo Coaf e pela Receita Federal ao Minist\u00e9rio P\u00fablico sem autoriza\u00e7\u00e3o judicial.<\/p>\n<p>Martins \u00e9 apontado como operador financeiro num esquema de desvios de verbas do Departamento Estadual de Estradas de Rodagem do Rio<span id=\"OBJ_PREFIX_DWT2544_com_zimbra_date\" role=\"link\">\u00a0de Janeiro<\/span>\u00a0(DER-RJ), alvo da C\u00b4Est Fini, opera\u00e7\u00e3o deflagrada em novembro de 2017.<\/p>\n<p>Fonte: Ag\u00eancia Brasil<\/p>\n","protected":false},"excerpt":{"rendered":"<p>Em nova decis\u00e3o proferida nessa sexta-feira, 16, o ministro Gilmar Mendes, do Supremo Tribunal Federal (STF), esclareceu que a\u00a0suspens\u00e3o da a\u00e7\u00e3o penal\u00a0da Opera\u00e7\u00e3o C\u00b4Est Fini, um dos desdobramentos da Lava Jato no Rio\u00a0de Janeiro, \u00e9 v\u00e1lida somente para o r\u00e9u Lineu Castilho Martins. No novo despacho, Mendes esclarece que, apesar de\u00a0ter\u00a0determinado a suspens\u00e3o da a\u00e7\u00e3o [&hellip;]<\/p>\n","protected":false},"author":96,"featured_media":146113,"comment_status":"closed","ping_status":"closed","sticky":false,"template":"","format":"standard","meta":{"footnotes":""},"categories":[302,436,439],"tags":[],"class_list":["post-146110","post","type-post","status-publish","format-standard","has-post-thumbnail","hentry","category-brasil-mundo","category-destaque-da-semana","category-ultima-hora"],"_links":{"self":[{"href":"https:\/\/diarioregionaldigital.com.br\/index.php?rest_route=\/wp\/v2\/posts\/146110","targetHints":{"allow":["GET"]}}],"collection":[{"href":"https:\/\/diarioregionaldigital.com.br\/index.php?rest_route=\/wp\/v2\/posts"}],"about":[{"href":"https:\/\/diarioregionaldigital.com.br\/index.php?rest_route=\/wp\/v2\/types\/post"}],"author":[{"embeddable":true,"href":"https:\/\/diarioregionaldigital.com.br\/index.php?rest_route=\/wp\/v2\/users\/96"}],"replies":[{"embeddable":true,"href":"https:\/\/diarioregionaldigital.com.br\/index.php?rest_route=%2Fwp%2Fv2%2Fcomments&post=146110"}],"version-history":[{"count":0,"href":"https:\/\/diarioregionaldigital.com.br\/index.php?rest_route=\/wp\/v2\/posts\/146110\/revisions"}],"wp:featuredmedia":[{"embeddable":true,"href":"https:\/\/diarioregionaldigital.com.br\/index.php?rest_route=\/wp\/v2\/media\/146113"}],"wp:attachment":[{"href":"https:\/\/diarioregionaldigital.com.br\/index.php?rest_route=%2Fwp%2Fv2%2Fmedia&parent=146110"}],"wp:term":[{"taxonomy":"category","embeddable":true,"href":"https:\/\/diarioregionaldigital.com.br\/index.php?rest_route=%2Fwp%2Fv2%2Fcategories&post=146110"},{"taxonomy":"post_tag","embeddable":true,"href":"https:\/\/diarioregionaldigital.com.br\/index.php?rest_route=%2Fwp%2Fv2%2Ftags&post=146110"}],"curies":[{"name":"wp","href":"https:\/\/api.w.org\/{rel}","templated":true}]}}