{"id":146101,"date":"2019-08-16T23:38:14","date_gmt":"2019-08-17T02:38:14","guid":{"rendered":"https:\/\/diarioregionaldigital.com.br\/?p=146101"},"modified":"2019-08-16T23:38:14","modified_gmt":"2019-08-17T02:38:14","slug":"bolsonaro-diz-que-brasil-vai-vencer-a-crise-economica-mundial","status":"publish","type":"post","link":"https:\/\/diarioregionaldigital.com.br\/?p=146101","title":{"rendered":"Bolsonaro diz que Brasil vai vencer a crise econ\u00f4mica mundial"},"content":{"rendered":"<p>O presidente Jair Bolsonaro disse ter convic\u00e7\u00e3o de que o Brasil vai superar os eventuais problemas que possam surgir se houver uma crise econ\u00f4mica mundial. Nesta semana, houve p\u00e2nico nos mercados financeiros de todo o planeta em meio a temores de uma nova recess\u00e3o na economia global ap\u00f3s a divulga\u00e7\u00e3o de dados econ\u00f4micos ruins na China e na Alemanha e a escalada das tens\u00f5es comerciais entre Estados Unidos e China. Com isso o\u00a0d\u00f3lar superou a barreira dos R$ 4, com alta de 1,57% na semana, e a bolsa acumulou queda de 4,03%.<\/p>\n<p>Bolsonaro citou recentes medidas que o Brasil vem adotando e disse que o governo est\u00e1 fazendo o dever de casa. \u201cPode ter certeza, se n\u00e3o tiv\u00e9ssemos tomado as medidas que tomamos, o Brasil estaria em uma situa\u00e7\u00e3o bastante complicada. Estamos fazendo o dever de casa. O Brasil estava arrebentado economicamente. Eu tenho esperan\u00e7a, o povo pode acreditar, n\u00f3s vamos vencer\u201d, disse o presidente, que est\u00e1 no munic\u00edpio de Resende, no sul fluminense, desde a noite dessa sexta-feira (16), onde participar\u00e1 da entrega de espadins aos cadetes da Academia Militar das Agulhas Negras (Aman), na manh\u00e3 deste s\u00e1bado (17).<\/p>\n<p>Perguntado sobre o projeto de abuso de autoridade, o presidente disse que ainda n\u00e3o havia lido a mat\u00e9ria, mas confirmou que haver\u00e1 veto. \u201cN\u00e3o li ainda o projeto. Segunda-feira (19) eu leio, mas que vai ter veto, vai\u201d.<\/p>\n<p>Bolsonaro falou rapidamente com a imprensa ap\u00f3s cumprir uma de suas tradi\u00e7\u00f5es quando vem a Resende, que abriga a academia militar onde ele se formou oficial. Ele parou para comer um cachorro-quente no mesmo local que frequenta desde quando era deputado federal.<\/p>\n<p>A presen\u00e7a de Bolsonaro atraiu dezenas de pessoas. Ap\u00f3s comer o cachorro-quente, ele conversou com crian\u00e7as e bateu fotos com os presentes. Apesar do tumulto em certos momentos, o esquema de seguran\u00e7a funcionou sem que houvesse nenhum tipo de situa\u00e7\u00e3o que colocasse em risco o presidente.<\/p>\n<p>O governador do Rio, Wilson Witzel, tamb\u00e9m foi at\u00e9 o\u00a0<em>food truck<\/em>\u00a0de cachorro-quente acompanhando Bolsonaro. O presidente decidiu seguir a p\u00e9 at\u00e9 o hotel de tr\u00e2nsito de oficiais da Aman, onde est\u00e1 hospedado, em um trajeto de aproximadamente 500 metros.<\/p>\n<div class=\"dnd-widget-wrapper context-cheio_8colunas type-image\">\n<div class=\"dnd-atom-rendered\">\n<figure class=\"mejs-fotoh-wrapper\"><img decoding=\"async\" class=\"img-responsive full full\" title=\"Fernando Fraz\u00e3o\/Ag\u00eancia Brasil\" src=\"http:\/\/imagens.ebc.com.br\/5lDSO3S4Y4-PLG8im1u4MkwwznM=\/754x0\/smart\/http:\/\/agenciabrasil.ebc.com.br\/sites\/default\/files\/thumbnails\/image\/bolsonaro_ffraz_abr_16081920808.jpg?itok=-vWW9jeH\" alt=\" O presidente da Rep\u00fablica, Jair Bolsonaro, come cachorro-quente no food truck Hot Dog do Senhor, em visita \u00e0 cidade de Resende. \" \/><\/figure>\n<\/div>\n<div class=\"dnd-caption-wrapper\">\n<h6 class=\"meta\">O presidente da Rep\u00fablica, Jair Bolsonaro, come cachorro-quente no food truck Hot Dog do Senhor, em visita \u00e0 cidade de Resende\u00a0&#8211;\u00a0<strong>Fernando Fraz\u00e3o\/Ag\u00eancia Brasil<\/strong><\/h6>\n<\/div>\n<\/div>\n<h2>Vendas impulsionadas por Bolsonaro<\/h2>\n<p>O dono do\u00a0<em>food truck<\/em>, \u00a0Giordani Cardoso, nascido na Baixada Fluminense e morador de Resende, onde vende cachorro-quente h\u00e1 25 anos, disse que as vendas dispararam desde que Bolsonaro foi ao local no ano passado, j\u00e1 como presidente-eleito. Segundo ele, a fama repentina trouxe novos clientes, que antes n\u00e3o conheciam o seu tempero. &#8220;Hoje vem oficial da Aman, coronel e at\u00e9 comandante&#8221;, disse. &#8220;Dobraram as vendas. Aumentou 100%&#8221;.<\/p>\n<p>Em agradecimento, Cardoso criou um cachorro-quente em homenagem a Bolsonaro, o Big Presidente, com 30 cm de salsicha ou lingui\u00e7a, catupiry, ovo de codorna e outros acompanhamentos.<\/p>\n<p>Cardoso lembra quando Bolsonaro e a primeira-dama Michele, ainda longe da fama e do poder, oito anos atr\u00e1s, frequentavam o local, que ainda era uma modesta barraquinha e n\u00e3o o potente\u00a0<em>food truck<\/em>, comprado recentemente.<\/p>\n<p>&#8220;Eles vinham at\u00e9 na chuva, ficavam ali numa mesinha. Sempre que ele vinha de S\u00e3o Paulo, tinha que entrar em Resende para comer o meu p\u00e3o com lingui\u00e7a. Ele se amarrou no meu lanche. Eu aproveitava e tirava uma foto. Porque a gente tem que conhecer o campe\u00e3o antes do p\u00f3dium&#8221;, filosofa Giordani.<\/p>\n<p>Hoje o\u00a0<em>food truck<\/em>\u00a0virou uma atra\u00e7\u00e3o na cidade. Decorado com fotos de Bolsonaro e os filhos ao seu lado, uma TV passa em loop as imagens e um v\u00eddeo de quando Bolsonaro esteve l\u00e1 e gravou um comercial, de gra\u00e7a, sobre o seu cachorro-quente.<\/p>\n<p>Com a fama, Giordani sonha em dar passos mais largos. &#8220;Agora estou pensando em abrir uma franquia. Hotdog Senhor, o preferido do presidente&#8221;, disse.<\/p>\n<p>Fonte: Ag\u00eancia Brasil<\/p>\n","protected":false},"excerpt":{"rendered":"<p>O presidente Jair Bolsonaro disse ter convic\u00e7\u00e3o de que o Brasil vai superar os eventuais problemas que possam surgir se houver uma crise econ\u00f4mica mundial. Nesta semana, houve p\u00e2nico nos mercados financeiros de todo o planeta em meio a temores de uma nova recess\u00e3o na economia global ap\u00f3s a divulga\u00e7\u00e3o de dados econ\u00f4micos ruins na [&hellip;]<\/p>\n","protected":false},"author":96,"featured_media":146104,"comment_status":"closed","ping_status":"closed","sticky":false,"template":"","format":"standard","meta":{"footnotes":""},"categories":[436,261,439],"tags":[],"class_list":["post-146101","post","type-post","status-publish","format-standard","has-post-thumbnail","hentry","category-destaque-da-semana","category-economia","category-ultima-hora"],"_links":{"self":[{"href":"https:\/\/diarioregionaldigital.com.br\/index.php?rest_route=\/wp\/v2\/posts\/146101","targetHints":{"allow":["GET"]}}],"collection":[{"href":"https:\/\/diarioregionaldigital.com.br\/index.php?rest_route=\/wp\/v2\/posts"}],"about":[{"href":"https:\/\/diarioregionaldigital.com.br\/index.php?rest_route=\/wp\/v2\/types\/post"}],"author":[{"embeddable":true,"href":"https:\/\/diarioregionaldigital.com.br\/index.php?rest_route=\/wp\/v2\/users\/96"}],"replies":[{"embeddable":true,"href":"https:\/\/diarioregionaldigital.com.br\/index.php?rest_route=%2Fwp%2Fv2%2Fcomments&post=146101"}],"version-history":[{"count":0,"href":"https:\/\/diarioregionaldigital.com.br\/index.php?rest_route=\/wp\/v2\/posts\/146101\/revisions"}],"wp:featuredmedia":[{"embeddable":true,"href":"https:\/\/diarioregionaldigital.com.br\/index.php?rest_route=\/wp\/v2\/media\/146104"}],"wp:attachment":[{"href":"https:\/\/diarioregionaldigital.com.br\/index.php?rest_route=%2Fwp%2Fv2%2Fmedia&parent=146101"}],"wp:term":[{"taxonomy":"category","embeddable":true,"href":"https:\/\/diarioregionaldigital.com.br\/index.php?rest_route=%2Fwp%2Fv2%2Fcategories&post=146101"},{"taxonomy":"post_tag","embeddable":true,"href":"https:\/\/diarioregionaldigital.com.br\/index.php?rest_route=%2Fwp%2Fv2%2Ftags&post=146101"}],"curies":[{"name":"wp","href":"https:\/\/api.w.org\/{rel}","templated":true}]}}