{"id":146097,"date":"2019-08-16T23:30:24","date_gmt":"2019-08-17T02:30:24","guid":{"rendered":"https:\/\/diarioregionaldigital.com.br\/?p=146097"},"modified":"2019-08-16T23:30:24","modified_gmt":"2019-08-17T02:30:24","slug":"maia-acredita-que-reforma-tributaria-sera-aprovada-ate-o-final-do-ano","status":"publish","type":"post","link":"https:\/\/diarioregionaldigital.com.br\/?p=146097","title":{"rendered":"Maia acredita que reforma tribut\u00e1ria ser\u00e1 aprovada at\u00e9 o final do ano"},"content":{"rendered":"<p>O presidente da C\u00e2mara dos Deputados, Rodrigo Maia, disse nessa sexta-feira, 16, que acredita que \u00e9 poss\u00edvel aprovar um projeto de reforma tribut\u00e1ria, ou no Senado ou na C\u00e2mara, at\u00e9 o final do ano. \u201cAt\u00e9 o fim do ano pelo menos [ser\u00e1 aprovado] em uma das duas casas\u201d, ressaltou em evento promovido pelo Grupo L\u00edderes Empresariais (Lide).<\/p>\n<p>O presidente da C\u00e2mara destacou, no entanto, que a mudan\u00e7a no sistema de cobran\u00e7a de impostos, que deve levar a uma unifica\u00e7\u00e3o de pelo menos parte dos tributos, n\u00e3o significa que haver\u00e1 uma redu\u00e7\u00e3o nos valores pagos atualmente. \u201cSe a cada R$ 100 do governo federal, R$ 94 \u00e9 despesa obrigat\u00f3ria, como \u00e9 que voc\u00ea vai reduzir a carga tribut\u00e1ria do governo federal? Agora, simplificar, vai gerar um grande crescimento econ\u00f4mico. Esse crescimento econ\u00f4mico vai gerar um aumento de arrecada\u00e7\u00e3o. Um aumento da contrata\u00e7\u00e3o, da gera\u00e7\u00e3o de emprego\u201d.<\/p>\n<p>Maia prev\u00ea que haver\u00e1 disputa, especialmente dos setores que s\u00e3o menos tributados, em rela\u00e7\u00e3o ao modelo de simplifica\u00e7\u00e3o que ser\u00e1 adotado. \u201cUm sistema em que alguns setores pagam impostos, e outros n\u00e3o, na hora que voc\u00ea simplifica, voc\u00ea n\u00e3o est\u00e1 s\u00f3 simplificando, voc\u00ea est\u00e1 dentro do sistema organizando para que todos paguem com a mesma regra, com a mesma al\u00edquota\u201d, disse.<\/p>\n<p>Na avalia\u00e7\u00e3o do presidente da C\u00e2mara, a reforma tribut\u00e1ria \u00e9 fundamental para consolidar os avan\u00e7os realizados com a reforma da Previd\u00eancia. \u201cO Brasil n\u00e3o vai crescer s\u00f3 com a [reforma] previdenci\u00e1ria. O Brasil precisa se modernizar. O Brasil precisa modernizar o sistema tribut\u00e1rio, da gest\u00e3o dos recursos humanos do Estado, do sistema previdenci\u00e1rio. Mais seguran\u00e7a jur\u00eddica para que a gente tenha menos demanda para o Judici\u00e1rio\u201d, disse.<\/p>\n<p>&nbsp;<\/p>\n<p>Fonte: Ag\u00eancia Brasil<\/p>\n","protected":false},"excerpt":{"rendered":"<p>O presidente da C\u00e2mara dos Deputados, Rodrigo Maia, disse nessa sexta-feira, 16, que acredita que \u00e9 poss\u00edvel aprovar um projeto de reforma tribut\u00e1ria, ou no Senado ou na C\u00e2mara, at\u00e9 o final do ano. \u201cAt\u00e9 o fim do ano pelo menos [ser\u00e1 aprovado] em uma das duas casas\u201d, ressaltou em evento promovido pelo Grupo L\u00edderes [&hellip;]<\/p>\n","protected":false},"author":96,"featured_media":145511,"comment_status":"closed","ping_status":"closed","sticky":false,"template":"","format":"standard","meta":{"footnotes":""},"categories":[436,254,439],"tags":[],"class_list":["post-146097","post","type-post","status-publish","format-standard","has-post-thumbnail","hentry","category-destaque-da-semana","category-politica","category-ultima-hora"],"_links":{"self":[{"href":"https:\/\/diarioregionaldigital.com.br\/index.php?rest_route=\/wp\/v2\/posts\/146097","targetHints":{"allow":["GET"]}}],"collection":[{"href":"https:\/\/diarioregionaldigital.com.br\/index.php?rest_route=\/wp\/v2\/posts"}],"about":[{"href":"https:\/\/diarioregionaldigital.com.br\/index.php?rest_route=\/wp\/v2\/types\/post"}],"author":[{"embeddable":true,"href":"https:\/\/diarioregionaldigital.com.br\/index.php?rest_route=\/wp\/v2\/users\/96"}],"replies":[{"embeddable":true,"href":"https:\/\/diarioregionaldigital.com.br\/index.php?rest_route=%2Fwp%2Fv2%2Fcomments&post=146097"}],"version-history":[{"count":0,"href":"https:\/\/diarioregionaldigital.com.br\/index.php?rest_route=\/wp\/v2\/posts\/146097\/revisions"}],"wp:featuredmedia":[{"embeddable":true,"href":"https:\/\/diarioregionaldigital.com.br\/index.php?rest_route=\/wp\/v2\/media\/145511"}],"wp:attachment":[{"href":"https:\/\/diarioregionaldigital.com.br\/index.php?rest_route=%2Fwp%2Fv2%2Fmedia&parent=146097"}],"wp:term":[{"taxonomy":"category","embeddable":true,"href":"https:\/\/diarioregionaldigital.com.br\/index.php?rest_route=%2Fwp%2Fv2%2Fcategories&post=146097"},{"taxonomy":"post_tag","embeddable":true,"href":"https:\/\/diarioregionaldigital.com.br\/index.php?rest_route=%2Fwp%2Fv2%2Ftags&post=146097"}],"curies":[{"name":"wp","href":"https:\/\/api.w.org\/{rel}","templated":true}]}}