{"id":146096,"date":"2019-08-16T23:31:58","date_gmt":"2019-08-17T02:31:58","guid":{"rendered":"https:\/\/diarioregionaldigital.com.br\/?p=146096"},"modified":"2019-08-16T23:31:58","modified_gmt":"2019-08-17T02:31:58","slug":"governo-lanca-projeto-para-estimular-empreendedorismo-nos-jovens","status":"publish","type":"post","link":"https:\/\/diarioregionaldigital.com.br\/?p=146096","title":{"rendered":"Governo lan\u00e7a projeto para estimular empreendedorismo nos jovens"},"content":{"rendered":"<p>A Secretaria Nacional da Juventude lan\u00e7ou nessa sexta-feira, 16, o projeto Espa\u00e7o 4.0 que vai equipar espa\u00e7os comunit\u00e1rios com ferramentas para cria\u00e7\u00e3o de projetos e trabalhos de manufatura. De acordo com a secret\u00e1ria Nacional da Juventude, Jayana Nicaretta da Silva, o objetivo \u00e9 preparar os jovens para os desafios da chamada quarta revolu\u00e7\u00e3o industrial com foco na produtividade, forma\u00e7\u00e3o de renda, emprego e no empreendedorismo da juventude.<\/p>\n<p>\u201cA nossa expectativa \u00e9 n\u00e3o impor limites. Dentro desse espa\u00e7o grandes coisas podem surgir, acreditamos que o trabalho \u00e9, sim, o melhor programa social a se oferecer\u201d, disse. \u201cQue os jovens saibam iniciar o pr\u00f3prio neg\u00f3cio, n\u00e3o como plano B, mas como op\u00e7\u00e3o n\u00famero 1 de quem quer vencer na vida\u201d, ressaltou, em cerim\u00f4nia no Pal\u00e1cio do Planalto pelo Dia Internacional da Juventude, celebrado no dia 12 de agosto.<\/p>\n<div class=\"dnd-widget-wrapper context-cheio_8colunas type-image\">\n<div class=\"dnd-atom-rendered\">\n<figure class=\"mejs-fotoh-wrapper\"><img decoding=\"async\" class=\"img-responsive full full\" title=\"Marcelo Camargo\/Ag\u00eancia Brasil\" src=\"http:\/\/imagens.ebc.com.br\/Bdbg-X1Sd6zJYqV2FvblExaehBc=\/754x0\/smart\/http:\/\/agenciabrasil.ebc.com.br\/sites\/default\/files\/thumbnails\/image\/juventude_mcmgo_abr_16081920782.jpg?itok=r5EwN1D3\" alt=\" O presidente Jair Bolsonaro e a Secret\u00e1ria Nacional da Juventude, Jayana Nicaretta, durante solenidade de Celebra\u00e7\u00e3o do Dia Internacional da Juventude, no Pal\u00e1cio do Planalto.\" \/><\/figure>\n<\/div>\n<div class=\"dnd-caption-wrapper\">\n<div class=\"meta\">O presidente Jair Bolsonaro e a Secret\u00e1ria Nacional da Juventude, Jayana Nicaretta, durante solenidade de Celebra\u00e7\u00e3o do Dia Internacional da Juventude, no Pal\u00e1cio do Planalto. &#8211;\u00a0<strong>Marcelo Camargo\/Ag\u00eancia Brasil<\/strong><\/div>\n<\/div>\n<\/div>\n<p>Para a primeira fase do projeto, 28 munic\u00edpios foram selecionados para receber os laborat\u00f3rios equipados com computadores de \u00faltima gera\u00e7\u00e3o e impressoras 3D. Por meio de conv\u00eanios, a secretaria vai repassar verbas \u00e0s prefeituras para execu\u00e7\u00e3o do projeto e garantir a capacita\u00e7\u00e3o dos profissionais indicados pelos munic\u00edpios. \u201cNesses espa\u00e7os pode se criar tudo, desde o projeto de uma casa, at\u00e9 uma escultura ou uma pr\u00f3tese\u201d, afirmou Jayana. \u201c\u00c9 uma forma de pensar o mundo e otimizar materiais e habilidade dispon\u00edveis para nossa sociedade.\u201d<\/p>\n<p>De acordo com a ministra da Mulher, da Fam\u00edlia e dos Direitos Humanos, Damares Alves, h\u00e1 mais de 500 mil vagas de trabalho na \u00e1rea de tecnologia que n\u00e3o s\u00e3o preenchidas por falta de qualifica\u00e7\u00e3o. \u201cVamos chegar aos jovens que precisam de forma\u00e7\u00e3o e capacita\u00e7\u00e3o para o mercado de trabalho, jovens que passam o dia inteiro na rede social e n\u00e3o sabem construir uma planilha no Excel\u201d, disse em seu discurso.<\/p>\n<div class=\"dnd-widget-wrapper context-cheio_8colunas type-image\">\n<div class=\"dnd-atom-rendered\">\n<figure class=\"mejs-fotoh-wrapper\"><img decoding=\"async\" class=\"img-responsive full full\" title=\"Marcelo Camargo\/Ag\u00eancia Brasil\" src=\"http:\/\/imagens.ebc.com.br\/PUxCFlnwgUkahE9jdNT5d6WEHLA=\/754x0\/smart\/http:\/\/agenciabrasil.ebc.com.br\/sites\/default\/files\/thumbnails\/image\/juventude_mcmgo_abr_16081920780.jpg?itok=ocmck8et\" alt=\" A ministra da Mulher, Fam\u00edlia e Direitos Humanos, Damares Alves, o presidente Jair Bolsonaro, o ministro da Educa\u00e7\u00e3o, Abraham Weintraub, e a Secret\u00e1ria Nacional da Juventude, Jayana Nicaretta.\" \/><\/figure>\n<\/div>\n<div class=\"dnd-caption-wrapper\">\n<div class=\"meta\">A ministra da Mulher, Fam\u00edlia e Direitos Humanos, Damares Alves, o presidente Jair Bolsonaro, o ministro da Educa\u00e7\u00e3o, Abraham Weintraub, e a Secret\u00e1ria Nacional da Juventude, Jayana Nicaretta. &#8211;\u00a0<strong>Marcelo Camargo\/Ag\u00eancia Brasil<\/strong><\/div>\n<\/div>\n<\/div>\n<p>O presidente Jair Bolsonaro criticou as pol\u00edticas assistencialistas e destacou que crian\u00e7as e jovens precisam de diretriz, disciplina e respeito \u00e0 hierarquia, por parte Estado. \u201cO que tira a juventude da mis\u00e9ria \u00e9 o conhecimento; n\u00e3o s\u00e3o programas sociais, que em alguns casos s\u00e3o necess\u00e1rios, mas n\u00e3o podemos crescer pensando nisso\u201d, disse.<\/p>\n<p>\u201cO que nosso governo precisa, e est\u00e1 implementando, s\u00e3o pol\u00edticas que visem abrir os olhos da juventude, mostrar o caminho certo, dizer que s\u00e3o respons\u00e1veis pelo seu futuro. O Estado n\u00e3o vai te atrapalhar, vai ajudar.\u201d<\/p>\n<p>Fonte: Ag\u00eancia Brasil<\/p>\n","protected":false},"excerpt":{"rendered":"<p>A Secretaria Nacional da Juventude lan\u00e7ou nessa sexta-feira, 16, o projeto Espa\u00e7o 4.0 que vai equipar espa\u00e7os comunit\u00e1rios com ferramentas para cria\u00e7\u00e3o de projetos e trabalhos de manufatura. De acordo com a secret\u00e1ria Nacional da Juventude, Jayana Nicaretta da Silva, o objetivo \u00e9 preparar os jovens para os desafios da chamada quarta revolu\u00e7\u00e3o industrial com [&hellip;]<\/p>\n","protected":false},"author":96,"featured_media":146099,"comment_status":"closed","ping_status":"closed","sticky":false,"template":"","format":"standard","meta":{"footnotes":""},"categories":[436,254,439],"tags":[],"class_list":["post-146096","post","type-post","status-publish","format-standard","has-post-thumbnail","hentry","category-destaque-da-semana","category-politica","category-ultima-hora"],"_links":{"self":[{"href":"https:\/\/diarioregionaldigital.com.br\/index.php?rest_route=\/wp\/v2\/posts\/146096","targetHints":{"allow":["GET"]}}],"collection":[{"href":"https:\/\/diarioregionaldigital.com.br\/index.php?rest_route=\/wp\/v2\/posts"}],"about":[{"href":"https:\/\/diarioregionaldigital.com.br\/index.php?rest_route=\/wp\/v2\/types\/post"}],"author":[{"embeddable":true,"href":"https:\/\/diarioregionaldigital.com.br\/index.php?rest_route=\/wp\/v2\/users\/96"}],"replies":[{"embeddable":true,"href":"https:\/\/diarioregionaldigital.com.br\/index.php?rest_route=%2Fwp%2Fv2%2Fcomments&post=146096"}],"version-history":[{"count":0,"href":"https:\/\/diarioregionaldigital.com.br\/index.php?rest_route=\/wp\/v2\/posts\/146096\/revisions"}],"wp:featuredmedia":[{"embeddable":true,"href":"https:\/\/diarioregionaldigital.com.br\/index.php?rest_route=\/wp\/v2\/media\/146099"}],"wp:attachment":[{"href":"https:\/\/diarioregionaldigital.com.br\/index.php?rest_route=%2Fwp%2Fv2%2Fmedia&parent=146096"}],"wp:term":[{"taxonomy":"category","embeddable":true,"href":"https:\/\/diarioregionaldigital.com.br\/index.php?rest_route=%2Fwp%2Fv2%2Fcategories&post=146096"},{"taxonomy":"post_tag","embeddable":true,"href":"https:\/\/diarioregionaldigital.com.br\/index.php?rest_route=%2Fwp%2Fv2%2Ftags&post=146096"}],"curies":[{"name":"wp","href":"https:\/\/api.w.org\/{rel}","templated":true}]}}