{"id":146091,"date":"2019-08-16T23:24:33","date_gmt":"2019-08-17T02:24:33","guid":{"rendered":"https:\/\/diarioregionaldigital.com.br\/?p=146091"},"modified":"2019-08-17T00:46:20","modified_gmt":"2019-08-17T03:46:20","slug":"combate-a-desigualdade-no-semiarido-sera-centralizado-em-brasilia","status":"publish","type":"post","link":"https:\/\/diarioregionaldigital.com.br\/?p=146091","title":{"rendered":"Combate \u00e0 desigualdade no semi\u00e1rido ser\u00e1 centralizado em Bras\u00edlia"},"content":{"rendered":"<p>As a\u00e7\u00f5es do Projeto Dom Helder C\u00e2mara, programa do Minist\u00e9rio da Agricultura de combate \u00e0 desigualdade no semi\u00e1rido, passar\u00e3o a ser centralizadas em Bras\u00edlia. A mudan\u00e7a consta de portaria do Minist\u00e9rio da Agricultura publicada nessa sexta-feira, 16, no\u00a0<a href=\"http:\/\/www.in.gov.br\/web\/dou\/-\/portaria-n-67-de-15-de-agosto-de-2019-210948609\" target=\"_blank\" rel=\"noopener\">Di\u00e1rio Oficial da Uni\u00e3o<\/a>.<\/p>\n<p>Antes coordenado pela extinta Secretaria Especial de Agricultura Familiar e do Desenvolvimento Agr\u00e1rio e com a sede descentralizada em Recife, o projeto agora ser\u00e1 coordenado pelo Minist\u00e9rio da Agricultura, em Bras\u00edlia.<\/p>\n<p>Atualmente, o Projeto\u00a0<span id=\"OBJ_PREFIX_DWT224_com_zimbra_date\" role=\"link\">Dom<\/span>\u00a0Helder C\u00e2mara atende a 57.486 fam\u00edlias rurais que vivem no semi\u00e1rido brasileiro em 11 estados: Alagoas, Bahia, Cear\u00e1, Maranh\u00e3o, Para\u00edba, Pernambuco, Piau\u00ed, Rio Grande do Norte e Sergipe (Nordeste), Minas Gerais e Esp\u00edrito Santo (Sudeste). Executado pela Secretaria de Agricultura Familiar e Cooperativismo do Minist\u00e9rio da Agricultura, o programa oferece assist\u00eancia t\u00e9cnica permanente aos produtores rurais de 913 munic\u00edpios que comp\u00f5em o semi\u00e1rido brasileiro.<\/p>\n<p>O projeto tem a parceria do Fundo Internacional para Desenvolvimento Agr\u00edcola (Fida) e da Ag\u00eancia Nacional de Assist\u00eancia T\u00e9cnica e Extens\u00e3o Rural (Anater). Recentemente, o Minist\u00e9rio da Agricultura assinou memorando de entendimento com o Fida, detalhando as a\u00e7\u00f5es necess\u00e1rias e os resultados do programa.<\/p>\n<p>O documento foi assinado depois de uma miss\u00e3o t\u00e9cnica do Fida visitar seis comunidades rurais na Para\u00edba e em Pernambuco e participarem de reuni\u00f5es t\u00e9cnicas em Bras\u00edlia. Previsto para acabar em 2020, o projeto pode ser estendido por mais dois anos. O memorando prev\u00ea um debate sobre a prorroga\u00e7\u00e3o das a\u00e7\u00f5es.<\/p>\n<p>A primeira fase do Projeto\u00a0<span id=\"OBJ_PREFIX_DWT225_com_zimbra_date\" role=\"link\">Dom<\/span>\u00a0Helder C\u00e2mara come\u00e7ou em 2001, sob a coordena\u00e7\u00e3o do ent\u00e3o Minist\u00e9rio do Desenvolvimento Agr\u00e1rio. Em 2010, o programa atendia a 13 mil fam\u00edlias do semi\u00e1rido nordestino. Com apoio do Plano Brasil Sem Mis\u00e9ria, coordenado pelo Minist\u00e9rio da Cidadania, o projeto assegurou para mais de 9 mil fam\u00edlias o acesso a R$ 2,4 mil para a ado\u00e7\u00e3o de projetos produtivos elaborados em conjunto com os t\u00e9cnicos da Ater.<\/p>\n<p>Fonte: Ag\u00eancia Brasil<\/p>\n","protected":false},"excerpt":{"rendered":"<p>As a\u00e7\u00f5es do Projeto Dom Helder C\u00e2mara, programa do Minist\u00e9rio da Agricultura de combate \u00e0 desigualdade no semi\u00e1rido, passar\u00e3o a ser centralizadas em Bras\u00edlia. A mudan\u00e7a consta de portaria do Minist\u00e9rio da Agricultura publicada nessa sexta-feira, 16, no\u00a0Di\u00e1rio Oficial da Uni\u00e3o. Antes coordenado pela extinta Secretaria Especial de Agricultura Familiar e do Desenvolvimento Agr\u00e1rio e [&hellip;]<\/p>\n","protected":false},"author":96,"featured_media":146093,"comment_status":"closed","ping_status":"closed","sticky":false,"template":"","format":"standard","meta":{"footnotes":""},"categories":[302,436,439],"tags":[],"class_list":["post-146091","post","type-post","status-publish","format-standard","has-post-thumbnail","hentry","category-brasil-mundo","category-destaque-da-semana","category-ultima-hora"],"_links":{"self":[{"href":"https:\/\/diarioregionaldigital.com.br\/index.php?rest_route=\/wp\/v2\/posts\/146091","targetHints":{"allow":["GET"]}}],"collection":[{"href":"https:\/\/diarioregionaldigital.com.br\/index.php?rest_route=\/wp\/v2\/posts"}],"about":[{"href":"https:\/\/diarioregionaldigital.com.br\/index.php?rest_route=\/wp\/v2\/types\/post"}],"author":[{"embeddable":true,"href":"https:\/\/diarioregionaldigital.com.br\/index.php?rest_route=\/wp\/v2\/users\/96"}],"replies":[{"embeddable":true,"href":"https:\/\/diarioregionaldigital.com.br\/index.php?rest_route=%2Fwp%2Fv2%2Fcomments&post=146091"}],"version-history":[{"count":0,"href":"https:\/\/diarioregionaldigital.com.br\/index.php?rest_route=\/wp\/v2\/posts\/146091\/revisions"}],"wp:featuredmedia":[{"embeddable":true,"href":"https:\/\/diarioregionaldigital.com.br\/index.php?rest_route=\/wp\/v2\/media\/146093"}],"wp:attachment":[{"href":"https:\/\/diarioregionaldigital.com.br\/index.php?rest_route=%2Fwp%2Fv2%2Fmedia&parent=146091"}],"wp:term":[{"taxonomy":"category","embeddable":true,"href":"https:\/\/diarioregionaldigital.com.br\/index.php?rest_route=%2Fwp%2Fv2%2Fcategories&post=146091"},{"taxonomy":"post_tag","embeddable":true,"href":"https:\/\/diarioregionaldigital.com.br\/index.php?rest_route=%2Fwp%2Fv2%2Ftags&post=146091"}],"curies":[{"name":"wp","href":"https:\/\/api.w.org\/{rel}","templated":true}]}}