{"id":145692,"date":"2019-08-10T01:29:52","date_gmt":"2019-08-10T04:29:52","guid":{"rendered":"https:\/\/diarioregionaldigital.com.br\/?p=145692"},"modified":"2019-08-10T01:29:52","modified_gmt":"2019-08-10T04:29:52","slug":"settra-autua-72-veiculos-na-avenida-itamar-franco","status":"publish","type":"post","link":"https:\/\/diarioregionaldigital.com.br\/?p=145692","title":{"rendered":"Settra autua 72 ve\u00edculos na Avenida Itamar Franco"},"content":{"rendered":"<p>Agentes da Secretaria de Transportes e Tr\u00e2nsito (Settra) autuaram cerca de 72 ve\u00edculos por estacionamento irregular em frente ao Col\u00e9gio dos Jesu\u00edtas, na Avenida Itamar Franco. Essa \u00e9 uma infra\u00e7\u00e3o grave, com multa de 195,23 reais e puni\u00e7\u00e3o de cinco pontos na carteira.<\/p>\n<p>A opera\u00e7\u00e3o teve in\u00edcio na segunda-feira, 5, e terminou nessa quinta-feira, 8. Os agentes est\u00e3o sempre empenhados nas ruas e avenidas de grande movimento, com fluxo intenso de ve\u00edculos e pedestres. As opera\u00e7\u00f5es visam a garantir a seguran\u00e7a e fluidez do tr\u00e2nsito, tanto para motoristas quanto para pedestres.<\/p>\n<p><b>A fiscaliza\u00e7\u00e3o<\/b><\/p>\n<p>O objetivo das fiscaliza\u00e7\u00f5es \u00e9 complementar as atividades de rotina desenvolvidas pelo Departamento de Fiscaliza\u00e7\u00e3o de Transportes e Tr\u00e2nsito (DFTT). Em caso de flagrante de infra\u00e7\u00f5es de tr\u00e2nsito, a equipe de agentes de fiscaliza\u00e7\u00e3o pode ser acionada atrav\u00e9s do 3690-7400. Ao longo de todo ano, a Settra realiza opera\u00e7\u00f5es em toda a cidade. J\u00e1 den\u00fancias, elogios ou sugest\u00f5es podem ser feitos \u00e0 Settra, atrav\u00e9s do 3690-8218 ou do settraatende@pjf.mg.gov.br.<\/p>\n<p>Fonte: PJF<\/p>\n","protected":false},"excerpt":{"rendered":"<p>Agentes da Secretaria de Transportes e Tr\u00e2nsito (Settra) autuaram cerca de 72 ve\u00edculos por estacionamento irregular em frente ao Col\u00e9gio dos Jesu\u00edtas, na Avenida Itamar Franco. Essa \u00e9 uma infra\u00e7\u00e3o grave, com multa de 195,23 reais e puni\u00e7\u00e3o de cinco pontos na carteira. A opera\u00e7\u00e3o teve in\u00edcio na segunda-feira, 5, e terminou nessa quinta-feira, 8. [&hellip;]<\/p>\n","protected":false},"author":96,"featured_media":145385,"comment_status":"closed","ping_status":"closed","sticky":false,"template":"","format":"standard","meta":{"footnotes":""},"categories":[253,436,440,439],"tags":[],"class_list":["post-145692","post","type-post","status-publish","format-standard","has-post-thumbnail","hentry","category-cidade","category-destaque-da-semana","category-destaques-do-dia","category-ultima-hora"],"_links":{"self":[{"href":"https:\/\/diarioregionaldigital.com.br\/index.php?rest_route=\/wp\/v2\/posts\/145692","targetHints":{"allow":["GET"]}}],"collection":[{"href":"https:\/\/diarioregionaldigital.com.br\/index.php?rest_route=\/wp\/v2\/posts"}],"about":[{"href":"https:\/\/diarioregionaldigital.com.br\/index.php?rest_route=\/wp\/v2\/types\/post"}],"author":[{"embeddable":true,"href":"https:\/\/diarioregionaldigital.com.br\/index.php?rest_route=\/wp\/v2\/users\/96"}],"replies":[{"embeddable":true,"href":"https:\/\/diarioregionaldigital.com.br\/index.php?rest_route=%2Fwp%2Fv2%2Fcomments&post=145692"}],"version-history":[{"count":0,"href":"https:\/\/diarioregionaldigital.com.br\/index.php?rest_route=\/wp\/v2\/posts\/145692\/revisions"}],"wp:featuredmedia":[{"embeddable":true,"href":"https:\/\/diarioregionaldigital.com.br\/index.php?rest_route=\/wp\/v2\/media\/145385"}],"wp:attachment":[{"href":"https:\/\/diarioregionaldigital.com.br\/index.php?rest_route=%2Fwp%2Fv2%2Fmedia&parent=145692"}],"wp:term":[{"taxonomy":"category","embeddable":true,"href":"https:\/\/diarioregionaldigital.com.br\/index.php?rest_route=%2Fwp%2Fv2%2Fcategories&post=145692"},{"taxonomy":"post_tag","embeddable":true,"href":"https:\/\/diarioregionaldigital.com.br\/index.php?rest_route=%2Fwp%2Fv2%2Ftags&post=145692"}],"curies":[{"name":"wp","href":"https:\/\/api.w.org\/{rel}","templated":true}]}}