{"id":145673,"date":"2019-08-10T01:01:48","date_gmt":"2019-08-10T04:01:48","guid":{"rendered":"https:\/\/diarioregionaldigital.com.br\/?p=145673"},"modified":"2019-08-10T01:01:48","modified_gmt":"2019-08-10T04:01:48","slug":"brasil-conquista-ouro-na-vela-no-judo-hipismo-e-atletismo-no-pan","status":"publish","type":"post","link":"https:\/\/diarioregionaldigital.com.br\/?p=145673","title":{"rendered":"Brasil conquista ouro na vela, no jud\u00f4, hipismo e atletismo no Pan"},"content":{"rendered":"<p>O Brasil conquistou medalhas de ouro na vela, no jud\u00f4, no hipismo e no atletismo nessa sexta-feira (9) nos Jogos Pan-Americanos de Lima. A delega\u00e7\u00e3o brasileira ainda pode garantir mais vit\u00f3rias, pois disputar\u00e1 todas as finais da nata\u00e7\u00e3o.<\/p>\n<h2>Medalhas na vela<\/h2>\n<p>Nesta sexta, os atletas de vela do Brasil conquistaram v\u00e1rias medalhas. As principais vieram com Patr\u00edcia Freitas, na categoria RSX, e com Marco Grael e Gabriel Borges, na 49er.<\/p>\n<p>Na RSX, Patr\u00edcia Freitas garantiu a conquista do ouro mesmo ficando na segunda posi\u00e7\u00e3o na regata de hoje. Com a soma dos resultados ela acabou o evento na lideran\u00e7a da classifica\u00e7\u00e3o geral e garantiu o tricampeonato.<\/p>\n<p>Na 49er, Marco Grael e Gabriel Borges venceram a medal race e confirmaram o ouro na prova. Eles tinham vencido 6 das 12 regatas disputadas at\u00e9 ent\u00e3o neste Pan.<\/p>\n<p>Outra conquista brasileira na vela foi a prata na Laser Standard. Bruno Fontes terminou a medal race em terceiro e garantiu a segunda posi\u00e7\u00e3o na classifica\u00e7\u00e3o geral.<\/p>\n<p>A \u00faltima medalha do dia na vela veio com Samuel Albrecht e Gabriela Nicolina, que conquistaram o bronze na Nacra 17.<\/p>\n<p>Como algumas provas n\u00e3o puderam ser completadas por raz\u00f5es clim\u00e1ticas, o Brasil deve conquistar mais medalhas na vela neste s\u00e1bado (10).<\/p>\n<div class=\"SandboxRoot env-bp-350\" data-twitter-event-id=\"0\">\n<div id=\"twitter-widget-0\" class=\"EmbeddedTweet EmbeddedTweet--cta js-clickToOpenTarget\" lang=\"pt\" data-click-to-open-target=\"https:\/\/twitter.com\/timebrasil\/status\/1160000332405100544\" data-iframe-title=\"Tweet do Twitter\" data-scribe=\"page:tweet\" data-twitter-event-id=\"4\">\n<div class=\"EmbeddedTweet-tweetContainer\">\n<div class=\"EmbeddedTweet-tweet\">\n<blockquote class=\"Tweet h-entry js-tweetIdInfo subject expanded\" cite=\"https:\/\/twitter.com\/timebrasil\/status\/1160000332405100544\" data-tweet-id=\"1160000332405100544\" data-scribe=\"section:subject\">\n<div class=\"Tweet-header\"><a class=\"TweetAuthor-avatar  Identity-avatar u-linkBlend\" href=\"https:\/\/twitter.com\/timebrasil\" data-scribe=\"element:user_link\" aria-label=\"Time Brasil (nome de tela: timebrasil)\"><img decoding=\"async\" class=\"Avatar\" src=\"https:\/\/pbs.twimg.com\/profile_images\/1144310532394115073\/ATyJOyF2_normal.png\" alt=\"\" data-scribe=\"element:avatar\" data-src-2x=\"https:\/\/pbs.twimg.com\/profile_images\/1144310532394115073\/ATyJOyF2_bigger.png\" data-src-1x=\"https:\/\/pbs.twimg.com\/profile_images\/1144310532394115073\/ATyJOyF2_normal.png\" \/><\/a><\/p>\n<div class=\"TweetAuthor js-inViewportScribingTarget\" data-scribe=\"component:author\">\n<div class=\"TweetAuthor-nameScreenNameContainer\"><span class=\"TweetAuthor-decoratedName\"><span class=\"TweetAuthor-name Identity-name customisable-highlight\" title=\"Time Brasil\" data-scribe=\"element:name\">Time Brasil<\/span><\/span><\/p>\n<div class=\"Icon Icon--verified \" title=\"Conta Verificada\" role=\"img\" aria-label=\"Conta Verificada\"><\/div>\n<p><span class=\"TweetAuthor-decoratedName\"><span class=\"TweetAuthor-verifiedBadge\" data-scribe=\"element:verified_badge\"><b class=\"u-hiddenVisually\">&#x2714;<\/b><\/span><\/span><span class=\"TweetAuthor-screenName Identity-screenName\" dir=\"ltr\" title=\"@timebrasil\" data-scribe=\"element:screen_name\">@timebrasil<\/span><\/div>\n<\/div>\n<div class=\"Tweet-brand\">\n<div class=\"Icon Icon--twitter \" title=\"Ver no Twitter\" role=\"presentation\" aria-label=\"Ver no Twitter\"><\/div>\n<\/div>\n<\/div>\n<div class=\"Tweet-body e-entry-content\" data-scribe=\"component:tweet\">\n<div class=\"Tweet-target js-inViewportScribingTarget\"><\/div>\n<p class=\"Tweet-text e-entry-title\" dir=\"ltr\" lang=\"pt\"><img decoding=\"async\" class=\"Emoji Emoji--forText\" title=\"Cloud with rain\" draggable=\"false\" src=\"https:\/\/abs.twimg.com\/emoji\/v2\/72x72\/1f327.png\" alt=\"&#x1f327;\" aria-label=\"Emoji: Cloud with rain\" \/> <img decoding=\"async\" class=\"Emoji Emoji--forText\" title=\"Cloud with rain\" draggable=\"false\" src=\"https:\/\/abs.twimg.com\/emoji\/v2\/72x72\/1f327.png\" alt=\"&#x1f327;\" aria-label=\"Emoji: Cloud with rain\" \/> <img decoding=\"async\" class=\"Emoji Emoji--forText\" title=\"Cloud with rain\" draggable=\"false\" src=\"https:\/\/abs.twimg.com\/emoji\/v2\/72x72\/1f327.png\" alt=\"&#x1f327;\" aria-label=\"Emoji: Cloud with rain\" \/> de <img decoding=\"async\" class=\"Emoji Emoji--forText\" title=\"Sports medal\" draggable=\"false\" src=\"https:\/\/abs.twimg.com\/emoji\/v2\/72x72\/1f3c5.png\" alt=\"&#x1f3c5;\" aria-label=\"Emoji: Sports medal\" \/><img decoding=\"async\" class=\"Emoji Emoji--forText\" title=\"Sports medal\" draggable=\"false\" src=\"https:\/\/abs.twimg.com\/emoji\/v2\/72x72\/1f3c5.png\" alt=\"&#x1f3c5;\" aria-label=\"Emoji: Sports medal\" \/><img decoding=\"async\" class=\"Emoji Emoji--forText\" title=\"Sports medal\" draggable=\"false\" src=\"https:\/\/abs.twimg.com\/emoji\/v2\/72x72\/1f3c5.png\" alt=\"&#x1f3c5;\" aria-label=\"Emoji: Sports medal\" \/><img decoding=\"async\" class=\"Emoji Emoji--forText\" title=\"Sports medal\" draggable=\"false\" src=\"https:\/\/abs.twimg.com\/emoji\/v2\/72x72\/1f3c5.png\" alt=\"&#x1f3c5;\" aria-label=\"Emoji: Sports medal\" \/><\/p>\n<p>Que dia da vela brasileira! <img decoding=\"async\" class=\"Emoji Emoji--forText\" title=\"Flag of Brazil\" draggable=\"false\" src=\"https:\/\/abs.twimg.com\/emoji\/v2\/72x72\/1f1e7-1f1f7.png\" alt=\"&#x1f1e7;&#x1f1f7;\" aria-label=\"Emoji: Flag of Brazil\" \/><\/p>\n<p><img decoding=\"async\" class=\"Emoji Emoji--forText\" title=\"First place medal\" draggable=\"false\" src=\"https:\/\/abs.twimg.com\/emoji\/v2\/72x72\/1f947.png\" alt=\"&#x1f947;\" aria-label=\"Emoji: First place medal\" \/>Marco Grael\/Gabriel Borges (49er)<br \/>\n<img decoding=\"async\" class=\"Emoji Emoji--forText\" title=\"First place medal\" draggable=\"false\" src=\"https:\/\/abs.twimg.com\/emoji\/v2\/72x72\/1f947.png\" alt=\"&#x1f947;\" aria-label=\"Emoji: First place medal\" \/>Patr\u00edcia Freitas (RS:X)<br \/>\n<img decoding=\"async\" class=\"Emoji Emoji--forText\" title=\"Second place medal\" draggable=\"false\" src=\"https:\/\/abs.twimg.com\/emoji\/v2\/72x72\/1f948.png\" alt=\"&#x1f948;\" aria-label=\"Emoji: Second place medal\" \/>Bruno Fontes (Laser Standard)<br \/>\n<img decoding=\"async\" class=\"Emoji Emoji--forText\" title=\"Third place medal\" draggable=\"false\" src=\"https:\/\/abs.twimg.com\/emoji\/v2\/72x72\/1f949.png\" alt=\"&#x1f949;\" aria-label=\"Emoji: Third place medal\" \/>Samuel Albrecht\/Gabriela Nicolino (Nacra 17)<\/p>\n<p><img decoding=\"async\" class=\"Emoji Emoji--forText\" title=\"Camera\" draggable=\"false\" src=\"https:\/\/abs.twimg.com\/emoji\/v2\/72x72\/1f4f7.png\" alt=\"&#x1f4f7;\" aria-label=\"Emoji: Camera\" \/>Jonne Roriz\/COB<\/p>\n<div class=\"Tweet-card\">\n<article class=\"MediaCard\n\n           customisable-border\" dir=\"ltr\" data-scribe=\"component:card\"><\/p>\n<div class=\"MediaCard-mediaContainer MediaCard--roundedTop MediaCard--roundedBottom js-cspForcedStyle\" data-scribe=\"element:photo_grid\" data-style=\"padding-bottom: 50%\">\n<div class=\"MediaCard-mediaAsset ImageGrid ImageGrid--4\"><a class=\"ImageGrid-image ImageGrid-image-0 CroppedImage CroppedImage--fillWidth\" href=\"https:\/\/twitter.com\/timebrasil\/status\/1160000332405100544\/photo\/1\"><img loading=\"lazy\" decoding=\"async\" class=\"CroppedImage-image js-cspForcedStyle\" title=\"Ver imagem no Twitter\" src=\"https:\/\/pbs.twimg.com\/media\/EBkmI5vXUAEdxOt?format=jpg&amp;name=360x360\" alt=\"Ver imagem no Twitter\" width=\"1024\" height=\"682\" data-image=\"https:\/\/pbs.twimg.com\/media\/EBkmI5vXUAEdxOt\" data-image-format=\"jpg\" data-style=\" top:-28%;\" \/><\/a><a class=\"ImageGrid-image ImageGrid-image-1 CroppedImage CroppedImage--fillWidth\" href=\"https:\/\/twitter.com\/timebrasil\/status\/1160000332405100544\/photo\/1\"><img loading=\"lazy\" decoding=\"async\" class=\"CroppedImage-image js-cspForcedStyle\" title=\"Ver imagem no Twitter\" src=\"https:\/\/pbs.twimg.com\/media\/EBkmI5yWkAYDiFz?format=jpg&amp;name=360x360\" alt=\"Ver imagem no Twitter\" width=\"1024\" height=\"684\" data-image=\"https:\/\/pbs.twimg.com\/media\/EBkmI5yWkAYDiFz\" data-image-format=\"jpg\" \/><\/a><a class=\"ImageGrid-image ImageGrid-image-2 CroppedImage CroppedImage--fillWidth\" href=\"https:\/\/twitter.com\/timebrasil\/status\/1160000332405100544\/photo\/1\"><img loading=\"lazy\" decoding=\"async\" class=\"CroppedImage-image js-cspForcedStyle\" title=\"Ver imagem no Twitter\" src=\"https:\/\/pbs.twimg.com\/media\/EBkmI54WkAE_Dec?format=jpg&amp;name=360x360\" alt=\"Ver imagem no Twitter\" width=\"948\" height=\"1024\" data-image=\"https:\/\/pbs.twimg.com\/media\/EBkmI54WkAE_Dec\" data-image-format=\"jpg\" data-style=\" top:-4%;\" \/><\/a><a class=\"ImageGrid-image ImageGrid-image-3 CroppedImage CroppedImage--fillWidth\" href=\"https:\/\/twitter.com\/timebrasil\/status\/1160000332405100544\/photo\/1\"><img loading=\"lazy\" decoding=\"async\" class=\"CroppedImage-image js-cspForcedStyle\" title=\"Ver imagem no Twitter\" src=\"https:\/\/pbs.twimg.com\/media\/EBkmI5zW4AAold3?format=jpg&amp;name=360x360\" alt=\"Ver imagem no Twitter\" width=\"1024\" height=\"682\" data-image=\"https:\/\/pbs.twimg.com\/media\/EBkmI5zW4AAold3\" data-image-format=\"jpg\" data-style=\" top:-16%;\" \/><\/a><\/div>\n<\/div>\n<\/article>\n<\/div>\n<div class=\"TweetInfo\">\n<div class=\"TweetInfo-like\">\n<div data-scribe=\"element:heart\">\n<div class=\"Icon Icon--heart \" title=\"Curtiu\" role=\"img\" aria-label=\"Curtiu\"><\/div>\n<\/div>\n<p><a class=\"TweetInfo-heart\" title=\"Curtiu\" href=\"https:\/\/twitter.com\/intent\/like?tweet_id=1160000332405100544\" data-scribe=\"component:actions\"><span class=\"TweetInfo-heartStat\" data-scribe=\"element:heart_count\">330<\/span><\/a><\/div>\n<div class=\"TweetInfo-timeGeo\"><a class=\"u-linkBlend u-url customisable-highlight long-permalink\" href=\"https:\/\/twitter.com\/timebrasil\/status\/1160000332405100544\" data-datetime=\"2019-08-10T01:30:05+0000\" data-scribe=\"element:full_timestamp\"><time class=\"dt-updated\" title=\"Hor\u00e1rio da publica\u00e7\u00e3o: 10 de agosto de 2019 01:30:05 (UTC)\" datetime=\"2019-08-10T01:30:05+0000\">22:30 &#8211; 9 de ago de 2019<\/time><\/a><\/div>\n<div class=\"tweet-InformationCircle\" data-scribe=\"element:notice\"><a class=\"Icon Icon--informationCircleWhite js-inViewportScribingTarget\" title=\"Informa\u00e7\u00f5es e privacidade no Twitter Ads\" href=\"https:\/\/support.twitter.com\/articles\/20175256\"><span class=\"u-hiddenVisually\">Informa\u00e7\u00f5es e privacidade no Twitter Ads<\/span><\/a><\/div>\n<\/div>\n<\/div>\n<\/blockquote>\n<\/div>\n<div class=\"CallToAction-icon\" data-scribe=\"element:conversation_icon\">\n<div class=\"Icon Icon--replyCTA \" title=\"Ver a conversa no Twitter\" role=\"img\" aria-label=\"Ver a conversa no Twitter\"><\/div>\n<\/div>\n<div class=\"CallToAction-text\" data-scribe=\"element:conversation_text\">55 pessoas est\u00e3o falando sobre isso<\/div>\n<div class=\"CallToAction-chevron\" data-scribe=\"element:cta_chevron\">\n<div class=\"Icon Icon--chevronRightCTA \" title=\"Ver no Twitter\" role=\"img\" aria-label=\"Ver no Twitter\"><\/div>\n<\/div>\n<\/div>\n<\/div>\n<div class=\"resize-sensor\">\n<div class=\"resize-sensor-expand\">\n<div><\/div>\n<\/div>\n<div class=\"resize-sensor-shrink\">\n<div><\/div>\n<\/div>\n<\/div>\n<\/div>\n<h2>Jud\u00f4<\/h2>\n<p>No jud\u00f4, o destaque foi a conquista da campe\u00e3 ol\u00edmpica Rafaela Silva na categoria at\u00e9 57 kg. Para garantir o ouro Rafaela derrotou, por ippon na final, a dominicana Ana Rosa.<\/p>\n<p>Daniel Cagnin obteve outra medalha no jud\u00f4. Ele ficou com a prata na categoria at\u00e9 66 kg ap\u00f3s ser derrotado na decis\u00e3o por Wander Mateo, da Rep\u00fablica Dominicana. A terceira medalha do dia foi o bronze de Jeferson Santos J\u00fanior na categoria at\u00e9 73 kg.<\/p>\n<h2>Hipismo<\/h2>\n<p>O Brasil garantiu mais uma medalha de ouro no hipismo nesta edi\u00e7\u00e3o do Pan. A conquista veio com Marlon Zanotelli na prova individual de saltos. Uma medalha in\u00e9dita.<\/p>\n<h2>Medalhas no atletismo<\/h2>\n<p>O Brasil teve um dia de conquistas no atletismo. A primeira foi protagonizada por Ederson Vilela na prova dos 10 mil metros. Ele completou a corrida com o tempo de 28min27s44, a melhor marca da carreira, para ficar com o ouro. O segundo colocado foi o norte-americano Reid Buchanan e o terceiro Lawi Lalang, tamb\u00e9m dos EUA.<\/p>\n<p>Outro ouro veio na prova do revezamento 4&#215;100 metros feminino. Com o tempo de 43s04, Andressa Fidelis, Vit\u00f3ria Rosa, Lorraine Martins e Rosangela Santos conseguiram terminar a prova em primeiro. Canad\u00e1 ficou com a prata e Estados Unidos com o bronze.<\/p>\n<p>Tamb\u00e9m no masculino o Brasil foi ouro no revezamento 4&#215;100 metros. Rodrigo Nascimento, Jorge Henrique Vides, Derick Souza e Paulo Andr\u00e9 Oliveira superaram as equipes de Trinidad e Tobago (prata) e dos Estados Unidos (bronze).<\/p>\n<p>Na prova dos 200 metros rasos Vit\u00f3ria Rosa garantiu a prata. A brasileira, que j\u00e1 havia conquistado um bronze nos 100 metros rasos, completou a prova de hoje em 22s62, ficando atr\u00e1s da campe\u00e3 ol\u00edmpica Shelly-Ann Fraser-Price, da Jamaica, que conseguiu o tempo de 22s43.<\/p>\n<div class=\"SandboxRoot env-bp-350\" data-twitter-event-id=\"1\">\n<div id=\"twitter-widget-1\" class=\"EmbeddedTweet EmbeddedTweet--cta js-clickToOpenTarget\" lang=\"pt\" data-click-to-open-target=\"https:\/\/twitter.com\/timebrasil\/status\/1159988485111066624\" data-iframe-title=\"Tweet do Twitter\" data-scribe=\"page:tweet\" data-twitter-event-id=\"5\">\n<div class=\"EmbeddedTweet-tweetContainer\">\n<div class=\"EmbeddedTweet-tweet\">\n<blockquote class=\"Tweet h-entry js-tweetIdInfo subject expanded\" cite=\"https:\/\/twitter.com\/timebrasil\/status\/1159988485111066624\" data-tweet-id=\"1159988485111066624\" data-scribe=\"section:subject\">\n<div class=\"Tweet-header\"><a class=\"TweetAuthor-avatar  Identity-avatar u-linkBlend\" href=\"https:\/\/twitter.com\/timebrasil\" data-scribe=\"element:user_link\" aria-label=\"Time Brasil (nome de tela: timebrasil)\"><img decoding=\"async\" class=\"Avatar\" src=\"https:\/\/pbs.twimg.com\/profile_images\/1144310532394115073\/ATyJOyF2_normal.png\" alt=\"\" data-scribe=\"element:avatar\" data-src-2x=\"https:\/\/pbs.twimg.com\/profile_images\/1144310532394115073\/ATyJOyF2_bigger.png\" data-src-1x=\"https:\/\/pbs.twimg.com\/profile_images\/1144310532394115073\/ATyJOyF2_normal.png\" \/><\/a><\/p>\n<div class=\"TweetAuthor js-inViewportScribingTarget\" data-scribe=\"component:author\">\n<div class=\"TweetAuthor-nameScreenNameContainer\"><span class=\"TweetAuthor-decoratedName\"><span class=\"TweetAuthor-name Identity-name customisable-highlight\" title=\"Time Brasil\" data-scribe=\"element:name\">Time Brasil<\/span><\/span><\/p>\n<div class=\"Icon Icon--verified \" title=\"Conta Verificada\" role=\"img\" aria-label=\"Conta Verificada\"><\/div>\n<p><span class=\"TweetAuthor-decoratedName\"><span class=\"TweetAuthor-verifiedBadge\" data-scribe=\"element:verified_badge\"><b class=\"u-hiddenVisually\">&#x2714;<\/b><\/span><\/span><span class=\"TweetAuthor-screenName Identity-screenName\" dir=\"ltr\" title=\"@timebrasil\" data-scribe=\"element:screen_name\">@timebrasil<\/span><\/div>\n<\/div>\n<div class=\"Tweet-brand\">\n<div class=\"Icon Icon--twitter \" title=\"Ver no Twitter\" role=\"presentation\" aria-label=\"Ver no Twitter\"><\/div>\n<\/div>\n<\/div>\n<div class=\"Tweet-body e-entry-content\" data-scribe=\"component:tweet\">\n<div class=\"Tweet-target js-inViewportScribingTarget\"><\/div>\n<p class=\"Tweet-text e-entry-title\" dir=\"ltr\" lang=\"pt\">REVEZAMENTOS DE OURO! <img decoding=\"async\" class=\"Emoji Emoji--forText\" title=\"Flag of Brazil\" draggable=\"false\" src=\"https:\/\/abs.twimg.com\/emoji\/v2\/72x72\/1f1e7-1f1f7.png\" alt=\"&#x1f1e7;&#x1f1f7;\" aria-label=\"Emoji: Flag of Brazil\" \/><\/p>\n<p><img decoding=\"async\" class=\"Emoji Emoji--forText\" title=\"First place medal\" draggable=\"false\" src=\"https:\/\/abs.twimg.com\/emoji\/v2\/72x72\/1f947.png\" alt=\"&#x1f947;\" aria-label=\"Emoji: First place medal\" \/>Paulo Andr\u00e9, Rodrigo Nascimento, Derick de Souza e Jorge Vides: 38.27<\/p>\n<p><img decoding=\"async\" class=\"Emoji Emoji--forText\" title=\"First place medal\" draggable=\"false\" src=\"https:\/\/abs.twimg.com\/emoji\/v2\/72x72\/1f947.png\" alt=\"&#x1f947;\" aria-label=\"Emoji: First place medal\" \/>Vit\u00f3ria Rosa, Rosangela Santos, Lorraine Martins e Andressa Fidelis: 43.04<\/p>\n<p><img decoding=\"async\" class=\"Emoji Emoji--forText\" title=\"Camera\" draggable=\"false\" src=\"https:\/\/abs.twimg.com\/emoji\/v2\/72x72\/1f4f7.png\" alt=\"&#x1f4f7;\" aria-label=\"Emoji: Camera\" \/>Alexandre Loureiro\/COB<\/p>\n<div class=\"Tweet-card\">\n<article class=\"MediaCard\n\n           customisable-border\" dir=\"ltr\" data-scribe=\"component:card\"><\/p>\n<div class=\"MediaCard-mediaContainer MediaCard--roundedTop MediaCard--roundedBottom js-cspForcedStyle\" data-scribe=\"element:photo_grid\" data-style=\"padding-bottom: 50%\">\n<div class=\"MediaCard-mediaAsset ImageGrid ImageGrid--2\"><a class=\"ImageGrid-image ImageGrid-image-0 CroppedImage CroppedImage--fillHeight\" href=\"https:\/\/twitter.com\/timebrasil\/status\/1159988485111066624\/photo\/1\"><img loading=\"lazy\" decoding=\"async\" class=\"CroppedImage-image js-cspForcedStyle\" title=\"Ver imagem no Twitter\" src=\"https:\/\/pbs.twimg.com\/media\/EBkbX1uX4AE5T8x?format=jpg&amp;name=360x360\" alt=\"Ver imagem no Twitter\" width=\"1024\" height=\"681\" data-image=\"https:\/\/pbs.twimg.com\/media\/EBkbX1uX4AE5T8x\" data-image-format=\"jpg\" data-style=\"left:-23%;\" \/><\/a><a class=\"ImageGrid-image ImageGrid-image-1 CroppedImage CroppedImage--fillHeight\" href=\"https:\/\/twitter.com\/timebrasil\/status\/1159988485111066624\/photo\/1\"><img loading=\"lazy\" decoding=\"async\" class=\"CroppedImage-image js-cspForcedStyle\" title=\"Ver imagem no Twitter\" src=\"https:\/\/pbs.twimg.com\/media\/EBkbX1oXYAEaqzg?format=jpg&amp;name=360x360\" alt=\"Ver imagem no Twitter\" width=\"1024\" height=\"681\" data-image=\"https:\/\/pbs.twimg.com\/media\/EBkbX1oXYAEaqzg\" data-image-format=\"jpg\" data-style=\"left:-26%;\" \/><\/a><\/div>\n<\/div>\n<\/article>\n<\/div>\n<div class=\"TweetInfo\">\n<div class=\"TweetInfo-like\">\n<div data-scribe=\"element:heart\">\n<div class=\"Icon Icon--heart \" title=\"Curtiu\" role=\"img\" aria-label=\"Curtiu\"><\/div>\n<\/div>\n<p><a class=\"TweetInfo-heart\" title=\"Curtiu\" href=\"https:\/\/twitter.com\/intent\/like?tweet_id=1159988485111066624\" data-scribe=\"component:actions\"><span class=\"TweetInfo-heartStat\" data-scribe=\"element:heart_count\">655<\/span><\/a><\/div>\n<div class=\"TweetInfo-timeGeo\"><a class=\"u-linkBlend u-url customisable-highlight long-permalink\" href=\"https:\/\/twitter.com\/timebrasil\/status\/1159988485111066624\" data-datetime=\"2019-08-10T00:43:01+0000\" data-scribe=\"element:full_timestamp\"><time class=\"dt-updated\" title=\"Hor\u00e1rio da publica\u00e7\u00e3o: 10 de agosto de 2019 00:43:01 (UTC)\" datetime=\"2019-08-10T00:43:01+0000\">21:43 &#8211; 9 de ago de 2019<\/time><\/a><\/div>\n<div class=\"tweet-InformationCircle\" data-scribe=\"element:notice\"><a class=\"Icon Icon--informationCircleWhite js-inViewportScribingTarget\" title=\"Informa\u00e7\u00f5es e privacidade no Twitter Ads\" href=\"https:\/\/support.twitter.com\/articles\/20175256\"><span class=\"u-hiddenVisually\">Informa\u00e7\u00f5es e privacidade no Twitter Ads<\/span><\/a><\/div>\n<\/div>\n<\/div>\n<\/blockquote>\n<\/div>\n<div class=\"CallToAction-icon\" data-scribe=\"element:conversation_icon\">\n<div class=\"Icon Icon--replyCTA \" title=\"Ver a conversa no Twitter\" role=\"img\" aria-label=\"Ver a conversa no Twitter\"><\/div>\n<\/div>\n<div class=\"CallToAction-text\" data-scribe=\"element:conversation_text\">189 pessoas est\u00e3o falando sobre isso<\/div>\n<div class=\"CallToAction-chevron\" data-scribe=\"element:cta_chevron\">\n<div class=\"Icon Icon--chevronRightCTA \" title=\"Ver no Twitter\" role=\"img\" aria-label=\"Ver no Twitter\"><\/div>\n<\/div>\n<\/div>\n<\/div>\n<div class=\"resize-sensor\">\n<div class=\"resize-sensor-expand\">\n<div><\/div>\n<\/div>\n<div class=\"resize-sensor-shrink\">\n<div><\/div>\n<\/div>\n<\/div>\n<\/div>\n<h2>Pratas no Ciclismo BMX e no remo<\/h2>\n<p>No ciclismo BMX o Brasil garantiu duas medalhas de prata. No masculino Anderson Ezequiel ficou atr\u00e1s apenas do equatoriano Alfredo Campo, e no feminino Paola Reis perdeu apenas para a bicampe\u00e3 ol\u00edmpica Mariana Pajon, da Col\u00f4mbia.<\/p>\n<p>Outra prata do dia veio do remo. Xavier Vela Maggi e Pau Vela Maggi, que s\u00e3o irm\u00e3os e espanh\u00f3is de nascimento, completaram a prova da categoria dois sem em 6min34s38, ficando atr\u00e1s do Chile.<\/p>\n<h2>Luta e pelota basca<\/h2>\n<p>O Brasil tamb\u00e9m conquistou medalhas na luta. Na categoria at\u00e9 76 kg, Aline Silva foi superada na final pela canadense Justina Di Stasio e ficou com a prata.<\/p>\n<p>A outra medalha veio com La\u00eds Nunes na categoria at\u00e9 62 kg. Ela derrotou a venezuelana Nathali Griman na disputa pelo terceiro lugar e ficou com o bronze.<\/p>\n<p>Mas a medalha mais curiosa do dia veio em uma modalidade pouco conhecida no Brasil, a pelota basca. O franc\u00eas naturalizado brasileiro Felipe Otheguy superou o boliviano Josias Bazo para garantir o bronze, a primeira medalha brasileira na modalidade.<\/p>\n<div class=\"SandboxRoot env-bp-350\" data-twitter-event-id=\"2\">\n<div id=\"twitter-widget-2\" class=\"EmbeddedTweet EmbeddedTweet--cta js-clickToOpenTarget\" lang=\"pt\" data-click-to-open-target=\"https:\/\/twitter.com\/timebrasil\/status\/1159853296389148672\" data-iframe-title=\"Tweet do Twitter\" data-scribe=\"page:tweet\" data-twitter-event-id=\"6\">\n<div class=\"EmbeddedTweet-tweetContainer\">\n<div class=\"EmbeddedTweet-tweet\">\n<blockquote class=\"Tweet h-entry js-tweetIdInfo subject expanded\" cite=\"https:\/\/twitter.com\/timebrasil\/status\/1159853296389148672\" data-tweet-id=\"1159853296389148672\" data-scribe=\"section:subject\">\n<div class=\"Tweet-header\"><a class=\"TweetAuthor-avatar  Identity-avatar u-linkBlend\" href=\"https:\/\/twitter.com\/timebrasil\" data-scribe=\"element:user_link\" aria-label=\"Time Brasil (nome de tela: timebrasil)\"><img decoding=\"async\" class=\"Avatar\" src=\"https:\/\/pbs.twimg.com\/profile_images\/1144310532394115073\/ATyJOyF2_normal.png\" alt=\"\" data-scribe=\"element:avatar\" data-src-2x=\"https:\/\/pbs.twimg.com\/profile_images\/1144310532394115073\/ATyJOyF2_bigger.png\" data-src-1x=\"https:\/\/pbs.twimg.com\/profile_images\/1144310532394115073\/ATyJOyF2_normal.png\" \/><\/a><\/p>\n<div class=\"TweetAuthor js-inViewportScribingTarget\" data-scribe=\"component:author\">\n<div class=\"TweetAuthor-nameScreenNameContainer\"><span class=\"TweetAuthor-decoratedName\"><span class=\"TweetAuthor-name Identity-name customisable-highlight\" title=\"Time Brasil\" data-scribe=\"element:name\">Time Brasil<\/span><\/span><\/p>\n<div class=\"Icon Icon--verified \" title=\"Conta Verificada\" role=\"img\" aria-label=\"Conta Verificada\"><\/div>\n<p><span class=\"TweetAuthor-decoratedName\"><span class=\"TweetAuthor-verifiedBadge\" data-scribe=\"element:verified_badge\"><b class=\"u-hiddenVisually\">&#x2714;<\/b><\/span><\/span><span class=\"TweetAuthor-screenName Identity-screenName\" dir=\"ltr\" title=\"@timebrasil\" data-scribe=\"element:screen_name\">@timebrasil<\/span><\/div>\n<\/div>\n<div class=\"Tweet-brand\">\n<div class=\"Icon Icon--twitter \" title=\"Ver no Twitter\" role=\"presentation\" aria-label=\"Ver no Twitter\"><\/div>\n<\/div>\n<\/div>\n<div class=\"Tweet-body e-entry-content\" data-scribe=\"component:tweet\">\n<div class=\"Tweet-target js-inViewportScribingTarget\"><\/div>\n<p class=\"Tweet-text e-entry-title\" dir=\"ltr\" lang=\"pt\">\u00c9 BROOOOOONZE! <img decoding=\"async\" class=\"Emoji Emoji--forText\" title=\"Third place medal\" draggable=\"false\" src=\"https:\/\/abs.twimg.com\/emoji\/v2\/72x72\/1f949.png\" alt=\"&#x1f949;\" aria-label=\"Emoji: Third place medal\" \/><\/p>\n<p>A primeira da hist\u00f3ria do <img decoding=\"async\" class=\"Emoji Emoji--forText\" title=\"Flag of Brazil\" draggable=\"false\" src=\"https:\/\/abs.twimg.com\/emoji\/v2\/72x72\/1f1e7-1f1f7.png\" alt=\"&#x1f1e7;&#x1f1f7;\" aria-label=\"Emoji: Flag of Brazil\" \/> na pelota basca.<\/p>\n<p>Filipe Otheguy \u00e9 o nome dele!<\/p>\n<p><img decoding=\"async\" class=\"Emoji Emoji--forText\" title=\"Flag of Brazil\" draggable=\"false\" src=\"https:\/\/abs.twimg.com\/emoji\/v2\/72x72\/1f1e7-1f1f7.png\" alt=\"&#x1f1e7;&#x1f1f7;\" aria-label=\"Emoji: Flag of Brazil\" \/> 2 x 0 <img decoding=\"async\" class=\"Emoji Emoji--forText\" title=\"Flag of Bolivia\" draggable=\"false\" src=\"https:\/\/abs.twimg.com\/emoji\/v2\/72x72\/1f1e7-1f1f4.png\" alt=\"&#x1f1e7;&#x1f1f4;\" aria-label=\"Emoji: Flag of Bolivia\" \/><br \/>\n10\/6 e 10\/3<\/p>\n<p><img decoding=\"async\" class=\"Emoji Emoji--forText\" title=\"Camera\" draggable=\"false\" src=\"https:\/\/abs.twimg.com\/emoji\/v2\/72x72\/1f4f7.png\" alt=\"&#x1f4f7;\" aria-label=\"Emoji: Camera\" \/>Washington Alves\/COB<\/p>\n<div class=\"Tweet-card\">\n<article class=\"MediaCard\n\n           customisable-border\" dir=\"ltr\" data-scribe=\"component:card\"><\/p>\n<div class=\"MediaCard-media\" data-scribe=\"element:photo\">\n<div class=\"MediaCard-widthConstraint js-cspForcedStyle\" data-style=\"max-width: 1024px\">\n<div class=\"MediaCard-mediaContainer js-cspForcedStyle MediaCard--roundedTop MediaCard--roundedBottom\" data-style=\"padding-bottom: 65.4297%\"><a class=\"MediaCard-mediaAsset NaturalImage\" href=\"https:\/\/twitter.com\/timebrasil\/status\/1159853296389148672\/photo\/1\"><img loading=\"lazy\" decoding=\"async\" class=\"NaturalImage-image\" title=\"Ver imagem no Twitter\" src=\"https:\/\/pbs.twimg.com\/media\/EBigaZCWsAAR5a2?format=jpg&amp;name=small\" alt=\"Ver imagem no Twitter\" width=\"1024\" height=\"670\" data-image=\"https:\/\/pbs.twimg.com\/media\/EBigaZCWsAAR5a2\" data-image-format=\"jpg\" \/><\/a><\/div>\n<\/div>\n<\/div>\n<\/article>\n<\/div>\n<div class=\"TweetInfo\">\n<div class=\"TweetInfo-like\">\n<div data-scribe=\"element:heart\">\n<div class=\"Icon Icon--heart \" title=\"Curtiu\" role=\"img\" aria-label=\"Curtiu\"><\/div>\n<\/div>\n<p><a class=\"TweetInfo-heart\" title=\"Curtiu\" href=\"https:\/\/twitter.com\/intent\/like?tweet_id=1159853296389148672\" data-scribe=\"component:actions\"><span class=\"TweetInfo-heartStat\" data-scribe=\"element:heart_count\">385<\/span><\/a><\/div>\n<div class=\"TweetInfo-timeGeo\"><a class=\"u-linkBlend u-url customisable-highlight long-permalink\" href=\"https:\/\/twitter.com\/timebrasil\/status\/1159853296389148672\" data-datetime=\"2019-08-09T15:45:49+0000\" data-scribe=\"element:full_timestamp\"><time class=\"dt-updated\" title=\"Hor\u00e1rio da publica\u00e7\u00e3o: 09 de agosto de 2019 15:45:49 (UTC)\" datetime=\"2019-08-09T15:45:49+0000\">12:45 &#8211; 9 de ago de 2019<\/time><\/a><\/div>\n<div class=\"tweet-InformationCircle\" data-scribe=\"element:notice\"><a class=\"Icon Icon--informationCircleWhite js-inViewportScribingTarget\" title=\"Informa\u00e7\u00f5es e privacidade no Twitter Ads\" href=\"https:\/\/support.twitter.com\/articles\/20175256\"><span class=\"u-hiddenVisually\">Informa\u00e7\u00f5es e privacidade no Twitter Ads<\/span><\/a><\/div>\n<\/div>\n<\/div>\n<\/blockquote>\n<\/div>\n<div class=\"CallToAction-icon\" data-scribe=\"element:conversation_icon\">\n<div class=\"Icon Icon--replyCTA \" title=\"Ver a conversa no Twitter\" role=\"img\" aria-label=\"Ver a conversa no Twitter\"><\/div>\n<\/div>\n<div class=\"CallToAction-text\" data-scribe=\"element:conversation_text\">68 pessoas est\u00e3o falando sobre isso<\/div>\n<div class=\"CallToAction-chevron\" data-scribe=\"element:cta_chevron\">\n<div class=\"Icon Icon--chevronRightCTA \" title=\"Ver no Twitter\" role=\"img\" aria-label=\"Ver no Twitter\"><\/div>\n<\/div>\n<\/div>\n<\/div>\n<div class=\"resize-sensor\">\n<div class=\"resize-sensor-expand\">\n<div><\/div>\n<\/div>\n<div class=\"resize-sensor-shrink\">\n<div><\/div>\n<\/div>\n<\/div>\n<\/div>\n<h2>Esgrima e karat\u00ea<\/h2>\n<p>Na esgrima (florete) o Brasil foi derrotado pela equipe dos Estados Unidos na final da disputa por equipes, com Guilherme Toldo, Heitor Shimbo e Henrique Marques, e ficou com a prata.<\/p>\n<p>O Brasil tamb\u00e9m teve conquistas no Karat\u00ea. No kata, Caroleini Pereira, Sabrina Pereira e Izabel Cristine Cardo ficaram com o bronze no feminino. J\u00e1 no masculino o terceiro lugar foi obtido por Guilherme Silva, Lucas Santos e Victor Mota.<\/p>\n<div class=\"SandboxRoot env-bp-350\" data-twitter-event-id=\"3\">\n<div id=\"twitter-widget-3\" class=\"EmbeddedTweet EmbeddedTweet--cta js-clickToOpenTarget\" lang=\"pt\" data-click-to-open-target=\"https:\/\/twitter.com\/timebrasil\/status\/1159983718733438978\" data-iframe-title=\"Tweet do Twitter\" data-scribe=\"page:tweet\" data-twitter-event-id=\"7\">\n<div class=\"EmbeddedTweet-tweetContainer\">\n<div class=\"EmbeddedTweet-tweet\">\n<blockquote class=\"Tweet h-entry js-tweetIdInfo subject expanded\" cite=\"https:\/\/twitter.com\/timebrasil\/status\/1159983718733438978\" data-tweet-id=\"1159983718733438978\" data-scribe=\"section:subject\">\n<div class=\"Tweet-header\"><a class=\"TweetAuthor-avatar  Identity-avatar u-linkBlend\" href=\"https:\/\/twitter.com\/timebrasil\" data-scribe=\"element:user_link\" aria-label=\"Time Brasil (nome de tela: timebrasil)\"><img decoding=\"async\" class=\"Avatar\" src=\"https:\/\/pbs.twimg.com\/profile_images\/1144310532394115073\/ATyJOyF2_normal.png\" alt=\"\" data-scribe=\"element:avatar\" data-src-2x=\"https:\/\/pbs.twimg.com\/profile_images\/1144310532394115073\/ATyJOyF2_bigger.png\" data-src-1x=\"https:\/\/pbs.twimg.com\/profile_images\/1144310532394115073\/ATyJOyF2_normal.png\" \/><\/a><\/p>\n<div class=\"TweetAuthor js-inViewportScribingTarget\" data-scribe=\"component:author\">\n<div class=\"TweetAuthor-nameScreenNameContainer\"><span class=\"TweetAuthor-decoratedName\"><span class=\"TweetAuthor-name Identity-name customisable-highlight\" title=\"Time Brasil\" data-scribe=\"element:name\">Time Brasil<\/span><\/span><\/p>\n<div class=\"Icon Icon--verified \" title=\"Conta Verificada\" role=\"img\" aria-label=\"Conta Verificada\"><\/div>\n<p><span class=\"TweetAuthor-decoratedName\"><span class=\"TweetAuthor-verifiedBadge\" data-scribe=\"element:verified_badge\"><b class=\"u-hiddenVisually\">&#x2714;<\/b><\/span><\/span><span class=\"TweetAuthor-screenName Identity-screenName\" dir=\"ltr\" title=\"@timebrasil\" data-scribe=\"element:screen_name\">@timebrasil<\/span><\/div>\n<\/div>\n<div class=\"Tweet-brand\">\n<div class=\"Icon Icon--twitter \" title=\"Ver no Twitter\" role=\"presentation\" aria-label=\"Ver no Twitter\"><\/div>\n<\/div>\n<\/div>\n<div class=\"Tweet-body e-entry-content\" data-scribe=\"component:tweet\">\n<div class=\"Tweet-target js-inViewportScribingTarget\"><\/div>\n<p class=\"Tweet-text e-entry-title\" dir=\"ltr\" lang=\"pt\">SEGUUUUURA O KARAT\u00ca! <img decoding=\"async\" class=\"Emoji Emoji--forText\" title=\"Flag of Brazil\" draggable=\"false\" src=\"https:\/\/abs.twimg.com\/emoji\/v2\/72x72\/1f1e7-1f1f7.png\" alt=\"&#x1f1e7;&#x1f1f7;\" aria-label=\"Emoji: Flag of Brazil\" \/><\/p>\n<p><img decoding=\"async\" class=\"Emoji Emoji--forText\" title=\"Third place medal\" draggable=\"false\" src=\"https:\/\/abs.twimg.com\/emoji\/v2\/72x72\/1f949.png\" alt=\"&#x1f949;\" aria-label=\"Emoji: Third place medal\" \/>Kata &#8211; equipe masculina: Guilherme Silva, Lucas Santos, Victor Yonamine<\/p>\n<p><img decoding=\"async\" class=\"Emoji Emoji--forText\" title=\"Third place medal\" draggable=\"false\" src=\"https:\/\/abs.twimg.com\/emoji\/v2\/72x72\/1f949.png\" alt=\"&#x1f949;\" aria-label=\"Emoji: Third place medal\" \/>Kata &#8211; equipe feminina: Izabel Cardoso, Sabrina Pereira e Carolaine Pereira<\/p>\n<p><img decoding=\"async\" class=\"Emoji Emoji--forText\" title=\"Camera\" draggable=\"false\" src=\"https:\/\/abs.twimg.com\/emoji\/v2\/72x72\/1f4f7.png\" alt=\"&#x1f4f7;\" aria-label=\"Emoji: Camera\" \/>Alexandre Massi\/COB<\/p>\n<div class=\"Tweet-card\">\n<article class=\"MediaCard\n\n           customisable-border\" dir=\"ltr\" data-scribe=\"component:card\"><\/p>\n<div class=\"MediaCard-mediaContainer MediaCard--roundedTop MediaCard--roundedBottom js-cspForcedStyle\" data-scribe=\"element:photo_grid\" data-style=\"padding-bottom: 50%\">\n<div class=\"MediaCard-mediaAsset ImageGrid ImageGrid--2\"><a class=\"ImageGrid-image ImageGrid-image-0 CroppedImage CroppedImage--fillHeight\" href=\"https:\/\/twitter.com\/timebrasil\/status\/1159983718733438978\/photo\/1\"><img loading=\"lazy\" decoding=\"async\" class=\"CroppedImage-image js-cspForcedStyle\" title=\"Ver imagem no Twitter\" src=\"https:\/\/pbs.twimg.com\/media\/EBkXCPhX4AAoXpM?format=jpg&amp;name=360x360\" alt=\"Ver imagem no Twitter\" width=\"1024\" height=\"768\" data-image=\"https:\/\/pbs.twimg.com\/media\/EBkXCPhX4AAoXpM\" data-image-format=\"jpg\" \/><\/a><a class=\"ImageGrid-image ImageGrid-image-1 CroppedImage CroppedImage--fillHeight\" href=\"https:\/\/twitter.com\/timebrasil\/status\/1159983718733438978\/photo\/1\"><img loading=\"lazy\" decoding=\"async\" class=\"CroppedImage-image js-cspForcedStyle\" title=\"Ver imagem no Twitter\" src=\"https:\/\/pbs.twimg.com\/media\/EBkXCPgWwAE5XR7?format=jpg&amp;name=360x360\" alt=\"Ver imagem no Twitter\" width=\"1024\" height=\"768\" data-image=\"https:\/\/pbs.twimg.com\/media\/EBkXCPgWwAE5XR7\" data-image-format=\"jpg\" \/><\/a><\/div>\n<\/div>\n<\/article>\n<\/div>\n<div class=\"TweetInfo\">\n<div class=\"TweetInfo-like\">\n<div data-scribe=\"element:heart\">\n<div class=\"Icon Icon--heart \" title=\"Curtiu\" role=\"img\" aria-label=\"Curtiu\"><\/div>\n<\/div>\n<p><a class=\"TweetInfo-heart\" title=\"Curtiu\" href=\"https:\/\/twitter.com\/intent\/like?tweet_id=1159983718733438978\" data-scribe=\"component:actions\"><span class=\"TweetInfo-heartStat\" data-scribe=\"element:heart_count\">355<\/span><\/a><\/div>\n<div class=\"TweetInfo-timeGeo\"><a class=\"u-linkBlend u-url customisable-highlight long-permalink\" href=\"https:\/\/twitter.com\/timebrasil\/status\/1159983718733438978\" data-datetime=\"2019-08-10T00:24:04+0000\" data-scribe=\"element:full_timestamp\"><time class=\"dt-updated\" title=\"Hor\u00e1rio da publica\u00e7\u00e3o: 10 de agosto de 2019 00:24:04 (UTC)\" datetime=\"2019-08-10T00:24:04+0000\">21:24 &#8211; 9 de ago de 2019<\/time><\/a><\/div>\n<div class=\"tweet-InformationCircle\" data-scribe=\"element:notice\"><a class=\"Icon Icon--informationCircleWhite js-inViewportScribingTarget\" title=\"Informa\u00e7\u00f5es e privacidade no Twitter Ads\" href=\"https:\/\/support.twitter.com\/articles\/20175256\"><span class=\"u-hiddenVisually\">Informa\u00e7\u00f5es e privacidade no Twitter Ads<\/span><\/a><\/div>\n<\/div>\n<\/div>\n<\/blockquote>\n<\/div>\n<div class=\"CallToAction-icon\" data-scribe=\"element:conversation_icon\">\n<div class=\"Icon Icon--replyCTA \" title=\"Ver a conversa no Twitter\" role=\"img\" aria-label=\"Ver a conversa no Twitter\"><\/div>\n<\/div>\n<div class=\"CallToAction-text\" data-scribe=\"element:conversation_text\">57 pessoas est\u00e3o falando sobre isso<\/div>\n<div class=\"CallToAction-chevron\" data-scribe=\"element:cta_chevron\">\n<div class=\"Icon Icon--chevronRightCTA \" title=\"Ver no Twitter\" role=\"img\" aria-label=\"Ver no Twitter\"><\/div>\n<\/div>\n<\/div>\n<\/div>\n<div class=\"resize-sensor\">\n<div class=\"resize-sensor-expand\">\n<div><\/div>\n<\/div>\n<div class=\"resize-sensor-shrink\">\n<div><\/div>\n<\/div>\n<\/div>\n<\/div>\n<h2>Basquete e v\u00f4lei<\/h2>\n<p>Hoje tamb\u00e9m foi dia de triunfos importantes em modalidades coletivas. No basquete feminino, o Brasil derrotou a Col\u00f4mbia por 62 a 48 e se classificou para a decis\u00e3o da modalidade.<\/p>\n<p>No v\u00f4lei feminino o Brasil derrotou os Estados Unidos por 3 sets a 0, parciais de 25\/21, 25\/22 e 25\/17, para se classificar para as semifinais.<\/p>\n<h2>Medalhas na nata\u00e7\u00e3o<\/h2>\n<p>No final da noite de quinta, in\u00edcio de sexta, o Brasil teve uma \u00f3tima participa\u00e7\u00e3o na nata\u00e7\u00e3o, conquistando 7 medalhas (2 ouros, 2 pratas e 3 bronzes).<\/p>\n<p>A primeira medalha de ouro veio com Marcelo Chierighini na prova dos 100 metros livres. Ele fez o tempo de 48s09 e ficou \u00e0 frente do norte-americano Nathan Adrian, campe\u00e3o ol\u00edmpico da prova nos Jogos de 2012.<\/p>\n<p>O segundo triunfo brasileiro veio na \u00faltima prova disputada, o revezamento 4&#215;100 metros medley misto. Incialmente Guilherme Guido, Larissa Oliveira, Giovanna Diamante e Jo\u00e3o Gomes J\u00fanior terminaram na segunda posi\u00e7\u00e3o atr\u00e1s do quarteto dos EUA. Contudo, os norte-americanos acabaram desclassificados, e com isso o ouro foi para o Brasil.<\/p>\n<p>Al\u00e9m disso, a equipe brasileira terminou com duas pratas (com Guilherme Guido nos 100 metros costas e Miguel Valente nos 800 metros livre) e tr\u00eas bronzes (Viviane Jungblut nos 800 metros livre, Etiene Medeiros nos 100 metros costas e Larissa Oliveira nos 100 metros livre).<\/p>\n<p>A expectativa para a noite desta sexta-feira tamb\u00e9m \u00e9 de medalhas, pois o Brasil se classificou para todas as finais do dia.<\/p>\n<p>Fonte: Ag\u00eancia Brasil<\/p>\n","protected":false},"excerpt":{"rendered":"<p>O Brasil conquistou medalhas de ouro na vela, no jud\u00f4, no hipismo e no atletismo nessa sexta-feira (9) nos Jogos Pan-Americanos de Lima. A delega\u00e7\u00e3o brasileira ainda pode garantir mais vit\u00f3rias, pois disputar\u00e1 todas as finais da nata\u00e7\u00e3o. Medalhas na vela Nesta sexta, os atletas de vela do Brasil conquistaram v\u00e1rias medalhas. As principais vieram [&hellip;]<\/p>\n","protected":false},"author":96,"featured_media":145674,"comment_status":"closed","ping_status":"closed","sticky":false,"template":"","format":"standard","meta":{"footnotes":""},"categories":[436,257,439],"tags":[],"class_list":["post-145673","post","type-post","status-publish","format-standard","has-post-thumbnail","hentry","category-destaque-da-semana","category-esporte","category-ultima-hora"],"_links":{"self":[{"href":"https:\/\/diarioregionaldigital.com.br\/index.php?rest_route=\/wp\/v2\/posts\/145673","targetHints":{"allow":["GET"]}}],"collection":[{"href":"https:\/\/diarioregionaldigital.com.br\/index.php?rest_route=\/wp\/v2\/posts"}],"about":[{"href":"https:\/\/diarioregionaldigital.com.br\/index.php?rest_route=\/wp\/v2\/types\/post"}],"author":[{"embeddable":true,"href":"https:\/\/diarioregionaldigital.com.br\/index.php?rest_route=\/wp\/v2\/users\/96"}],"replies":[{"embeddable":true,"href":"https:\/\/diarioregionaldigital.com.br\/index.php?rest_route=%2Fwp%2Fv2%2Fcomments&post=145673"}],"version-history":[{"count":0,"href":"https:\/\/diarioregionaldigital.com.br\/index.php?rest_route=\/wp\/v2\/posts\/145673\/revisions"}],"wp:featuredmedia":[{"embeddable":true,"href":"https:\/\/diarioregionaldigital.com.br\/index.php?rest_route=\/wp\/v2\/media\/145674"}],"wp:attachment":[{"href":"https:\/\/diarioregionaldigital.com.br\/index.php?rest_route=%2Fwp%2Fv2%2Fmedia&parent=145673"}],"wp:term":[{"taxonomy":"category","embeddable":true,"href":"https:\/\/diarioregionaldigital.com.br\/index.php?rest_route=%2Fwp%2Fv2%2Fcategories&post=145673"},{"taxonomy":"post_tag","embeddable":true,"href":"https:\/\/diarioregionaldigital.com.br\/index.php?rest_route=%2Fwp%2Fv2%2Ftags&post=145673"}],"curies":[{"name":"wp","href":"https:\/\/api.w.org\/{rel}","templated":true}]}}