{"id":145670,"date":"2019-08-10T00:55:52","date_gmt":"2019-08-10T03:55:52","guid":{"rendered":"https:\/\/diarioregionaldigital.com.br\/?p=145670"},"modified":"2019-08-10T00:55:52","modified_gmt":"2019-08-10T03:55:52","slug":"levantamento-alerta-para-consumo-de-alcool-no-pais","status":"publish","type":"post","link":"https:\/\/diarioregionaldigital.com.br\/?p=145670","title":{"rendered":"Levantamento alerta para consumo de \u00e1lcool no pa\u00eds"},"content":{"rendered":"<p>O \u00edndice de consumo de \u00e1lcool no Brasil \u00e9 mais alarmante do que o do uso de subst\u00e2ncias il\u00edcitas, segundo o 3\u00ba Levantamento Nacional sobre o Uso de Drogas pela Popula\u00e7\u00e3o Brasileira, divulgado pela Funda\u00e7\u00e3o Oswaldo Cruz (Fiocruz). A pesquisa revelou que mais da metade da popula\u00e7\u00e3o brasileira de 12 a 65 anos declarou ter consumido bebida alco\u00f3lica alguma vez na vida.<\/p>\n<div class=\"dnd-widget-wrapper context-cheio_8colunas type-image\">\n<div class=\"dnd-atom-rendered\">\n<p>Cerca de 46 milh\u00f5es (30,1%) informaram ter consumido pelo menos uma dose nos 30 dias anteriores. E aproximadamente 2,3 milh\u00f5es de pessoas apresentaram crit\u00e9rios para depend\u00eancia de \u00e1lcool nos 12 meses anteriores \u00e0 pesquisa.<\/p>\n<p>O levantamento que ouviu cerca de 17 mil pessoas com idades entre 12 e 65 anos, em todo o Brasil, entre maio e outubro de 2015, \u00e9 apontado como um dos mais completos por sua abrang\u00eancia. Pesquisadores da funda\u00e7\u00e3o afirmam, inclusive, que os resultados s\u00e3o representativos inclusive de munic\u00edpios de pequeno porte e de zonas de fronteira.<\/p>\n<h2>\u00c1lcool e viol\u00eancia<\/h2>\n<p>A rela\u00e7\u00e3o entre \u00e1lcool e diferentes formas de viol\u00eancia tamb\u00e9m foi abordada pelos pesquisadores que detectaram que, aproximadamente 14% dos homens brasileiros de 12 a 65 anos dirigiram ap\u00f3s consumir bebida alco\u00f3lica, nos 12 meses anteriores \u00e0 entrevista. J\u00e1 entre as mulheres esta estimativa foi de 1,8%. A percentagem de pessoas que estiveram envolvidos em acidentes de tr\u00e2nsito enquanto estavam sob o efeito de \u00e1lcool foi de 0,7%.<\/p>\n<div class=\"dnd-widget-wrapper context-medio_4colunas type-image atom-align-right\">\n<div class=\"dnd-atom-rendered\">\n<figure class=\"mejs-fotoh-wrapper\"><img decoding=\"async\" class=\"img-responsive full full\" title=\"Arquivo Ag\u00eancia Brasil\" src=\"http:\/\/imagens.ebc.com.br\/TRlmtJIG-LjYxbMee5ATv0DPd1c=\/365x0\/smart\/http:\/\/agenciabrasil.ebc.com.br\/sites\/default\/files\/atoms\/image\/dpvat.jpg?itok=HREbTHPV\" alt=\"Indeniza\u00e7\u00f5es por acidentes com autom\u00f3veis\" \/><\/figure>\n<\/div>\n<div class=\"dnd-caption-wrapper\">\n<div class=\"meta\">Uso de \u00e1lcool est\u00e1 relacionado a diferentes formas de viol\u00eancia<strong>\u00a0(Arquivo Ag\u00eancia Brasil)<\/strong><\/div>\n<\/div>\n<\/div>\n<p>Cerca de 4,4 milh\u00f5es de pessoas alegaram ter discutido com algu\u00e9m sob efeito de \u00e1lcool nos 12 meses anteriores \u00e0 entrevista. Destes, 2,9 milh\u00f5es eram homens e 1,5 milh\u00e3o, mulheres. A preval\u00eancia de ter informado que \u201cdestruiu ou quebrou algo que n\u00e3o era seu\u201d sob efeito de \u00e1lcool tamb\u00e9m foi estaticamente significativa e maior entre homens do que entre mulheres (1,1% e 0,3%, respectivamente).<\/p>\n<h2>Percep\u00e7\u00e3o de Risco<\/h2>\n<p>A percep\u00e7\u00e3o do brasileiro quanto \u00e0s drogas atrela mais risco ao uso do crack do que ao \u00e1lcool: 44,5% acham que o primeiro \u00e9 a droga associada ao maior n\u00famero de mortes no pa\u00eds, enquanto apenas 26,7% colocariam o \u00e1lcool no topo do ranking.<\/p>\n<p>Segundo coordenador do levantamento e pesquisador do Instituto de Comunica\u00e7\u00e3o e Informa\u00e7\u00e3o em Sa\u00fade da Fiocruz, Francisco In\u00e1cio Bastos,os principais estudos sobre o tema, como a pesquisa de cargas de doen\u00e7as da Organiza\u00e7\u00e3o Mundial de Sa\u00fade, n\u00e3o deixam d\u00favidas: o \u00e1lcool \u00e9 a subst\u00e2ncia mais associada, direta ou indiretamente, a danos \u00e0 sa\u00fade que levam \u00e0 morte\u201d, afirmou Bastos.<\/p>\n<p>\u201cTanto o \u00e1lcool quanto o crack, por\u00e9m, representam grandes desafios \u00e0 sa\u00fade p\u00fablica. Os jovens brasileiros est\u00e3o consumindo drogas com mais potencial de provocar danos e riscos, como o pr\u00f3prio crack. Al\u00e9m disso, h\u00e1 uma tend\u00eancia ao poli uso [uso simult\u00e2neo de drogas diferentes]. Por isso \u00e9 t\u00e3o importante atualizar os dados epidemiol\u00f3gicos dispon\u00edveis no pa\u00eds, para responder \u00e0s perguntas de um tema como o consumo de drogas, que se torna ainda mais complexo num pa\u00eds t\u00e3o heterog\u00eaneo quanto o Brasil\u201d, advertiu.<\/p>\n<\/div>\n<\/div>\n<p>Fonte: Ag\u00eancia Brasil<\/p>\n","protected":false},"excerpt":{"rendered":"<p>O \u00edndice de consumo de \u00e1lcool no Brasil \u00e9 mais alarmante do que o do uso de subst\u00e2ncias il\u00edcitas, segundo o 3\u00ba Levantamento Nacional sobre o Uso de Drogas pela Popula\u00e7\u00e3o Brasileira, divulgado pela Funda\u00e7\u00e3o Oswaldo Cruz (Fiocruz). A pesquisa revelou que mais da metade da popula\u00e7\u00e3o brasileira de 12 a 65 anos declarou ter [&hellip;]<\/p>\n","protected":false},"author":96,"featured_media":145671,"comment_status":"closed","ping_status":"closed","sticky":false,"template":"","format":"standard","meta":{"footnotes":""},"categories":[302,436,440,439],"tags":[],"class_list":["post-145670","post","type-post","status-publish","format-standard","has-post-thumbnail","hentry","category-brasil-mundo","category-destaque-da-semana","category-destaques-do-dia","category-ultima-hora"],"_links":{"self":[{"href":"https:\/\/diarioregionaldigital.com.br\/index.php?rest_route=\/wp\/v2\/posts\/145670","targetHints":{"allow":["GET"]}}],"collection":[{"href":"https:\/\/diarioregionaldigital.com.br\/index.php?rest_route=\/wp\/v2\/posts"}],"about":[{"href":"https:\/\/diarioregionaldigital.com.br\/index.php?rest_route=\/wp\/v2\/types\/post"}],"author":[{"embeddable":true,"href":"https:\/\/diarioregionaldigital.com.br\/index.php?rest_route=\/wp\/v2\/users\/96"}],"replies":[{"embeddable":true,"href":"https:\/\/diarioregionaldigital.com.br\/index.php?rest_route=%2Fwp%2Fv2%2Fcomments&post=145670"}],"version-history":[{"count":0,"href":"https:\/\/diarioregionaldigital.com.br\/index.php?rest_route=\/wp\/v2\/posts\/145670\/revisions"}],"wp:featuredmedia":[{"embeddable":true,"href":"https:\/\/diarioregionaldigital.com.br\/index.php?rest_route=\/wp\/v2\/media\/145671"}],"wp:attachment":[{"href":"https:\/\/diarioregionaldigital.com.br\/index.php?rest_route=%2Fwp%2Fv2%2Fmedia&parent=145670"}],"wp:term":[{"taxonomy":"category","embeddable":true,"href":"https:\/\/diarioregionaldigital.com.br\/index.php?rest_route=%2Fwp%2Fv2%2Fcategories&post=145670"},{"taxonomy":"post_tag","embeddable":true,"href":"https:\/\/diarioregionaldigital.com.br\/index.php?rest_route=%2Fwp%2Fv2%2Ftags&post=145670"}],"curies":[{"name":"wp","href":"https:\/\/api.w.org\/{rel}","templated":true}]}}