{"id":145666,"date":"2019-08-10T00:49:16","date_gmt":"2019-08-10T03:49:16","guid":{"rendered":"https:\/\/diarioregionaldigital.com.br\/?p=145666"},"modified":"2019-08-10T00:49:16","modified_gmt":"2019-08-10T03:49:16","slug":"argentina-vai-as-urnas-domingo-em-eleicoes-primarias","status":"publish","type":"post","link":"https:\/\/diarioregionaldigital.com.br\/?p=145666","title":{"rendered":"Argentina vai \u00e0s urnas domingo em elei\u00e7\u00f5es prim\u00e1rias"},"content":{"rendered":"<p>Os argentinos v\u00e3o \u00e0s urnas neste pr\u00f3ximo domingo (11) para definir os partidos e candidatos habilitados a participar das elei\u00e7\u00f5es gerais, em outubro. Desde as 8h da manh\u00e3 dessa sexta-feira (9), est\u00e3o proibidos no pa\u00eds quaisquer atos de campanha.<\/p>\n<p>A vota\u00e7\u00e3o de domingo \u00e9 conhecida como Paso (Prim\u00e1rias, Abertas, Simult\u00e2neas e Obrigat\u00f3rias) e serve como uma pesquisa nacional para definir os principais concorrentes \u00e0s elei\u00e7\u00f5es de 27 de outubro.<\/p>\n<p>O processo, al\u00e9m de definir quem ser\u00e3o os candidatos a presidente e vice-presidente, servir\u00e1 para apontar os candidatos a renovar um ter\u00e7o do Senado (24 vagas) e a metade das cadeiras da\u00a0C\u00e2mara dos Deputados (130). Em algumas prov\u00edncias, como Buenos Aires, ser\u00e3o definidos ainda os candidatos a governador. Apenas poder\u00e3o concorrer \u00e0s elei\u00e7\u00f5es as for\u00e7as pol\u00edticas que conquistarem, pelo menos, 1,5% dos votos.<\/p>\n<p>Esse tipo de vota\u00e7\u00e3o \u2013 Paso \u2013 \u00e9 realizado sempre no segundo domingo de agosto e funciona como um filtro, pois elimina as candidaturas que n\u00e3o alcancem o piso de 1,5% dos votos.<\/p>\n<p>A vota\u00e7\u00e3o, em curso entre as 8h e as 18h, \u00e9 obrigat\u00f3ria para todos os argentinos com idade entre 18 e 70 anos que est\u00e3o registrados no sistema eleitoral. A participa\u00e7\u00e3o \u00e9 optativa apenas para os jovens de 16 e 17 anos e para os maiores de 70 anos.<\/p>\n<p>Cerca de 34 milh\u00f5es de eleitores est\u00e3o habilitados para votar nas 185 mil urnas distribu\u00eddas pelo pa\u00eds, em mais de 14 mil col\u00e9gios. De acordo com as For\u00e7as Armadas, haver\u00e1 90 mil efetivos para garantir a seguran\u00e7a e a tranquilidade nas vota\u00e7\u00f5es.<\/p>\n<p>As elei\u00e7\u00f5es s\u00e3o consideradas &#8220;abertas&#8221;, pois n\u00e3o exigem filia\u00e7\u00e3o partid\u00e1ria, e todos os cidad\u00e3os podem participar. S\u00e3o &#8220;simult\u00e2neas&#8221; porque se realizam no mesmo dia em todo o pa\u00eds.<\/p>\n<p>Na disputa pela Presid\u00eancia da Rep\u00fablica, h\u00e1 uma polariza\u00e7\u00e3o entre os que querem a reelei\u00e7\u00e3o do atual presidente, Mauricio Macri, e os que querem o retorno de Cristina Kirchner, desta vez como candida a vice-presidente na chapa de Alberto Fern\u00e1ndez.<\/p>\n<p>De acordo com informa\u00e7\u00f5es do governo, o resultado deve ser divulgado ainda no domingo, antes da meia-noite.<\/p>\n<p>As elei\u00e7\u00f5es gerais est\u00e3o marcadas para 27 de outubro. Se houver segundo turno, ser\u00e1 no dia 24 de novembro. O novo governo assumir\u00e1 no dia 10 de dezembro.<\/p>\n<p>Fonte: Ag\u00eancia Brasil<\/p>\n","protected":false},"excerpt":{"rendered":"<p>Os argentinos v\u00e3o \u00e0s urnas neste pr\u00f3ximo domingo (11) para definir os partidos e candidatos habilitados a participar das elei\u00e7\u00f5es gerais, em outubro. Desde as 8h da manh\u00e3 dessa sexta-feira (9), est\u00e3o proibidos no pa\u00eds quaisquer atos de campanha. A vota\u00e7\u00e3o de domingo \u00e9 conhecida como Paso (Prim\u00e1rias, Abertas, Simult\u00e2neas e Obrigat\u00f3rias) e serve como [&hellip;]<\/p>\n","protected":false},"author":96,"featured_media":97709,"comment_status":"closed","ping_status":"closed","sticky":false,"template":"","format":"standard","meta":{"footnotes":""},"categories":[302,436,439],"tags":[],"class_list":["post-145666","post","type-post","status-publish","format-standard","has-post-thumbnail","hentry","category-brasil-mundo","category-destaque-da-semana","category-ultima-hora"],"_links":{"self":[{"href":"https:\/\/diarioregionaldigital.com.br\/index.php?rest_route=\/wp\/v2\/posts\/145666","targetHints":{"allow":["GET"]}}],"collection":[{"href":"https:\/\/diarioregionaldigital.com.br\/index.php?rest_route=\/wp\/v2\/posts"}],"about":[{"href":"https:\/\/diarioregionaldigital.com.br\/index.php?rest_route=\/wp\/v2\/types\/post"}],"author":[{"embeddable":true,"href":"https:\/\/diarioregionaldigital.com.br\/index.php?rest_route=\/wp\/v2\/users\/96"}],"replies":[{"embeddable":true,"href":"https:\/\/diarioregionaldigital.com.br\/index.php?rest_route=%2Fwp%2Fv2%2Fcomments&post=145666"}],"version-history":[{"count":0,"href":"https:\/\/diarioregionaldigital.com.br\/index.php?rest_route=\/wp\/v2\/posts\/145666\/revisions"}],"wp:featuredmedia":[{"embeddable":true,"href":"https:\/\/diarioregionaldigital.com.br\/index.php?rest_route=\/wp\/v2\/media\/97709"}],"wp:attachment":[{"href":"https:\/\/diarioregionaldigital.com.br\/index.php?rest_route=%2Fwp%2Fv2%2Fmedia&parent=145666"}],"wp:term":[{"taxonomy":"category","embeddable":true,"href":"https:\/\/diarioregionaldigital.com.br\/index.php?rest_route=%2Fwp%2Fv2%2Fcategories&post=145666"},{"taxonomy":"post_tag","embeddable":true,"href":"https:\/\/diarioregionaldigital.com.br\/index.php?rest_route=%2Fwp%2Fv2%2Ftags&post=145666"}],"curies":[{"name":"wp","href":"https:\/\/api.w.org\/{rel}","templated":true}]}}