{"id":145664,"date":"2019-08-10T00:43:34","date_gmt":"2019-08-10T03:43:34","guid":{"rendered":"https:\/\/diarioregionaldigital.com.br\/?p=145664"},"modified":"2019-08-10T00:43:34","modified_gmt":"2019-08-10T03:43:34","slug":"bolsonaro-defende-vinculacao-do-coaf-ao-banco-central","status":"publish","type":"post","link":"https:\/\/diarioregionaldigital.com.br\/?p=145664","title":{"rendered":"Bolsonaro defende vincula\u00e7\u00e3o do Coaf ao Banco Central"},"content":{"rendered":"<p>O presidente Jair Bolsonaro defendeu a vincula\u00e7\u00e3o do Conselho de Controle de Atividades Financeiras (Coaf) ao Banco Central, de forma a evitar que o \u00f3rg\u00e3o sofra press\u00f5es pol\u00edticas. A declara\u00e7\u00e3o foi feita nessa sexta-feira, 9, de manh\u00e3, quando o presidente deixou o Pal\u00e1cio do Alvorada.<\/p>\n<p>A reforma administrativa do governo do presidente Jair Bolsonaro previa a transfer\u00eancia do Coaf para o Minist\u00e9rio da Justi\u00e7a e Seguran\u00e7a P\u00fablica. A medida, no entanto, foi rejeitada pelo Congresso Nacional, que manteve o \u00f3rg\u00e3o subordinado ao Minist\u00e9rio da Economia.<\/p>\n<p>\u201cO que pretendemos \u00e9 tirar o Coaf do jogo pol\u00edtico e vincular ao Banco Central [BC]. Caso v\u00e1 para o BC, o Coaf far\u00e1 seu trabalho sem suspei\u00e7\u00e3o de favorecimento pol\u00edtico. Se for no BC quem vai decidir \u00e9 o Roberto Campos [presidente do BC]. Ao que parece ele pretende ter um quadro efetivo do Coaf, que mudaria de nome. Quanto menos a pol\u00edtica interferir no destino do pa\u00eds, melhor\u201d, disse Bolsonaro.<\/p>\n<h2>Imposto de Renda<\/h2>\n<p>O presidente voltou negar a inten\u00e7\u00e3o de criar uma nova Contribui\u00e7\u00e3o Provis\u00f3ria sobre Movimenta\u00e7\u00e3o Financeira (CPMF). Ele, no entanto, defendeu uma desburocratiza\u00e7\u00e3o do Imposto de Renda, de forma a evitar as indas e vindas de recursos por conta de dedu\u00e7\u00f5es a partir de notas fiscais de gastos com sa\u00fade e educa\u00e7\u00e3o.<\/p>\n<p>\u201cQueremos facilitar o Imposto de Renda. Aumentar a base, acabar com algumas dedu\u00e7\u00f5es e diminuir a margem de 27,5%. Grande parte [da popula\u00e7\u00e3o] paga o Importo de Renda e o recebe [de volta]. N\u00f3s sabemos que tem muita gente arranjando nota fiscal para justificar educa\u00e7\u00e3o, sa\u00fade. A gente quer acabar com isso, simplificando\u201d, acrescentou.<\/p>\n<p>Fonte: Ag\u00eancia Brasil<\/p>\n","protected":false},"excerpt":{"rendered":"<p>O presidente Jair Bolsonaro defendeu a vincula\u00e7\u00e3o do Conselho de Controle de Atividades Financeiras (Coaf) ao Banco Central, de forma a evitar que o \u00f3rg\u00e3o sofra press\u00f5es pol\u00edticas. A declara\u00e7\u00e3o foi feita nessa sexta-feira, 9, de manh\u00e3, quando o presidente deixou o Pal\u00e1cio do Alvorada. A reforma administrativa do governo do presidente Jair Bolsonaro previa [&hellip;]<\/p>\n","protected":false},"author":96,"featured_media":145510,"comment_status":"closed","ping_status":"closed","sticky":false,"template":"","format":"standard","meta":{"footnotes":""},"categories":[436,254,439],"tags":[],"class_list":["post-145664","post","type-post","status-publish","format-standard","has-post-thumbnail","hentry","category-destaque-da-semana","category-politica","category-ultima-hora"],"_links":{"self":[{"href":"https:\/\/diarioregionaldigital.com.br\/index.php?rest_route=\/wp\/v2\/posts\/145664","targetHints":{"allow":["GET"]}}],"collection":[{"href":"https:\/\/diarioregionaldigital.com.br\/index.php?rest_route=\/wp\/v2\/posts"}],"about":[{"href":"https:\/\/diarioregionaldigital.com.br\/index.php?rest_route=\/wp\/v2\/types\/post"}],"author":[{"embeddable":true,"href":"https:\/\/diarioregionaldigital.com.br\/index.php?rest_route=\/wp\/v2\/users\/96"}],"replies":[{"embeddable":true,"href":"https:\/\/diarioregionaldigital.com.br\/index.php?rest_route=%2Fwp%2Fv2%2Fcomments&post=145664"}],"version-history":[{"count":0,"href":"https:\/\/diarioregionaldigital.com.br\/index.php?rest_route=\/wp\/v2\/posts\/145664\/revisions"}],"wp:featuredmedia":[{"embeddable":true,"href":"https:\/\/diarioregionaldigital.com.br\/index.php?rest_route=\/wp\/v2\/media\/145510"}],"wp:attachment":[{"href":"https:\/\/diarioregionaldigital.com.br\/index.php?rest_route=%2Fwp%2Fv2%2Fmedia&parent=145664"}],"wp:term":[{"taxonomy":"category","embeddable":true,"href":"https:\/\/diarioregionaldigital.com.br\/index.php?rest_route=%2Fwp%2Fv2%2Fcategories&post=145664"},{"taxonomy":"post_tag","embeddable":true,"href":"https:\/\/diarioregionaldigital.com.br\/index.php?rest_route=%2Fwp%2Fv2%2Ftags&post=145664"}],"curies":[{"name":"wp","href":"https:\/\/api.w.org\/{rel}","templated":true}]}}