{"id":145656,"date":"2019-08-09T13:06:29","date_gmt":"2019-08-09T16:06:29","guid":{"rendered":"https:\/\/diarioregionaldigital.com.br\/?p=145656"},"modified":"2019-08-09T13:06:29","modified_gmt":"2019-08-09T16:06:29","slug":"indicacao-para-novo-pgr-saira-ate-o-dia-16-diz-bolsonaro","status":"publish","type":"post","link":"https:\/\/diarioregionaldigital.com.br\/?p=145656","title":{"rendered":"Indica\u00e7\u00e3o para novo PGR sair\u00e1 at\u00e9 o dia 16, diz Bolsonaro"},"content":{"rendered":"<p>O presidente Jair Bolsonaro disse hoje (9) que vai indicar o nome para o comando da Procuradoria-Geral da Rep\u00fablica at\u00e9 a pr\u00f3xima sexta-feira (16). Segundo ele, o ministro da Justi\u00e7a, S\u00e9rgio Moro, tem apresentado sugest\u00f5es, mas ainda n\u00e3o h\u00e1 uma defini\u00e7\u00e3o sobre o sucessor de Raquel Dodge.<\/p>\n<p>\u201c\u00c9 uma escolha muito importante. \u00c9 o mesmo que casamento. Tem de se escolher bastante para se casar. Todo mundo est\u00e1 no p\u00e1reo. Tem uns 80 no p\u00e1reo\u201d, disse o presidente ao deixar o Pal\u00e1cio do Alvorada, na manh\u00e3 de hoje (9).<\/p>\n<p>Bolsonaro deixou a resid\u00eancia oficial em Bras\u00edlia acompanhado por S\u00e9rgio Moro. Segundo ele, o ministro foi encontr\u00e1-lo para que pudessem participar juntos da cerim\u00f4nia de entrega de espadas dos novos oficiais generais do clube militar.<\/p>\n<div class=\"dnd-widget-wrapper context-cheio_8colunas type-image\">\n<div class=\"dnd-atom-rendered\">\n<figure class=\"mejs-fotoh-wrapper\"><img decoding=\"async\" class=\"img-responsive full full\" title=\"Carolina Antunes\/PR\" src=\"http:\/\/imagens.ebc.com.br\/wN-ExapuYsNompOuKmsohk_u8XY=\/754x0\/smart\/http:\/\/agenciabrasil.ebc.com.br\/sites\/default\/files\/thumbnails\/image\/48491678041_e8b3d9ec30_o.jpg?itok=dU8uuyHS\" alt=\" Presidente da Rep\u00fablica, Jair Bolsonaro durante transmiss\u00e3o de Live para redes sociais\" \/><\/figure>\n<\/div>\n<div class=\"dnd-caption-wrapper\">\n<div class=\"meta\">Presidente da Rep\u00fablica, Jair Bolsonaro, tem recebido sugest\u00f5es de nomes para PGR mas indicado ainda n\u00e3o est\u00e1 definido.\u00a0<strong>(Carolina Antunes\/PR)<\/strong><\/div>\n<\/div>\n<\/div>\n<p>\u201cEm grande parte me aconselho com ele [Moro]. Eu sou t\u00e9cnico de um time de futebol e ele \u00e9 um jogador. Ele conversa, d\u00e1 sugest\u00e3o, assim como os demais ministros\u201d.<\/p>\n<p>Fonte: Ag\u00eancia Brasil<\/p>\n","protected":false},"excerpt":{"rendered":"<p>O presidente Jair Bolsonaro disse hoje (9) que vai indicar o nome para o comando da Procuradoria-Geral da Rep\u00fablica at\u00e9 a pr\u00f3xima sexta-feira (16). Segundo ele, o ministro da Justi\u00e7a, S\u00e9rgio Moro, tem apresentado sugest\u00f5es, mas ainda n\u00e3o h\u00e1 uma defini\u00e7\u00e3o sobre o sucessor de Raquel Dodge. \u201c\u00c9 uma escolha muito importante. \u00c9 o mesmo [&hellip;]<\/p>\n","protected":false},"author":96,"featured_media":145355,"comment_status":"closed","ping_status":"closed","sticky":false,"template":"","format":"standard","meta":{"footnotes":""},"categories":[436,254,439],"tags":[],"class_list":["post-145656","post","type-post","status-publish","format-standard","has-post-thumbnail","hentry","category-destaque-da-semana","category-politica","category-ultima-hora"],"_links":{"self":[{"href":"https:\/\/diarioregionaldigital.com.br\/index.php?rest_route=\/wp\/v2\/posts\/145656","targetHints":{"allow":["GET"]}}],"collection":[{"href":"https:\/\/diarioregionaldigital.com.br\/index.php?rest_route=\/wp\/v2\/posts"}],"about":[{"href":"https:\/\/diarioregionaldigital.com.br\/index.php?rest_route=\/wp\/v2\/types\/post"}],"author":[{"embeddable":true,"href":"https:\/\/diarioregionaldigital.com.br\/index.php?rest_route=\/wp\/v2\/users\/96"}],"replies":[{"embeddable":true,"href":"https:\/\/diarioregionaldigital.com.br\/index.php?rest_route=%2Fwp%2Fv2%2Fcomments&post=145656"}],"version-history":[{"count":0,"href":"https:\/\/diarioregionaldigital.com.br\/index.php?rest_route=\/wp\/v2\/posts\/145656\/revisions"}],"wp:featuredmedia":[{"embeddable":true,"href":"https:\/\/diarioregionaldigital.com.br\/index.php?rest_route=\/wp\/v2\/media\/145355"}],"wp:attachment":[{"href":"https:\/\/diarioregionaldigital.com.br\/index.php?rest_route=%2Fwp%2Fv2%2Fmedia&parent=145656"}],"wp:term":[{"taxonomy":"category","embeddable":true,"href":"https:\/\/diarioregionaldigital.com.br\/index.php?rest_route=%2Fwp%2Fv2%2Fcategories&post=145656"},{"taxonomy":"post_tag","embeddable":true,"href":"https:\/\/diarioregionaldigital.com.br\/index.php?rest_route=%2Fwp%2Fv2%2Ftags&post=145656"}],"curies":[{"name":"wp","href":"https:\/\/api.w.org\/{rel}","templated":true}]}}