{"id":145651,"date":"2019-08-09T13:00:28","date_gmt":"2019-08-09T16:00:28","guid":{"rendered":"https:\/\/diarioregionaldigital.com.br\/?p=145651"},"modified":"2019-08-09T13:00:28","modified_gmt":"2019-08-09T16:00:28","slug":"receita-federal-identifica-r-12-bilhao-em-sonegacao-de-empresas","status":"publish","type":"post","link":"https:\/\/diarioregionaldigital.com.br\/?p=145651","title":{"rendered":"Receita Federal identifica R$ 1,2 bilh\u00e3o em sonega\u00e7\u00e3o de empresas"},"content":{"rendered":"<p>A Receita Federal informou hoje (9), em Bras\u00edlia, que iniciou mais uma etapa das a\u00e7\u00f5es do Projeto Malha Fiscal da Pessoa Jur\u00eddica. O foco \u00e9 a falta de recolhimento do Imposto de Renda Pessoa Jur\u00eddica e da Contribui\u00e7\u00e3o Social sobre o Lucro L\u00edquido (CSLL). O total de ind\u00edcios de sonega\u00e7\u00e3o verificado nesta opera\u00e7\u00e3o, para o ano-calend\u00e1rio de 2015, \u00e9 de aproximadamente R$ 1,2 bilh\u00e3o.<\/p>\n<p>Segundo a Receita, foram enviadas cartas a 12.171 empresas de todo o pa\u00eds avisando sobre montantes de cr\u00e9ditos declarados e recolhidos.<\/p>\n<p>\u201cAs inconsist\u00eancias encontradas pelo Fisco podem ser consultadas em demonstrativo anexo \u00e0 carta, e as orienta\u00e7\u00f5es para autorregulariza\u00e7\u00e3o no pr\u00f3prio corpo da carta\u201d, disse a Receita.<\/p>\n<p>Para confirmar a veracidade das cartas enviadas, a\u00a0<a href=\"http:\/\/idg.receita.fazenda.gov.br\/interface\/atendimento-virtual\" target=\"_blank\" rel=\"noopener\">Receita Federal<\/a>\u00a0encaminhou mensagem para a caixa postal dos contribuintes, que podem ser acessadas por meio do e-CAC.<\/p>\n<p>A Receita orienta que aqueles que ainda n\u00e3o foram intimados, ao identificarem equ\u00edvoco na presta\u00e7\u00e3o de informa\u00e7\u00f5es ao Fisco, podem tamb\u00e9m promover a autorregulariza\u00e7\u00e3o, evitando, assim, procedimentos de fiscaliza\u00e7\u00e3o que poder\u00e3o acarretar em multa de of\u00edcio de 75%, al\u00e9m do acr\u00e9scimo de juros de mora.<\/p>\n<p>De acordo com a Receita, os ind\u00edcios constatados no projeto surgiram a partir do cruzamento de informa\u00e7\u00f5es eletr\u00f4nicas, com o objetivo de verificar a consist\u00eancia entre as informa\u00e7\u00f5es fornecidas pela pr\u00f3pria Escritura\u00e7\u00e3o Cont\u00e1bil Fiscal do contribuinte e o documento de constitui\u00e7\u00e3o de cr\u00e9dito tribut\u00e1rio.<\/p>\n<p>Fonte: Ag\u00eancia Brasil<\/p>\n","protected":false},"excerpt":{"rendered":"<p>A Receita Federal informou hoje (9), em Bras\u00edlia, que iniciou mais uma etapa das a\u00e7\u00f5es do Projeto Malha Fiscal da Pessoa Jur\u00eddica. O foco \u00e9 a falta de recolhimento do Imposto de Renda Pessoa Jur\u00eddica e da Contribui\u00e7\u00e3o Social sobre o Lucro L\u00edquido (CSLL). O total de ind\u00edcios de sonega\u00e7\u00e3o verificado nesta opera\u00e7\u00e3o, para o [&hellip;]<\/p>\n","protected":false},"author":96,"featured_media":141510,"comment_status":"closed","ping_status":"closed","sticky":false,"template":"","format":"standard","meta":{"footnotes":""},"categories":[436,261,439],"tags":[],"class_list":["post-145651","post","type-post","status-publish","format-standard","has-post-thumbnail","hentry","category-destaque-da-semana","category-economia","category-ultima-hora"],"_links":{"self":[{"href":"https:\/\/diarioregionaldigital.com.br\/index.php?rest_route=\/wp\/v2\/posts\/145651","targetHints":{"allow":["GET"]}}],"collection":[{"href":"https:\/\/diarioregionaldigital.com.br\/index.php?rest_route=\/wp\/v2\/posts"}],"about":[{"href":"https:\/\/diarioregionaldigital.com.br\/index.php?rest_route=\/wp\/v2\/types\/post"}],"author":[{"embeddable":true,"href":"https:\/\/diarioregionaldigital.com.br\/index.php?rest_route=\/wp\/v2\/users\/96"}],"replies":[{"embeddable":true,"href":"https:\/\/diarioregionaldigital.com.br\/index.php?rest_route=%2Fwp%2Fv2%2Fcomments&post=145651"}],"version-history":[{"count":0,"href":"https:\/\/diarioregionaldigital.com.br\/index.php?rest_route=\/wp\/v2\/posts\/145651\/revisions"}],"wp:featuredmedia":[{"embeddable":true,"href":"https:\/\/diarioregionaldigital.com.br\/index.php?rest_route=\/wp\/v2\/media\/141510"}],"wp:attachment":[{"href":"https:\/\/diarioregionaldigital.com.br\/index.php?rest_route=%2Fwp%2Fv2%2Fmedia&parent=145651"}],"wp:term":[{"taxonomy":"category","embeddable":true,"href":"https:\/\/diarioregionaldigital.com.br\/index.php?rest_route=%2Fwp%2Fv2%2Fcategories&post=145651"},{"taxonomy":"post_tag","embeddable":true,"href":"https:\/\/diarioregionaldigital.com.br\/index.php?rest_route=%2Fwp%2Fv2%2Ftags&post=145651"}],"curies":[{"name":"wp","href":"https:\/\/api.w.org\/{rel}","templated":true}]}}