{"id":145646,"date":"2019-08-09T12:58:01","date_gmt":"2019-08-09T15:58:01","guid":{"rendered":"https:\/\/diarioregionaldigital.com.br\/?p=145646"},"modified":"2019-08-09T12:58:40","modified_gmt":"2019-08-09T15:58:40","slug":"cenario-economico-pede-juros-baixos-diz-presidente-do-bc","status":"publish","type":"post","link":"https:\/\/diarioregionaldigital.com.br\/?p=145646","title":{"rendered":"Cen\u00e1rio econ\u00f4mico pede juros baixos, diz presidente do BC"},"content":{"rendered":"<p>O presidente do Banco Central (BC), Roberto Campos Neto, disse nessa quinta-feira (8) que a situa\u00e7\u00e3o econ\u00f4mica do Brasil pede a manuten\u00e7\u00e3o dos juros em um patamar baixo. \u201cN\u00f3s achamos que a conjuntura econ\u00f4mica prescreve uma pol\u00edtica monet\u00e1ria estimulativa. Ou seja, um juros a baixa taxa estrutural. A evolu\u00e7\u00e3o do cen\u00e1rio b\u00e1sico e balan\u00e7o de riscos prescreve um ajuste no est\u00edmulo monet\u00e1rio\u201d, ressaltou ao participar do 2\u00ba Macro Day, evento promovido pelo Banco BTG Pactual.<\/p>\n<p>Na semana passada, o Comit\u00ea de Pol\u00edtica Monet\u00e1ria do Banco Central reduziu a taxa b\u00e1sica de juros em 0,5 ponto percentual, deixando a\u00a0Selic em 6% ao ano.<\/p>\n<p>Novos cortes nos juros v\u00e3o depender, segundo Campos Neto, da evolu\u00e7\u00e3o do cen\u00e1rio econ\u00f4mico e dos riscos de crescimento da infla\u00e7\u00e3o. \u201cOs pr\u00f3ximos da pol\u00edtica monet\u00e1ria continuar\u00e3o dependendo da atividade, do balan\u00e7o de riscos e das expectativas de infla\u00e7\u00e3o\u201d.<\/p>\n<p>O presidente diz acreditar na &#8220;consolida\u00e7\u00e3o de cen\u00e1rio benigno da infla\u00e7\u00e3o permitindo ajuste adicional em grau de est\u00edmulo\u201d.<\/p>\n<h2>Crescimento<\/h2>\n<p>Campos Neto atribuiu o baixo ritmo de crescimento a uma retra\u00e7\u00e3o mundial nos investimentos, influenciada pela desconfian\u00e7a no desempenho das economias. \u201cTem um componente global acontecendo nesse sentido que \u00e9 a queda de investimento. Parte disso est\u00e1 ligado a quest\u00e3o comercial, parte a perspectiva de crescimento. \u00c9 um investimento que vem de uma forma geral pelo canal credibilidade\u201d.<\/p>\n<p>O presidente do BC destacou que a frustra\u00e7\u00e3o nas expectativas de crescimento econ\u00f4mico aconteceram em grande parte pelos pa\u00edses emergentes que, assim como o Brasil, reduziram as perspectivas de expans\u00e3o do Produto Interno Bruto (PIB) &#8211; soma de todos os bens e servi\u00e7os produzidos no pa\u00eds. \u201cO que o Brasil revisou para baixo de crescimento foi o mesmo que o Chile, a Col\u00f4mbia e o Peru. Na m\u00e9dia, est\u00e1 todo mundo entre 0,7% e 0,8%\u201d.<\/p>\n<p>Como fator positivo, Campos Neto, apontou para o fato de que a maior parte dos pa\u00edses est\u00e3o com taxas b\u00e1sicas de juros estimulando a circula\u00e7\u00e3o dos recursos. \u201cPa\u00edses que fizeram mais ou menos o dever de casa est\u00e3o com os juros baixos n\u00e3o tem um apelo inflacion\u00e1rio grande. Nisso, os mercados emergentes s\u00e3o favorecidos pelo fluxo\u201d.<\/p>\n<p>Por\u00e9m, mesmo com as condi\u00e7\u00f5es favor\u00e1veis, o presidente do BC acredita que h\u00e1 uma seletividade maior na aplica\u00e7\u00e3o desse dinheiro por parte dos investidores.<\/p>\n<p>Fonte: Ag\u00eancia Brasil<\/p>\n","protected":false},"excerpt":{"rendered":"<p>O presidente do Banco Central (BC), Roberto Campos Neto, disse nessa quinta-feira (8) que a situa\u00e7\u00e3o econ\u00f4mica do Brasil pede a manuten\u00e7\u00e3o dos juros em um patamar baixo. \u201cN\u00f3s achamos que a conjuntura econ\u00f4mica prescreve uma pol\u00edtica monet\u00e1ria estimulativa. Ou seja, um juros a baixa taxa estrutural. A evolu\u00e7\u00e3o do cen\u00e1rio b\u00e1sico e balan\u00e7o de [&hellip;]<\/p>\n","protected":false},"author":96,"featured_media":145647,"comment_status":"closed","ping_status":"closed","sticky":false,"template":"","format":"standard","meta":{"footnotes":""},"categories":[436,261,439],"tags":[],"class_list":["post-145646","post","type-post","status-publish","format-standard","has-post-thumbnail","hentry","category-destaque-da-semana","category-economia","category-ultima-hora"],"_links":{"self":[{"href":"https:\/\/diarioregionaldigital.com.br\/index.php?rest_route=\/wp\/v2\/posts\/145646","targetHints":{"allow":["GET"]}}],"collection":[{"href":"https:\/\/diarioregionaldigital.com.br\/index.php?rest_route=\/wp\/v2\/posts"}],"about":[{"href":"https:\/\/diarioregionaldigital.com.br\/index.php?rest_route=\/wp\/v2\/types\/post"}],"author":[{"embeddable":true,"href":"https:\/\/diarioregionaldigital.com.br\/index.php?rest_route=\/wp\/v2\/users\/96"}],"replies":[{"embeddable":true,"href":"https:\/\/diarioregionaldigital.com.br\/index.php?rest_route=%2Fwp%2Fv2%2Fcomments&post=145646"}],"version-history":[{"count":0,"href":"https:\/\/diarioregionaldigital.com.br\/index.php?rest_route=\/wp\/v2\/posts\/145646\/revisions"}],"wp:featuredmedia":[{"embeddable":true,"href":"https:\/\/diarioregionaldigital.com.br\/index.php?rest_route=\/wp\/v2\/media\/145647"}],"wp:attachment":[{"href":"https:\/\/diarioregionaldigital.com.br\/index.php?rest_route=%2Fwp%2Fv2%2Fmedia&parent=145646"}],"wp:term":[{"taxonomy":"category","embeddable":true,"href":"https:\/\/diarioregionaldigital.com.br\/index.php?rest_route=%2Fwp%2Fv2%2Fcategories&post=145646"},{"taxonomy":"post_tag","embeddable":true,"href":"https:\/\/diarioregionaldigital.com.br\/index.php?rest_route=%2Fwp%2Fv2%2Ftags&post=145646"}],"curies":[{"name":"wp","href":"https:\/\/api.w.org\/{rel}","templated":true}]}}