{"id":145643,"date":"2019-08-09T12:55:28","date_gmt":"2019-08-09T15:55:28","guid":{"rendered":"https:\/\/diarioregionaldigital.com.br\/?p=145643"},"modified":"2019-08-09T12:55:28","modified_gmt":"2019-08-09T15:55:28","slug":"judo-brasileiro-inicia-o-pan-com-dois-ouros","status":"publish","type":"post","link":"https:\/\/diarioregionaldigital.com.br\/?p=145643","title":{"rendered":"Jud\u00f4 brasileiro inicia o Pan com dois ouros"},"content":{"rendered":"<p>No primeiro dia de disputas do jud\u00f4 nos Jogos Pan-americanos de Lima o jud\u00f4 brasileiro trouxe duas medalhas douradas para casa. Outra modalidade na qual o Brasil ficou no lugar mais alto do p\u00f3dio foi no atletismo, nos 400 metros com barreira.<\/p>\n<h2>Jud\u00f4 de ouro<\/h2>\n<p>Uma modalidade na qual o Brasil tem tradi\u00e7\u00e3o de conquistar medalhas em pan-americanos \u00e9 o jud\u00f4. E n\u00e3o est\u00e1 sendo diferente em Lima. No primeiro dia de disputas da modalidade nesta edi\u00e7\u00e3o do evento, a equipe brasileira conseguiu duas medalhas douradas.<\/p>\n<p>A primeira conquista do dia veio com Renan Torres na categoria at\u00e9 60 quilos. Estreante em Pans, o jovem de 20 anos venceu na decis\u00e3o o equatoriano Lenin Preciado, que conquistou o t\u00edtulo em Toronto em 2015.<\/p>\n<p>Logo depois Larissa Pimenta conseguiu o seu ouro ao derrotar na decis\u00e3o a mexicana Luz Olvera na categoria at\u00e9 52 quilos.<\/p>\n<h2>Conquista no atletismo<\/h2>\n<p>O Brasil continua colecionando ouros foi no atletismo. Hoje a estrela foi Alisson Brendom, que venceu a prova dos 400 metros com barreiras. Em uma prova emocionante o brasileiro conseguiu alcan\u00e7ar a lideran\u00e7a apenas no final, ao saltar o \u00faltimo obst\u00e1culo. Ele completou a corrida com o tempo de 48s45.<\/p>\n<div class=\"SandboxRoot env-bp-350\" data-twitter-event-id=\"0\">\n<div id=\"twitter-widget-0\" class=\"EmbeddedTweet EmbeddedTweet--cta js-clickToOpenTarget\" lang=\"pt\" data-click-to-open-target=\"https:\/\/twitter.com\/timebrasil\/status\/1159607580903129088\" data-iframe-title=\"Tweet do Twitter\" data-scribe=\"page:tweet\" data-twitter-event-id=\"4\">\n<div class=\"EmbeddedTweet-tweetContainer\">\n<div class=\"EmbeddedTweet-tweet\">\n<blockquote class=\"Tweet h-entry js-tweetIdInfo subject expanded\" cite=\"https:\/\/twitter.com\/timebrasil\/status\/1159607580903129088\" data-tweet-id=\"1159607580903129088\" data-scribe=\"section:subject\">\n<div class=\"Tweet-header\"><a class=\"TweetAuthor-avatar  Identity-avatar u-linkBlend\" href=\"https:\/\/twitter.com\/timebrasil\" data-scribe=\"element:user_link\" aria-label=\"Time Brasil (nome de tela: timebrasil)\"><img decoding=\"async\" class=\"Avatar\" src=\"https:\/\/pbs.twimg.com\/profile_images\/1144310532394115073\/ATyJOyF2_normal.png\" alt=\"\" data-scribe=\"element:avatar\" data-src-2x=\"https:\/\/pbs.twimg.com\/profile_images\/1144310532394115073\/ATyJOyF2_bigger.png\" data-src-1x=\"https:\/\/pbs.twimg.com\/profile_images\/1144310532394115073\/ATyJOyF2_normal.png\" \/><\/a><\/p>\n<div class=\"TweetAuthor js-inViewportScribingTarget\" data-scribe=\"component:author\">\n<div class=\"TweetAuthor-nameScreenNameContainer\"><span class=\"TweetAuthor-decoratedName\"><span class=\"TweetAuthor-name Identity-name customisable-highlight\" title=\"Time Brasil\" data-scribe=\"element:name\">Time Brasil<\/span><\/span><\/p>\n<div class=\"Icon Icon--verified \" title=\"Conta Verificada\" role=\"img\" aria-label=\"Conta Verificada\"><\/div>\n<p><span class=\"TweetAuthor-decoratedName\"><span class=\"TweetAuthor-verifiedBadge\" data-scribe=\"element:verified_badge\"><b class=\"u-hiddenVisually\">&#x2714;<\/b><\/span><\/span><span class=\"TweetAuthor-screenName Identity-screenName\" dir=\"ltr\" title=\"@timebrasil\" data-scribe=\"element:screen_name\">@timebrasil<\/span><\/div>\n<\/div>\n<div class=\"Tweet-brand\">\n<div class=\"Icon Icon--twitter \" title=\"Ver no Twitter\" role=\"presentation\" aria-label=\"Ver no Twitter\"><\/div>\n<\/div>\n<\/div>\n<div class=\"Tweet-body e-entry-content\" data-scribe=\"component:tweet\">\n<div class=\"Tweet-target js-inViewportScribingTarget\"><\/div>\n<p class=\"Tweet-text e-entry-title\" dir=\"ltr\" lang=\"pt\">\u00c9 OUROOOOOO! <img decoding=\"async\" class=\"Emoji Emoji--forText\" title=\"Flag of Brazil\" draggable=\"false\" src=\"https:\/\/abs.twimg.com\/emoji\/v2\/72x72\/1f1e7-1f1f7.png\" alt=\"&#x1f1e7;&#x1f1f7;\" aria-label=\"Emoji: Flag of Brazil\" \/><img decoding=\"async\" class=\"Emoji Emoji--forText\" title=\"First place medal\" draggable=\"false\" src=\"https:\/\/abs.twimg.com\/emoji\/v2\/72x72\/1f947.png\" alt=\"&#x1f947;\" aria-label=\"Emoji: First place medal\" \/><\/p>\n<p>Alison Brendom, nos 400m com barreiras.<\/p>\n<p>Com direito a melhor marca pessoal: 48s45.<\/p>\n<p><img decoding=\"async\" class=\"Emoji Emoji--forText\" title=\"Camera\" draggable=\"false\" src=\"https:\/\/abs.twimg.com\/emoji\/v2\/72x72\/1f4f7.png\" alt=\"&#x1f4f7;\" aria-label=\"Emoji: Camera\" \/>Wander Roberto\/COB<\/p>\n<div class=\"Tweet-card\">\n<article class=\"MediaCard\n\n           customisable-border\" dir=\"ltr\" data-scribe=\"component:card\"><\/p>\n<div class=\"MediaCard-media\" data-scribe=\"element:photo\">\n<div class=\"MediaCard-widthConstraint js-cspForcedStyle\" data-style=\"max-width: 1200px\">\n<div class=\"MediaCard-mediaContainer js-cspForcedStyle MediaCard--roundedTop MediaCard--roundedBottom\" data-style=\"padding-bottom: 66.6667%\"><a class=\"MediaCard-mediaAsset NaturalImage\" href=\"https:\/\/twitter.com\/timebrasil\/status\/1159607580903129088\/photo\/1\"><img loading=\"lazy\" decoding=\"async\" class=\"NaturalImage-image\" title=\"Ver imagem no Twitter\" src=\"https:\/\/pbs.twimg.com\/media\/EBfA8U0UIAA_nT4?format=jpg&amp;name=small\" alt=\"Ver imagem no Twitter\" width=\"1200\" height=\"800\" data-image=\"https:\/\/pbs.twimg.com\/media\/EBfA8U0UIAA_nT4\" data-image-format=\"jpg\" \/><\/a><\/div>\n<\/div>\n<\/div>\n<\/article>\n<\/div>\n<div class=\"TweetInfo\">\n<div class=\"TweetInfo-like\">\n<div data-scribe=\"element:heart\">\n<div class=\"Icon Icon--heart \" title=\"Curtiu\" role=\"img\" aria-label=\"Curtiu\"><\/div>\n<\/div>\n<p><a class=\"TweetInfo-heart\" title=\"Curtiu\" href=\"https:\/\/twitter.com\/intent\/like?tweet_id=1159607580903129088\" data-scribe=\"component:actions\"><span class=\"TweetInfo-heartStat\" data-scribe=\"element:heart_count\">562<\/span><\/a><\/div>\n<div class=\"TweetInfo-timeGeo\"><a class=\"u-linkBlend u-url customisable-highlight long-permalink\" href=\"https:\/\/twitter.com\/timebrasil\/status\/1159607580903129088\" data-datetime=\"2019-08-08T23:29:26+0000\" data-scribe=\"element:full_timestamp\"><time class=\"dt-updated\" title=\"Hor\u00e1rio da publica\u00e7\u00e3o: 08 de agosto de 2019 23:29:26 (UTC)\" datetime=\"2019-08-08T23:29:26+0000\">20:29 &#8211; 8 de ago de 2019<\/time><\/a><\/div>\n<div class=\"tweet-InformationCircle\" data-scribe=\"element:notice\"><a class=\"Icon Icon--informationCircleWhite js-inViewportScribingTarget\" title=\"Informa\u00e7\u00f5es e privacidade no Twitter Ads\" href=\"https:\/\/support.twitter.com\/articles\/20175256\"><span class=\"u-hiddenVisually\">Informa\u00e7\u00f5es e privacidade no Twitter Ads<\/span><\/a><\/div>\n<\/div>\n<\/div>\n<\/blockquote>\n<\/div>\n<div class=\"CallToAction-icon\" data-scribe=\"element:conversation_icon\">\n<div class=\"Icon Icon--replyCTA \" title=\"Ver a conversa no Twitter\" role=\"img\" aria-label=\"Ver a conversa no Twitter\"><\/div>\n<\/div>\n<div class=\"CallToAction-text\" data-scribe=\"element:conversation_text\">133 pessoas est\u00e3o falando sobre isso<\/div>\n<div class=\"CallToAction-chevron\" data-scribe=\"element:cta_chevron\">\n<div class=\"Icon Icon--chevronRightCTA \" title=\"Ver no Twitter\" role=\"img\" aria-label=\"Ver no Twitter\"><\/div>\n<\/div>\n<\/div>\n<\/div>\n<div class=\"resize-sensor\">\n<div class=\"resize-sensor-expand\">\n<div><\/div>\n<\/div>\n<div class=\"resize-sensor-shrink\">\n<div><\/div>\n<\/div>\n<\/div>\n<\/div>\n<h2>Medalhas no remo<\/h2>\n<p>No primeiro dia de finais das provas de remo, o Brasil conquistou duas medalhas de bronze. No double Skiff, Uncas Tales e Lucas Verthein completaram os 2 mil metros da prova em 6min29s72. Eles ficaram atr\u00e1s da dupla da Argentina, que alcan\u00e7ou o tempo de 6min25s16, e da de Cuba, com 6min27s43.<\/p>\n<p>J\u00e1 no quatro sem, Alef Fontoura, F\u00e1bio Jos\u00e9 Moreira, Gabriel Moraes e Willian Giaretton conseguiram o tempo de 6min10s67, atr\u00e1s da Argentina (6min07s02) e de Cuba (6min09s53).<\/p>\n<div class=\"SandboxRoot env-bp-350\" data-twitter-event-id=\"1\">\n<div id=\"twitter-widget-1\" class=\"EmbeddedTweet EmbeddedTweet--cta js-clickToOpenTarget\" lang=\"pt\" data-click-to-open-target=\"https:\/\/twitter.com\/timebrasil\/status\/1159503704879443974\" data-iframe-title=\"Tweet do Twitter\" data-scribe=\"page:tweet\" data-twitter-event-id=\"5\">\n<div class=\"EmbeddedTweet-tweetContainer\">\n<div class=\"EmbeddedTweet-tweet\">\n<blockquote class=\"Tweet h-entry js-tweetIdInfo subject expanded\" cite=\"https:\/\/twitter.com\/timebrasil\/status\/1159503704879443974\" data-tweet-id=\"1159503704879443974\" data-scribe=\"section:subject\">\n<div class=\"Tweet-header\"><a class=\"TweetAuthor-avatar  Identity-avatar u-linkBlend\" href=\"https:\/\/twitter.com\/timebrasil\" data-scribe=\"element:user_link\" aria-label=\"Time Brasil (nome de tela: timebrasil)\"><img decoding=\"async\" class=\"Avatar\" src=\"https:\/\/pbs.twimg.com\/profile_images\/1144310532394115073\/ATyJOyF2_normal.png\" alt=\"\" data-scribe=\"element:avatar\" data-src-2x=\"https:\/\/pbs.twimg.com\/profile_images\/1144310532394115073\/ATyJOyF2_bigger.png\" data-src-1x=\"https:\/\/pbs.twimg.com\/profile_images\/1144310532394115073\/ATyJOyF2_normal.png\" \/><\/a><\/p>\n<div class=\"TweetAuthor js-inViewportScribingTarget\" data-scribe=\"component:author\">\n<div class=\"TweetAuthor-nameScreenNameContainer\"><span class=\"TweetAuthor-decoratedName\"><span class=\"TweetAuthor-name Identity-name customisable-highlight\" title=\"Time Brasil\" data-scribe=\"element:name\">Time Brasil<\/span><\/span><\/p>\n<div class=\"Icon Icon--verified \" title=\"Conta Verificada\" role=\"img\" aria-label=\"Conta Verificada\"><\/div>\n<p><span class=\"TweetAuthor-decoratedName\"><span class=\"TweetAuthor-verifiedBadge\" data-scribe=\"element:verified_badge\"><b class=\"u-hiddenVisually\">&#x2714;<\/b><\/span><\/span><span class=\"TweetAuthor-screenName Identity-screenName\" dir=\"ltr\" title=\"@timebrasil\" data-scribe=\"element:screen_name\">@timebrasil<\/span><\/div>\n<\/div>\n<div class=\"Tweet-brand\">\n<div class=\"Icon Icon--twitter \" title=\"Ver no Twitter\" role=\"presentation\" aria-label=\"Ver no Twitter\"><\/div>\n<\/div>\n<\/div>\n<div class=\"Tweet-body e-entry-content\" data-scribe=\"component:tweet\">\n<div class=\"Tweet-target js-inViewportScribingTarget\"><\/div>\n<p class=\"Tweet-text e-entry-title\" dir=\"ltr\" lang=\"pt\">DOIS BRONZEEEEEEEEEESSSSSS!!<\/p>\n<p>O remo est\u00e1 mandando bem nesta quinta-feira!<\/p>\n<p><img decoding=\"async\" class=\"Emoji Emoji--forText\" title=\"Third place medal\" draggable=\"false\" src=\"https:\/\/abs.twimg.com\/emoji\/v2\/72x72\/1f949.png\" alt=\"&#x1f949;\" aria-label=\"Emoji: Third place medal\" \/>Uncas Tales\/Lucas Verthein (Skiff Duplo)<br \/>\n<img decoding=\"async\" class=\"Emoji Emoji--forText\" title=\"Third place medal\" draggable=\"false\" src=\"https:\/\/abs.twimg.com\/emoji\/v2\/72x72\/1f949.png\" alt=\"&#x1f949;\" aria-label=\"Emoji: Third place medal\" \/> Willian Giaretton\/F\u00e1bio Moreira\/Alef Fontoura\/Gael Campos (Quatro Sem)<\/p>\n<p><img decoding=\"async\" class=\"Emoji Emoji--forText\" title=\"Camera with flash\" draggable=\"false\" src=\"https:\/\/abs.twimg.com\/emoji\/v2\/72x72\/1f4f8.png\" alt=\"&#x1f4f8;\" aria-label=\"Emoji: Camera with flash\" \/>: Wander Roberto\/COB<\/p>\n<div class=\"Tweet-card\">\n<article class=\"MediaCard\n\n           customisable-border\" dir=\"ltr\" data-scribe=\"component:card\"><\/p>\n<div class=\"MediaCard-mediaContainer MediaCard--roundedTop MediaCard--roundedBottom js-cspForcedStyle\" data-scribe=\"element:photo_grid\" data-style=\"padding-bottom: 50%\">\n<div class=\"MediaCard-mediaAsset ImageGrid ImageGrid--2\"><a class=\"ImageGrid-image ImageGrid-image-0 CroppedImage CroppedImage--fillHeight\" href=\"https:\/\/twitter.com\/timebrasil\/status\/1159503704879443974\/photo\/1\"><img loading=\"lazy\" decoding=\"async\" class=\"CroppedImage-image js-cspForcedStyle\" title=\"Ver imagem no Twitter\" src=\"https:\/\/pbs.twimg.com\/media\/EBdic47X4AAtKNO?format=jpg&amp;name=360x360\" alt=\"Ver imagem no Twitter\" width=\"1200\" height=\"800\" data-image=\"https:\/\/pbs.twimg.com\/media\/EBdic47X4AAtKNO\" data-image-format=\"jpg\" data-style=\"left:-24%;\" \/><\/a><a class=\"ImageGrid-image ImageGrid-image-1 CroppedImage CroppedImage--fillHeight\" href=\"https:\/\/twitter.com\/timebrasil\/status\/1159503704879443974\/photo\/1\"><img loading=\"lazy\" decoding=\"async\" class=\"CroppedImage-image js-cspForcedStyle\" title=\"Ver imagem no Twitter\" src=\"https:\/\/pbs.twimg.com\/media\/EBdidruX4AIcCQP?format=jpg&amp;name=360x360\" alt=\"Ver imagem no Twitter\" width=\"1200\" height=\"802\" data-image=\"https:\/\/pbs.twimg.com\/media\/EBdidruX4AIcCQP\" data-image-format=\"jpg\" data-style=\"left:-24%;\" \/><\/a><\/div>\n<\/div>\n<\/article>\n<\/div>\n<div class=\"TweetInfo\">\n<div class=\"TweetInfo-like\">\n<div data-scribe=\"element:heart\">\n<div class=\"Icon Icon--heart \" title=\"Curtiu\" role=\"img\" aria-label=\"Curtiu\"><\/div>\n<\/div>\n<p><a class=\"TweetInfo-heart\" title=\"Curtiu\" href=\"https:\/\/twitter.com\/intent\/like?tweet_id=1159503704879443974\" data-scribe=\"component:actions\"><span class=\"TweetInfo-heartStat\" data-scribe=\"element:heart_count\">279<\/span><\/a><\/div>\n<div class=\"TweetInfo-timeGeo\"><a class=\"u-linkBlend u-url customisable-highlight long-permalink\" href=\"https:\/\/twitter.com\/timebrasil\/status\/1159503704879443974\" data-datetime=\"2019-08-08T16:36:40+0000\" data-scribe=\"element:full_timestamp\"><time class=\"dt-updated\" title=\"Hor\u00e1rio da publica\u00e7\u00e3o: 08 de agosto de 2019 16:36:40 (UTC)\" datetime=\"2019-08-08T16:36:40+0000\">13:36 &#8211; 8 de ago de 2019<\/time><\/a><\/div>\n<div class=\"tweet-InformationCircle\" data-scribe=\"element:notice\"><a class=\"Icon Icon--informationCircleWhite js-inViewportScribingTarget\" title=\"Informa\u00e7\u00f5es e privacidade no Twitter Ads\" href=\"https:\/\/support.twitter.com\/articles\/20175256\"><span class=\"u-hiddenVisually\">Informa\u00e7\u00f5es e privacidade no Twitter Ads<\/span><\/a><\/div>\n<\/div>\n<\/div>\n<\/blockquote>\n<\/div>\n<div class=\"CallToAction-icon\" data-scribe=\"element:conversation_icon\">\n<div class=\"Icon Icon--replyCTA \" title=\"Ver a conversa no Twitter\" role=\"img\" aria-label=\"Ver a conversa no Twitter\"><\/div>\n<\/div>\n<div class=\"CallToAction-text\" data-scribe=\"element:conversation_text\">57 pessoas est\u00e3o falando sobre isso<\/div>\n<div class=\"CallToAction-chevron\" data-scribe=\"element:cta_chevron\">\n<div class=\"Icon Icon--chevronRightCTA \" title=\"Ver no Twitter\" role=\"img\" aria-label=\"Ver no Twitter\"><\/div>\n<\/div>\n<\/div>\n<\/div>\n<div class=\"resize-sensor\">\n<div class=\"resize-sensor-expand\">\n<div><\/div>\n<\/div>\n<div class=\"resize-sensor-shrink\">\n<div><\/div>\n<\/div>\n<\/div>\n<\/div>\n<h2>Bronze na luta livre<\/h2>\n<p>Outro terceiro lugar obtido por atleta brasileiro veio na categoria estilo livre da luta. Giulia Penalber conseguiu o bronze no feminino at\u00e9 57 quilos ap\u00f3s derrotar Paula Ramirez, da Nicaragu\u00e1.<\/p>\n<h2>Trope\u00e7o no v\u00f4lei<\/h2>\n<p>O ponto baixo do dia foi o trope\u00e7o da sele\u00e7\u00e3o feminina de v\u00f4lei diante da Argentina. O Brasil foi derrotado por 3 sets a 0. Como venceu Porto Rico na primeira rodada, agora precisa derrotar os EUA na pr\u00f3xima sexta para alcan\u00e7ar as semifinais.<\/p>\n<h2>Mais medalhas na nata\u00e7\u00e3o<\/h2>\n<p>No final da noite de ontem, in\u00edcio do dia de hoje (8), o Brasil garantiu mais 6 medalhas na nata\u00e7\u00e3o. O destaque aconteceu na prova masculina dos 200m livre, onde Fernando Scheffer foi ouro, com o tempo de 1min46s68, e Breno Correia foi prata, com o tempo de 1min47s47.<\/p>\n<p>Outra prata veio no revezamento 4&#215;100 misto. Os EUA completaram a prova em 3min24s84 e ficaram com o ouro. J\u00e1 Larissa Oliveira, Etiene Medeiros, Marcelo Chierighini e Breno Correia conseguiram a marca de 3min25s97 para levarem a prata.<\/p>\n<p>Al\u00e9m disso, conquistamos 3 bronzes: Vin\u00edcius Lanza (100m borboleta), Leonardo de Deus (200m costas) e Larissa Oliveira (200m livre).<\/p>\n<p>Hoje, o Brasil ainda conquistou o ouro com Marcelo Chierighini, nos 100m livre,\u00a0Larissa Oliveira ficou com o bronze nos 100m livre e\u00a0\u00a0Etiene Medeiros levou o bronze\u00a0nos 100m costas.<\/p>\n<div class=\"SandboxRoot env-bp-350\" data-twitter-event-id=\"2\">\n<div id=\"twitter-widget-2\" class=\"EmbeddedTweet EmbeddedTweet--cta js-clickToOpenTarget\" lang=\"pt\" data-click-to-open-target=\"https:\/\/twitter.com\/timebrasil\/status\/1159642981336408064\" data-iframe-title=\"Tweet do Twitter\" data-scribe=\"page:tweet\" data-twitter-event-id=\"6\">\n<div class=\"EmbeddedTweet-tweetContainer\">\n<div class=\"EmbeddedTweet-tweet\">\n<blockquote class=\"Tweet h-entry js-tweetIdInfo subject expanded\" cite=\"https:\/\/twitter.com\/timebrasil\/status\/1159642981336408064\" data-tweet-id=\"1159642981336408064\" data-scribe=\"section:subject\">\n<div class=\"Tweet-header\"><a class=\"TweetAuthor-avatar  Identity-avatar u-linkBlend\" href=\"https:\/\/twitter.com\/timebrasil\" data-scribe=\"element:user_link\" aria-label=\"Time Brasil (nome de tela: timebrasil)\"><img decoding=\"async\" class=\"Avatar\" src=\"https:\/\/pbs.twimg.com\/profile_images\/1144310532394115073\/ATyJOyF2_normal.png\" alt=\"\" data-scribe=\"element:avatar\" data-src-2x=\"https:\/\/pbs.twimg.com\/profile_images\/1144310532394115073\/ATyJOyF2_bigger.png\" data-src-1x=\"https:\/\/pbs.twimg.com\/profile_images\/1144310532394115073\/ATyJOyF2_normal.png\" \/><\/a><\/p>\n<div class=\"TweetAuthor js-inViewportScribingTarget\" data-scribe=\"component:author\">\n<div class=\"TweetAuthor-nameScreenNameContainer\"><span class=\"TweetAuthor-decoratedName\"><span class=\"TweetAuthor-name Identity-name customisable-highlight\" title=\"Time Brasil\" data-scribe=\"element:name\">Time Brasil<\/span><\/span><\/p>\n<div class=\"Icon Icon--verified \" title=\"Conta Verificada\" role=\"img\" aria-label=\"Conta Verificada\"><\/div>\n<p><span class=\"TweetAuthor-decoratedName\"><span class=\"TweetAuthor-verifiedBadge\" data-scribe=\"element:verified_badge\"><b class=\"u-hiddenVisually\">&#x2714;<\/b><\/span><\/span><span class=\"TweetAuthor-screenName Identity-screenName\" dir=\"ltr\" title=\"@timebrasil\" data-scribe=\"element:screen_name\">@timebrasil<\/span><\/div>\n<\/div>\n<div class=\"Tweet-brand\">\n<div class=\"Icon Icon--twitter \" title=\"Ver no Twitter\" role=\"presentation\" aria-label=\"Ver no Twitter\"><\/div>\n<\/div>\n<\/div>\n<div class=\"Tweet-body e-entry-content\" data-scribe=\"component:tweet\">\n<div class=\"Tweet-target js-inViewportScribingTarget\"><\/div>\n<p class=\"Tweet-text e-entry-title\" dir=\"ltr\" lang=\"pt\">\u00c9 OUROOOOOO! <img decoding=\"async\" class=\"Emoji Emoji--forText\" title=\"Flag of Brazil\" draggable=\"false\" src=\"https:\/\/abs.twimg.com\/emoji\/v2\/72x72\/1f1e7-1f1f7.png\" alt=\"&#x1f1e7;&#x1f1f7;\" aria-label=\"Emoji: Flag of Brazil\" \/><img decoding=\"async\" class=\"Emoji Emoji--forText\" title=\"First place medal\" draggable=\"false\" src=\"https:\/\/abs.twimg.com\/emoji\/v2\/72x72\/1f947.png\" alt=\"&#x1f947;\" aria-label=\"Emoji: First place medal\" \/><\/p>\n<p>Marcelo Chierighini, nos 100m livre!<\/p>\n<p>Que in\u00edcio de noite pra nossa nata\u00e7\u00e3o!<\/p>\n<p><img decoding=\"async\" class=\"Emoji Emoji--forText\" title=\"Camera\" draggable=\"false\" src=\"https:\/\/abs.twimg.com\/emoji\/v2\/72x72\/1f4f7.png\" alt=\"&#x1f4f7;\" aria-label=\"Emoji: Camera\" \/>Marcelo Pereira\/Exemplus\/COB<\/p>\n<div class=\"Tweet-card\">\n<article class=\"MediaCard\n\n           customisable-border\" dir=\"ltr\" data-scribe=\"component:card\"><\/p>\n<div class=\"MediaCard-media\" data-scribe=\"element:photo\">\n<div class=\"MediaCard-widthConstraint js-cspForcedStyle\" data-style=\"max-width: 1024px\">\n<div class=\"MediaCard-mediaContainer js-cspForcedStyle MediaCard--roundedTop MediaCard--roundedBottom\" data-style=\"padding-bottom: 66.6016%\"><a class=\"MediaCard-mediaAsset NaturalImage\" href=\"https:\/\/twitter.com\/timebrasil\/status\/1159642981336408064\/photo\/1\"><img loading=\"lazy\" decoding=\"async\" class=\"NaturalImage-image\" title=\"Ver imagem no Twitter\" src=\"https:\/\/pbs.twimg.com\/media\/EBfhJFCUcAM7Lcf?format=jpg&amp;name=small\" alt=\"Ver imagem no Twitter\" width=\"1024\" height=\"682\" data-image=\"https:\/\/pbs.twimg.com\/media\/EBfhJFCUcAM7Lcf\" data-image-format=\"jpg\" \/><\/a><\/div>\n<\/div>\n<\/div>\n<\/article>\n<\/div>\n<div class=\"TweetInfo\">\n<div class=\"TweetInfo-like\">\n<div data-scribe=\"element:heart\">\n<div class=\"Icon Icon--heart \" title=\"Curtiu\" role=\"img\" aria-label=\"Curtiu\"><\/div>\n<\/div>\n<p><a class=\"TweetInfo-heart\" title=\"Curtiu\" href=\"https:\/\/twitter.com\/intent\/like?tweet_id=1159642981336408064\" data-scribe=\"component:actions\"><span class=\"TweetInfo-heartStat\" data-scribe=\"element:heart_count\">630<\/span><\/a><\/div>\n<div class=\"TweetInfo-timeGeo\"><a class=\"u-linkBlend u-url customisable-highlight long-permalink\" href=\"https:\/\/twitter.com\/timebrasil\/status\/1159642981336408064\" data-datetime=\"2019-08-09T01:50:06+0000\" data-scribe=\"element:full_timestamp\"><time class=\"dt-updated\" title=\"Hor\u00e1rio da publica\u00e7\u00e3o: 09 de agosto de 2019 01:50:06 (UTC)\" datetime=\"2019-08-09T01:50:06+0000\">22:50 &#8211; 8 de ago de 2019<\/time><\/a><\/div>\n<div class=\"tweet-InformationCircle\" data-scribe=\"element:notice\"><a class=\"Icon Icon--informationCircleWhite js-inViewportScribingTarget\" title=\"Informa\u00e7\u00f5es e privacidade no Twitter Ads\" href=\"https:\/\/support.twitter.com\/articles\/20175256\"><span class=\"u-hiddenVisually\">Informa\u00e7\u00f5es e privacidade no Twitter Ads<\/span><\/a><\/div>\n<\/div>\n<\/div>\n<\/blockquote>\n<\/div>\n<div class=\"CallToAction-icon\" data-scribe=\"element:conversation_icon\">\n<div class=\"Icon Icon--replyCTA \" title=\"Ver a conversa no Twitter\" role=\"img\" aria-label=\"Ver a conversa no Twitter\"><\/div>\n<\/div>\n<div class=\"CallToAction-text\" data-scribe=\"element:conversation_text\">114 pessoas est\u00e3o falando sobre isso<\/div>\n<div class=\"CallToAction-chevron\" data-scribe=\"element:cta_chevron\">\n<div class=\"Icon Icon--chevronRightCTA \" title=\"Ver no Twitter\" role=\"img\" aria-label=\"Ver no Twitter\"><\/div>\n<\/div>\n<\/div>\n<\/div>\n<div class=\"resize-sensor\">\n<div class=\"resize-sensor-expand\">\n<div><\/div>\n<\/div>\n<div class=\"resize-sensor-shrink\">\n<div><\/div>\n<\/div>\n<\/div>\n<\/div>\n<h2>Basquete feminino nas semifinais<\/h2>\n<p>O basquete feminino conquistou uma vaga nas semifinais como primeira do grupo ap\u00f3s vencer o Paraguai por 81 a 37. Na semifinal amanh\u00e3 (9), a sele\u00e7\u00e3o brasileira enfrenta as colombianas.<\/p>\n<div class=\"SandboxRoot env-bp-350\" data-twitter-event-id=\"3\">\n<div id=\"twitter-widget-3\" class=\"EmbeddedTweet EmbeddedTweet--cta js-clickToOpenTarget\" lang=\"pt\" data-click-to-open-target=\"https:\/\/twitter.com\/timebrasil\/status\/1159635122754183168\" data-iframe-title=\"Tweet do Twitter\" data-scribe=\"page:tweet\" data-twitter-event-id=\"7\">\n<div class=\"EmbeddedTweet-tweetContainer\">\n<div class=\"EmbeddedTweet-tweet\">\n<blockquote class=\"Tweet h-entry js-tweetIdInfo subject expanded\" cite=\"https:\/\/twitter.com\/timebrasil\/status\/1159635122754183168\" data-tweet-id=\"1159635122754183168\" data-scribe=\"section:subject\">\n<div class=\"Tweet-header\"><a class=\"TweetAuthor-avatar  Identity-avatar u-linkBlend\" href=\"https:\/\/twitter.com\/timebrasil\" data-scribe=\"element:user_link\" aria-label=\"Time Brasil (nome de tela: timebrasil)\"><img decoding=\"async\" class=\"Avatar\" src=\"https:\/\/pbs.twimg.com\/profile_images\/1144310532394115073\/ATyJOyF2_normal.png\" alt=\"\" data-scribe=\"element:avatar\" data-src-2x=\"https:\/\/pbs.twimg.com\/profile_images\/1144310532394115073\/ATyJOyF2_bigger.png\" data-src-1x=\"https:\/\/pbs.twimg.com\/profile_images\/1144310532394115073\/ATyJOyF2_normal.png\" \/><\/a><\/p>\n<div class=\"TweetAuthor js-inViewportScribingTarget\" data-scribe=\"component:author\">\n<div class=\"TweetAuthor-nameScreenNameContainer\"><span class=\"TweetAuthor-decoratedName\"><span class=\"TweetAuthor-name Identity-name customisable-highlight\" title=\"Time Brasil\" data-scribe=\"element:name\">Time Brasil<\/span><\/span><\/p>\n<div class=\"Icon Icon--verified \" title=\"Conta Verificada\" role=\"img\" aria-label=\"Conta Verificada\"><\/div>\n<p><span class=\"TweetAuthor-decoratedName\"><span class=\"TweetAuthor-verifiedBadge\" data-scribe=\"element:verified_badge\"><b class=\"u-hiddenVisually\">&#x2714;<\/b><\/span><\/span><span class=\"TweetAuthor-screenName Identity-screenName\" dir=\"ltr\" title=\"@timebrasil\" data-scribe=\"element:screen_name\">@timebrasil<\/span><\/div>\n<\/div>\n<div class=\"Tweet-brand\">\n<div class=\"Icon Icon--twitter \" title=\"Ver no Twitter\" role=\"presentation\" aria-label=\"Ver no Twitter\"><\/div>\n<\/div>\n<\/div>\n<div class=\"Tweet-body e-entry-content\" data-scribe=\"component:tweet\">\n<div class=\"Tweet-target js-inViewportScribingTarget\"><\/div>\n<p class=\"Tweet-text e-entry-title\" dir=\"ltr\" lang=\"pt\">\u00c9 SEMIFINAL! <img decoding=\"async\" class=\"Emoji Emoji--forText\" title=\"Basketball\" draggable=\"false\" src=\"https:\/\/abs.twimg.com\/emoji\/v2\/72x72\/1f3c0.png\" alt=\"&#x1f3c0;\" aria-label=\"Emoji: Basketball\" \/><\/p>\n<p><img decoding=\"async\" class=\"Emoji Emoji--forText\" title=\"Flag of Brazil\" draggable=\"false\" src=\"https:\/\/abs.twimg.com\/emoji\/v2\/72x72\/1f1e7-1f1f7.png\" alt=\"&#x1f1e7;&#x1f1f7;\" aria-label=\"Emoji: Flag of Brazil\" \/> 81 x 37 <img decoding=\"async\" class=\"Emoji Emoji--forText\" title=\"Flag of Paraguay\" draggable=\"false\" src=\"https:\/\/abs.twimg.com\/emoji\/v2\/72x72\/1f1f5-1f1fe.png\" alt=\"&#x1f1f5;&#x1f1fe;\" aria-label=\"Emoji: Flag of Paraguay\" \/><\/p>\n<p>100% na primeira fase. Amanh\u00e3 \u00e9 semifinal contra a Col\u00f4mbia.<\/p>\n<p>Se liga no recado da Clarissa!<a class=\"PrettyLink profile customisable h-card\" dir=\"ltr\" href=\"https:\/\/twitter.com\/basquetebrasil\" data-mentioned-user-id=\"2750686260\" data-scribe=\"element:mention\"><span class=\"PrettyLink-prefix\">@<\/span><span class=\"PrettyLink-value\">basquetebrasil<\/span><\/a><\/p>\n<div class=\"Tweet-card\">\n<article class=\"MediaCard\n\n           cards-multimedia\n           customisable-border\" dir=\"ltr\" data-scribe=\"component:card\"><\/p>\n<div class=\"MediaCard-media\">\n<div class=\"MediaCard-widthConstraint js-cspForcedStyle\" data-style=\"max-width: 2000px\">\n<div class=\"MediaCard-mediaContainer MediaCard--roundedTop MediaCard--roundedBottom js-cspForcedStyle\" data-style=\"padding-bottom: 100.0000%\">\n<div class=\"NaturalImage-ctaOverlay PlayButton PlayButton--centered\" data-scribe=\"element:play_button\">\n<div class=\"Icon Icon--playCircle \" title=\"Reproduzir M\u00eddia\" role=\"img\" aria-label=\"Reproduzir M\u00eddia\"><\/div>\n<\/div>\n<p><a class=\"MediaCard-mediaAsset MediaCard-mediaPlaceholder NaturalImage NaturalImage--fill js-playableMediaInterstitial\" href=\"https:\/\/twitter.com\/timebrasil\/status\/1159635122754183168\"><img decoding=\"async\" class=\"NaturalImage-image\" src=\"https:\/\/pbs.twimg.com\/ext_tw_video_thumb\/1159635047311261696\/pu\/img\/l6mbjM3kEm-ip9Nr?format=jpg&amp;name=small\" alt=\"V\u00eddeo incorporado\" data-image=\"https:\/\/pbs.twimg.com\/ext_tw_video_thumb\/1159635047311261696\/pu\/img\/l6mbjM3kEm-ip9Nr\" data-scribe=\"element:poster_image\" \/><\/a><\/div>\n<\/div>\n<\/div>\n<\/article>\n<\/div>\n<div class=\"TweetInfo\">\n<div class=\"TweetInfo-like\">\n<div data-scribe=\"element:heart\">\n<div class=\"Icon Icon--heart \" title=\"Curtiu\" role=\"img\" aria-label=\"Curtiu\"><\/div>\n<\/div>\n<p><a class=\"TweetInfo-heart\" title=\"Curtiu\" href=\"https:\/\/twitter.com\/intent\/like?tweet_id=1159635122754183168\" data-scribe=\"component:actions\"><span class=\"TweetInfo-heartStat\" data-scribe=\"element:heart_count\">555<\/span><\/a><\/div>\n<div class=\"TweetInfo-timeGeo\"><a class=\"u-linkBlend u-url customisable-highlight long-permalink\" href=\"https:\/\/twitter.com\/timebrasil\/status\/1159635122754183168\" data-datetime=\"2019-08-09T01:18:52+0000\" data-scribe=\"element:full_timestamp\"><time class=\"dt-updated\" title=\"Hor\u00e1rio da publica\u00e7\u00e3o: 09 de agosto de 2019 01:18:52 (UTC)\" datetime=\"2019-08-09T01:18:52+0000\">22:18 &#8211; 8 de ago de 2019<\/time><\/a><\/div>\n<div class=\"tweet-InformationCircle\" data-scribe=\"element:notice\"><a class=\"Icon Icon--informationCircleWhite js-inViewportScribingTarget\" title=\"Informa\u00e7\u00f5es e privacidade no Twitter Ads\" href=\"https:\/\/support.twitter.com\/articles\/20175256\"><span class=\"u-hiddenVisually\">Informa\u00e7\u00f5es e privacidade no Twitter Ads<\/span><\/a><\/div>\n<\/div>\n<\/div>\n<\/blockquote>\n<\/div>\n<div class=\"CallToAction-icon\" data-scribe=\"element:conversation_icon\">\n<div class=\"Icon Icon--replyCTA \" title=\"Ver a conversa no Twitter\" role=\"img\" aria-label=\"Ver a conversa no Twitter\"><\/div>\n<\/div>\n<div class=\"CallToAction-text\" data-scribe=\"element:conversation_text\">85 pessoas est\u00e3o falando sobre isso<\/div>\n<div class=\"CallToAction-chevron\" data-scribe=\"element:cta_chevron\">\n<div class=\"Icon Icon--chevronRightCTA \" title=\"Ver no Twitter\" role=\"img\" aria-label=\"Ver no Twitter\"><\/div>\n<\/div>\n<\/div>\n<\/div>\n<div class=\"resize-sensor\">\n<div class=\"resize-sensor-expand\">\n<div><\/div>\n<\/div>\n<div class=\"resize-sensor-shrink\">\n<div><\/div>\n<\/div>\n<\/div>\n<\/div>\n<h2>Classifica\u00e7\u00e3o ol\u00edmpica<\/h2>\n<p>Na vela, Fernanda Oliveira e Ana Barbachan, da classe 470, garantiram sua classifica\u00e7\u00e3o para T\u00f3quio 2020 como uma das 6 melhores duplas que ainda n\u00e3o tinham a vaga ol\u00edmpica.<\/p>\n<p>Fonte: Ag\u00eancia Brasil<\/p>\n","protected":false},"excerpt":{"rendered":"<p>No primeiro dia de disputas do jud\u00f4 nos Jogos Pan-americanos de Lima o jud\u00f4 brasileiro trouxe duas medalhas douradas para casa. Outra modalidade na qual o Brasil ficou no lugar mais alto do p\u00f3dio foi no atletismo, nos 400 metros com barreira. Jud\u00f4 de ouro Uma modalidade na qual o Brasil tem tradi\u00e7\u00e3o de conquistar [&hellip;]<\/p>\n","protected":false},"author":96,"featured_media":145644,"comment_status":"closed","ping_status":"closed","sticky":false,"template":"","format":"standard","meta":{"footnotes":""},"categories":[436,257,439],"tags":[],"class_list":["post-145643","post","type-post","status-publish","format-standard","has-post-thumbnail","hentry","category-destaque-da-semana","category-esporte","category-ultima-hora"],"_links":{"self":[{"href":"https:\/\/diarioregionaldigital.com.br\/index.php?rest_route=\/wp\/v2\/posts\/145643","targetHints":{"allow":["GET"]}}],"collection":[{"href":"https:\/\/diarioregionaldigital.com.br\/index.php?rest_route=\/wp\/v2\/posts"}],"about":[{"href":"https:\/\/diarioregionaldigital.com.br\/index.php?rest_route=\/wp\/v2\/types\/post"}],"author":[{"embeddable":true,"href":"https:\/\/diarioregionaldigital.com.br\/index.php?rest_route=\/wp\/v2\/users\/96"}],"replies":[{"embeddable":true,"href":"https:\/\/diarioregionaldigital.com.br\/index.php?rest_route=%2Fwp%2Fv2%2Fcomments&post=145643"}],"version-history":[{"count":0,"href":"https:\/\/diarioregionaldigital.com.br\/index.php?rest_route=\/wp\/v2\/posts\/145643\/revisions"}],"wp:featuredmedia":[{"embeddable":true,"href":"https:\/\/diarioregionaldigital.com.br\/index.php?rest_route=\/wp\/v2\/media\/145644"}],"wp:attachment":[{"href":"https:\/\/diarioregionaldigital.com.br\/index.php?rest_route=%2Fwp%2Fv2%2Fmedia&parent=145643"}],"wp:term":[{"taxonomy":"category","embeddable":true,"href":"https:\/\/diarioregionaldigital.com.br\/index.php?rest_route=%2Fwp%2Fv2%2Fcategories&post=145643"},{"taxonomy":"post_tag","embeddable":true,"href":"https:\/\/diarioregionaldigital.com.br\/index.php?rest_route=%2Fwp%2Fv2%2Ftags&post=145643"}],"curies":[{"name":"wp","href":"https:\/\/api.w.org\/{rel}","templated":true}]}}