{"id":145604,"date":"2019-08-09T09:00:50","date_gmt":"2019-08-09T12:00:50","guid":{"rendered":"https:\/\/diarioregionaldigital.com.br\/?p=145604"},"modified":"2019-08-09T17:43:06","modified_gmt":"2019-08-09T20:43:06","slug":"julina-no-sircom","status":"publish","type":"post","link":"https:\/\/diarioregionaldigital.com.br\/?p=145604","title":{"rendered":"Julina no Sircom"},"content":{"rendered":"<p style=\"text-align: center;\"><strong>Leil\u00e3o <\/strong><\/p>\n<p style=\"text-align: center;\">Ser\u00e1 realizado no s\u00e1bado, 10, pelo Departamento de Tr\u00e2nsito de Minas Gerais (Detran-MG), por meio da Pol\u00edcia Civil, leil\u00f5es de ve\u00edculos em Juiz de Fora. Ser\u00e3o cerca de 690 ve\u00edculos, entre motos e carros que foram apreendidos e est\u00e3o recolhidos em dois p\u00e1tios da cidade.<\/p>\n<p style=\"text-align: center;\"><strong>Religiosidade<\/strong><\/p>\n<p style=\"text-align: center;\">Foi realizado com sucesso, com aval da C\u00e2mara Municipal de Juiz de Fora, a 16\u00aa edi\u00e7\u00e3o do \u201cFeij\u00e3o de Ogum\u201d, na qual foram debatidos formas de combate ao racismo religioso e a constru\u00e7\u00e3o de redes solid\u00e1rias entre os povos de terreiro. As discuss\u00f5es foram realizadas na C\u00e2mara, Jardim Bot\u00e2nico da UFJF e no Centro de Refer\u00eancia dos Direitos Humanos, no bairro Vitorino Braga.<\/p>\n<p style=\"text-align: center;\"><strong>Luxo<\/strong><\/p>\n<p style=\"text-align: center;\">A Jorge Bischoff est\u00e1 refor\u00e7ando a sua presen\u00e7a em Minas Gerais. At\u00e9 o final deste m\u00eas, ser\u00e3o duas novas lojas da grife de sapato e bolsas em Belo Horizonte. Sob o comando do casal Murilo Moises de Paula e Paula Antunes Ferreira, foi aberto as portas recentemente no BH Shopping. A outra loja ser\u00e1 no Boulevard Shopping, tamb\u00e9m em BH.<\/p>\n<p style=\"text-align: center;\"><strong>Versos <\/strong><\/p>\n<p style=\"text-align: center;\">Gente de arte e cultura marcaram presen\u00e7a no Bar da F\u00e1brica para prestigiar o evento promovido pela Uni\u00e3o Brasileira de Trovadores que lan\u00e7ou a obra \u201cM\u00faltiplas Palavras\u201d, com textos de 36 poetas, sendo 21 de Juiz de Fora. Os elogios foram para a organiza\u00e7\u00e3o da colet\u00e2nea feita pelo poeta Messias da Rocha com pref\u00e1cio da professora e escritora Leila Barbosa.<\/p>\n<p style=\"text-align: center;\"><strong>Gastronomia<\/strong><\/p>\n<p style=\"text-align: center;\">As pizzas, os bruxos e os jantares contempor\u00e2neos do chef nova-iorquino Sei Shiroma j\u00e1 s\u00e3o famosos por aqui. Agora, na volta de uma viagem ao Jap\u00e3o, terra de seu pai, ele vai colocar seus sushis e outros crus em um restaurante de Juiz de Fora e depois vai se instalar no South Ferro, em Botafogo (Rio) e vai preparar a del\u00edcia do prato maguro tartare que leva atum, gema, sal de katsuobushi e nori tempur\u00e1.<\/p>\n<p style=\"text-align: center;\"><strong>Teatro<\/strong><\/p>\n<p style=\"text-align: center;\">A Adapta\u00e7\u00e3o da Cyntilante Produ\u00e7\u00e3o para o espet\u00e1culo \u201cAladim\u201d dentro do projeto Divers\u00e3o em Cena ArcelorMital ser\u00e1 apresentado no domingo, 11, \u00e0s 16h, no Teatro Solar. Em 2019, o projeto comemora a 10\u00aa edi\u00e7\u00e3o. O programa \u00e9 considerado o evento de maior forma\u00e7\u00e3o de p\u00fablico para teatro infantil no Brasil.<\/p>\n<p style=\"text-align: center;\"><span style=\"font-size: 14pt;\"><strong>Julina no Sircom<\/strong><\/span><\/p>\n<p style=\"text-align: center;\">Com delicioso buffet de comidas t\u00edpicas do conceituado servi\u00e7o do \u201cA Festa \u00e9 Sua\u201d, foi realizado o 1\u00ba Arrai\u00e1 do Grupo Sircom no Espa\u00e7o de Conviv\u00eancia Interativo Coworking na rua Oscar Vidal, n\u00ba416, da empresa jornal\u00edstica. O clima de alto astral predominou e Jo\u00e3o Guilherme Santos fotografou para a coluna, os diretores e funcion\u00e1rios. Confiram.<\/p>\n<div id=\"attachment_145558\" style=\"width: 690px\" class=\"wp-caption aligncenter\"><img loading=\"lazy\" decoding=\"async\" aria-describedby=\"caption-attachment-145558\" class=\"wp-image-145558\" src=\"https:\/\/diarioregionaldigital.com.br\/wp-content\/uploads\/2019\/08\/fotoa-6-e1565327151312.jpg\" alt=\"\" width=\"680\" height=\"492\" srcset=\"https:\/\/diarioregionaldigital.com.br\/wp-content\/uploads\/2019\/08\/fotoa-6-e1565327151312.jpg 957w, https:\/\/diarioregionaldigital.com.br\/wp-content\/uploads\/2019\/08\/fotoa-6-e1565327151312-300x217.jpg 300w, https:\/\/diarioregionaldigital.com.br\/wp-content\/uploads\/2019\/08\/fotoa-6-e1565327151312-768x556.jpg 768w, https:\/\/diarioregionaldigital.com.br\/wp-content\/uploads\/2019\/08\/fotoa-6-e1565327151312-360x261.jpg 360w\" sizes=\"auto, (max-width: 680px) 100vw, 680px\" \/><p id=\"caption-attachment-145558\" class=\"wp-caption-text\">A equipe: Cristiane Gomes, S\u00e1vio Duque, Danielle Zamboni, Jane Arag\u00e3o (presidente) Fl\u00e1via Arag\u00e3o Platz (Dir. Financeira), P\u00e2mela Elise , Eduardo Gomes (colunista), R\u00f4mullo Vieira, Jo\u00e3o Guilherme Santos e Pablo Bersa<\/p><\/div>\n<div id=\"attachment_145559\" style=\"width: 690px\" class=\"wp-caption aligncenter\"><img loading=\"lazy\" decoding=\"async\" aria-describedby=\"caption-attachment-145559\" class=\"wp-image-145559\" src=\"https:\/\/diarioregionaldigital.com.br\/wp-content\/uploads\/2019\/08\/fotob-5.jpg\" alt=\"\" width=\"680\" height=\"453\" srcset=\"https:\/\/diarioregionaldigital.com.br\/wp-content\/uploads\/2019\/08\/fotob-5.jpg 1944w, https:\/\/diarioregionaldigital.com.br\/wp-content\/uploads\/2019\/08\/fotob-5-300x200.jpg 300w, https:\/\/diarioregionaldigital.com.br\/wp-content\/uploads\/2019\/08\/fotob-5-768x512.jpg 768w, https:\/\/diarioregionaldigital.com.br\/wp-content\/uploads\/2019\/08\/fotob-5-1024x683.jpg 1024w, https:\/\/diarioregionaldigital.com.br\/wp-content\/uploads\/2019\/08\/fotob-5-360x240.jpg 360w\" sizes=\"auto, (max-width: 680px) 100vw, 680px\" \/><p id=\"caption-attachment-145559\" class=\"wp-caption-text\">Equipe Ag\u00eancia Formigueiro: bruno Fonseca (presidente), Iago Silva e Jo\u00e3o Lucas Silva<\/p><\/div>\n<div id=\"attachment_145560\" style=\"width: 690px\" class=\"wp-caption aligncenter\"><img loading=\"lazy\" decoding=\"async\" aria-describedby=\"caption-attachment-145560\" class=\"wp-image-145560\" src=\"https:\/\/diarioregionaldigital.com.br\/wp-content\/uploads\/2019\/08\/fotoc-5.jpg\" alt=\"\" width=\"680\" height=\"453\" srcset=\"https:\/\/diarioregionaldigital.com.br\/wp-content\/uploads\/2019\/08\/fotoc-5.jpg 1944w, https:\/\/diarioregionaldigital.com.br\/wp-content\/uploads\/2019\/08\/fotoc-5-300x200.jpg 300w, https:\/\/diarioregionaldigital.com.br\/wp-content\/uploads\/2019\/08\/fotoc-5-768x512.jpg 768w, https:\/\/diarioregionaldigital.com.br\/wp-content\/uploads\/2019\/08\/fotoc-5-1024x683.jpg 1024w, https:\/\/diarioregionaldigital.com.br\/wp-content\/uploads\/2019\/08\/fotoc-5-360x240.jpg 360w\" sizes=\"auto, (max-width: 680px) 100vw, 680px\" \/><p id=\"caption-attachment-145560\" class=\"wp-caption-text\">S\u00e9rgio de Carvalho e Jane Arag\u00e3o<\/p><\/div>\n<div id=\"attachment_145561\" style=\"width: 690px\" class=\"wp-caption aligncenter\"><img loading=\"lazy\" decoding=\"async\" aria-describedby=\"caption-attachment-145561\" class=\"wp-image-145561\" src=\"https:\/\/diarioregionaldigital.com.br\/wp-content\/uploads\/2019\/08\/fotod-5.jpg\" alt=\"\" width=\"680\" height=\"453\" srcset=\"https:\/\/diarioregionaldigital.com.br\/wp-content\/uploads\/2019\/08\/fotod-5.jpg 1944w, https:\/\/diarioregionaldigital.com.br\/wp-content\/uploads\/2019\/08\/fotod-5-300x200.jpg 300w, https:\/\/diarioregionaldigital.com.br\/wp-content\/uploads\/2019\/08\/fotod-5-768x512.jpg 768w, https:\/\/diarioregionaldigital.com.br\/wp-content\/uploads\/2019\/08\/fotod-5-1024x683.jpg 1024w, https:\/\/diarioregionaldigital.com.br\/wp-content\/uploads\/2019\/08\/fotod-5-360x240.jpg 360w\" sizes=\"auto, (max-width: 680px) 100vw, 680px\" \/><p id=\"caption-attachment-145561\" class=\"wp-caption-text\">Enzo Arag\u00e3o Platz e Fl\u00e1via Arag\u00e3o Platz<\/p><\/div>\n<div id=\"attachment_145562\" style=\"width: 690px\" class=\"wp-caption aligncenter\"><img loading=\"lazy\" decoding=\"async\" aria-describedby=\"caption-attachment-145562\" class=\"wp-image-145562\" src=\"https:\/\/diarioregionaldigital.com.br\/wp-content\/uploads\/2019\/08\/fotoe-4.jpg\" alt=\"\" width=\"680\" height=\"453\" srcset=\"https:\/\/diarioregionaldigital.com.br\/wp-content\/uploads\/2019\/08\/fotoe-4.jpg 1758w, https:\/\/diarioregionaldigital.com.br\/wp-content\/uploads\/2019\/08\/fotoe-4-300x200.jpg 300w, https:\/\/diarioregionaldigital.com.br\/wp-content\/uploads\/2019\/08\/fotoe-4-768x511.jpg 768w, https:\/\/diarioregionaldigital.com.br\/wp-content\/uploads\/2019\/08\/fotoe-4-1024x682.jpg 1024w, https:\/\/diarioregionaldigital.com.br\/wp-content\/uploads\/2019\/08\/fotoe-4-360x240.jpg 360w\" sizes=\"auto, (max-width: 680px) 100vw, 680px\" \/><p id=\"caption-attachment-145562\" class=\"wp-caption-text\">Pablo Bersan, Jo\u00e3o Guilherme Santos, P\u00e2mela Elise, Crislaine Gomes, S\u00e1vio Duque<\/p><\/div>\n<div id=\"attachment_145563\" style=\"width: 690px\" class=\"wp-caption aligncenter\"><img loading=\"lazy\" decoding=\"async\" aria-describedby=\"caption-attachment-145563\" class=\"wp-image-145563\" src=\"https:\/\/diarioregionaldigital.com.br\/wp-content\/uploads\/2019\/08\/fotof-5.jpg\" alt=\"\" width=\"680\" height=\"453\" srcset=\"https:\/\/diarioregionaldigital.com.br\/wp-content\/uploads\/2019\/08\/fotof-5.jpg 1944w, https:\/\/diarioregionaldigital.com.br\/wp-content\/uploads\/2019\/08\/fotof-5-300x200.jpg 300w, https:\/\/diarioregionaldigital.com.br\/wp-content\/uploads\/2019\/08\/fotof-5-768x512.jpg 768w, https:\/\/diarioregionaldigital.com.br\/wp-content\/uploads\/2019\/08\/fotof-5-1024x683.jpg 1024w, https:\/\/diarioregionaldigital.com.br\/wp-content\/uploads\/2019\/08\/fotof-5-360x240.jpg 360w\" sizes=\"auto, (max-width: 680px) 100vw, 680px\" \/><p id=\"caption-attachment-145563\" class=\"wp-caption-text\">R\u00f4mullo Vieira e Claudio Roberto<\/p><\/div>\n<div id=\"attachment_145564\" style=\"width: 690px\" class=\"wp-caption aligncenter\"><img loading=\"lazy\" decoding=\"async\" aria-describedby=\"caption-attachment-145564\" class=\"wp-image-145564\" src=\"https:\/\/diarioregionaldigital.com.br\/wp-content\/uploads\/2019\/08\/fotog-3.jpg\" alt=\"\" width=\"680\" height=\"451\" srcset=\"https:\/\/diarioregionaldigital.com.br\/wp-content\/uploads\/2019\/08\/fotog-3.jpg 1764w, https:\/\/diarioregionaldigital.com.br\/wp-content\/uploads\/2019\/08\/fotog-3-300x199.jpg 300w, https:\/\/diarioregionaldigital.com.br\/wp-content\/uploads\/2019\/08\/fotog-3-768x509.jpg 768w, https:\/\/diarioregionaldigital.com.br\/wp-content\/uploads\/2019\/08\/fotog-3-1024x679.jpg 1024w, https:\/\/diarioregionaldigital.com.br\/wp-content\/uploads\/2019\/08\/fotog-3-360x239.jpg 360w\" sizes=\"auto, (max-width: 680px) 100vw, 680px\" \/><p id=\"caption-attachment-145564\" class=\"wp-caption-text\">S\u00e1vio Duque e M\u00e1rcio Monteiro<\/p><\/div>\n<p style=\"text-align: center;\"><strong>FOTOSS\u00cdNTESE<\/strong><\/p>\n<p>Vai bombar no s\u00e1bado, 10, no Trade Hotel, a super festa de 20 anos do Zine Cultural. A animada tarde ter\u00e1 atra\u00e7\u00f5es musicais e muito alto astral. Merci pelo convite.<\/p>\n<p>Com sua alegria de viver a advogada Joannyria Roselei Teixeira festeja seu anivers\u00e1rio na 6\u00aa feira, 9, com super festa no Orizzonte.<\/p>\n<p>Sandra Portella, Hermelinda Souza, Patr\u00edcia Caniato, Gilberto Peixoto (Telekete), V\u00f4 Tonho e Eveline Toledo marcaram presen\u00e7a no samba de sexta-feira, na Churrascaria Pal\u00e1cio.<\/p>\n<p>Muito gente jovem e bonita ir\u00e3o marcar presen\u00e7a na 27\u00aa Expodores, de 24 de agosto a 1\u00aa de setembro em Dores de Turvo (MG). Dentre atra\u00e7\u00f5es Thaeme &amp; Thiago, Fator 4, KWI e Juliano Ara\u00fajo.<\/p>\n<p>No s\u00e1bado, 10, no Teatro Casa de Boneco em Tiradentes (MG), tem super apresenta\u00e7\u00e3o do espet\u00e1culo \u201cO Construtor do Imagin\u00e1rio\u201d, \u00e0s 20h.<\/p>\n<p>O Teatro Paschoal Carlos Magno estar\u00e1 todo purpurinado no dia 17 de agosto, \u00e0s 18h para a apresenta\u00e7\u00e3o do espet\u00e1culo Les Girls \u2013 Forever 2019, com participa\u00e7\u00f5es especiais das transformistas Andressa Saint-Clair, Aurora The With, Jeycon Ferraz, Rayane Ravel, Camila Borges, Sarah Carlos Sartori e dire\u00e7\u00e3o geral de Safira Bengel. Entrada Franca.<\/p>\n<p>A artista-pl\u00e1stica Heloiza Curzio circula em Madri visitando galerias, museus e restaurantes elegantes.<\/p>\n<p>Ricardo Alex e M\u00e1rcio Marques fazem preview da cole\u00e7\u00e3o primavera-ver\u00e3o da loja M.Marques este final de semana. L\u00e1 tem as roupas masculinas mais lindas do peda\u00e7o fashion de Juiz de Fora.<\/p>\n<p>Gracinha e Luiz Homem de Faria receberam no bonito Hotel Fazenda Santa Helena a turma do mountain bike para o 1\u00ba All Mountain.<\/p>\n<p>No auge de seus 14 anos, o jovem ciclista juiz-forano Luiz Miguel de Assis venceu a etapa do estadual nos Jogos Escolares de Minas Gerais (JEMG), em Uberl\u00e2ndia (MG).<\/p>\n<p>Para dar dois toques: Estabele\u00e7a graus de confian\u00e7a e aproveite esta fase de agosto para reconquistar seus valores e pare com aquele papinho de buscar algu\u00e9m que te complete. Passe a se colocar em primeiro lugar. Bom dia.<\/p>\n<p>&nbsp;<\/p>\n<p><img loading=\"lazy\" decoding=\"async\" class=\"aligncenter size-full wp-image-145608\" src=\"https:\/\/diarioregionaldigital.com.br\/wp-content\/uploads\/2019\/08\/arte-coluna-social-2-1.png\" alt=\"\" width=\"3508\" height=\"709\" srcset=\"https:\/\/diarioregionaldigital.com.br\/wp-content\/uploads\/2019\/08\/arte-coluna-social-2-1.png 3508w, https:\/\/diarioregionaldigital.com.br\/wp-content\/uploads\/2019\/08\/arte-coluna-social-2-1-300x61.png 300w, https:\/\/diarioregionaldigital.com.br\/wp-content\/uploads\/2019\/08\/arte-coluna-social-2-1-768x155.png 768w, https:\/\/diarioregionaldigital.com.br\/wp-content\/uploads\/2019\/08\/arte-coluna-social-2-1-1024x207.png 1024w, https:\/\/diarioregionaldigital.com.br\/wp-content\/uploads\/2019\/08\/arte-coluna-social-2-1-360x73.png 360w\" sizes=\"auto, (max-width: 3508px) 100vw, 3508px\" \/><\/p>\n","protected":false},"excerpt":{"rendered":"<p>Leil\u00e3o Ser\u00e1 realizado no s\u00e1bado, 10, pelo Departamento de Tr\u00e2nsito de Minas Gerais (Detran-MG), por meio da Pol\u00edcia Civil, leil\u00f5es de ve\u00edculos em Juiz de Fora. Ser\u00e3o cerca de 690 ve\u00edculos, entre motos e carros que foram apreendidos e est\u00e3o recolhidos em dois p\u00e1tios da cidade. Religiosidade Foi realizado com sucesso, com aval da C\u00e2mara [&hellip;]<\/p>\n","protected":false},"author":96,"featured_media":145558,"comment_status":"closed","ping_status":"closed","sticky":false,"template":"","format":"standard","meta":{"footnotes":""},"categories":[264],"tags":[],"class_list":["post-145604","post","type-post","status-publish","format-standard","has-post-thumbnail","hentry","category-eduardo-gomes"],"_links":{"self":[{"href":"https:\/\/diarioregionaldigital.com.br\/index.php?rest_route=\/wp\/v2\/posts\/145604","targetHints":{"allow":["GET"]}}],"collection":[{"href":"https:\/\/diarioregionaldigital.com.br\/index.php?rest_route=\/wp\/v2\/posts"}],"about":[{"href":"https:\/\/diarioregionaldigital.com.br\/index.php?rest_route=\/wp\/v2\/types\/post"}],"author":[{"embeddable":true,"href":"https:\/\/diarioregionaldigital.com.br\/index.php?rest_route=\/wp\/v2\/users\/96"}],"replies":[{"embeddable":true,"href":"https:\/\/diarioregionaldigital.com.br\/index.php?rest_route=%2Fwp%2Fv2%2Fcomments&post=145604"}],"version-history":[{"count":0,"href":"https:\/\/diarioregionaldigital.com.br\/index.php?rest_route=\/wp\/v2\/posts\/145604\/revisions"}],"wp:featuredmedia":[{"embeddable":true,"href":"https:\/\/diarioregionaldigital.com.br\/index.php?rest_route=\/wp\/v2\/media\/145558"}],"wp:attachment":[{"href":"https:\/\/diarioregionaldigital.com.br\/index.php?rest_route=%2Fwp%2Fv2%2Fmedia&parent=145604"}],"wp:term":[{"taxonomy":"category","embeddable":true,"href":"https:\/\/diarioregionaldigital.com.br\/index.php?rest_route=%2Fwp%2Fv2%2Fcategories&post=145604"},{"taxonomy":"post_tag","embeddable":true,"href":"https:\/\/diarioregionaldigital.com.br\/index.php?rest_route=%2Fwp%2Fv2%2Ftags&post=145604"}],"curies":[{"name":"wp","href":"https:\/\/api.w.org\/{rel}","templated":true}]}}