{"id":145581,"date":"2019-08-11T06:00:29","date_gmt":"2019-08-11T09:00:29","guid":{"rendered":"https:\/\/diarioregionaldigital.com.br\/?p=145581"},"modified":"2019-08-08T18:49:43","modified_gmt":"2019-08-08T21:49:43","slug":"a-nao-participacao-de-condominos-e-moradores","status":"publish","type":"post","link":"https:\/\/diarioregionaldigital.com.br\/?p=145581","title":{"rendered":"A n\u00e3o participa\u00e7\u00e3o de Cond\u00f4minos e moradores&#8230;"},"content":{"rendered":"<p>Conforme j\u00e1 comentado a falta de conhecimento necess\u00e1rios a uma gest\u00e3o eficaz, leva a v\u00e1rias situa\u00e7\u00f5es de conflitos, da\u00ed a vis\u00e3o individualista para uma vis\u00e3o coletiva, proposta pelo atual C\u00f3digo Civil (lei 10.406\/02).<\/p>\n<p>Dois fatos que somados a falta conhecimento e a omiss\u00e3o dos cond\u00f4minos e moradores levam os mesmos a n\u00e3o participarem das assembleias dos condom\u00ednios.\u00a0 A primeira \u00e9 a atua\u00e7\u00e3o dos s\u00edndicos, subs\u00edndicos e conselheiros consultivos, que n\u00e3o desenvolvem nenhum trabalho junto aos cond\u00f4minos e moradores, que a participa\u00e7\u00e3o \u00e9 algo que pode fazer com sua opini\u00f5es e conhecimentos possam tornar o condom\u00ednio melhor. A segunda \u00e9 que as pautas das assembleias s\u00e3o mal planejadas e os editais de convoca\u00e7\u00e3o n\u00e3o traz clareza nos assuntos em apreciam s\u00e3o importantes na vida condominial e que envolvem at\u00e9 mesmo os custos das despesas, que s\u00e3o rateadas por todas unidades do pr\u00e9dio, conforme determinam as leis. \u00c9 claro que existem outras raz\u00f5es nas aus\u00eancias daqueles que conforme o C\u00f3digo Civil deviam ser um fiscal no interesse da coletividade condominial. Constantemente um grande n\u00famero de cond\u00f4minos e at\u00e9 mesmo de pessoas que fazem parte da administra\u00e7\u00e3o que n\u00e3o realizam o que lhe cabe e tentam justificar-se com as raz\u00f5es mais variadas. Uma raz\u00e3o muito comum \u00e9 \u201cn\u00e3o tive tempo\u201d, \u00e9 que essas pessoas embora sabem que tempo \u00e9 s\u00f3 quest\u00e3o de prioridade. O mais interessante \u00e9 que muitas dessas pessoas s\u00f3 teriam que prestar contas a si mesmas e mais ningu\u00e9m, mas mesmo, assim, ficam se desculpando\u201d.<\/p>\n<p>\u00c9 preciso analisar desculpa n\u00e3o \u00e9 a justificativa que damos para os outros, ou para n\u00f3s mesmos, para deixarmos de fazer algo por comodidade, por n\u00e3o o sentimos como priorit\u00e1rio, importante, etc. mas que n\u00e3o assumimos a verdadeira raz\u00e3o dessa decis\u00e3o perante os outros e n\u00f3s mesmos. Cabe-nos verificar e aplicar, que quando a for\u00e7a de vontade, as responsabilidades entram por uma porta, a famosa desculpa sai por outra. Da\u00ed a necessidade de termos a coragem de assumir que algo n\u00e3o \u00e9 prioridade ou n\u00e3o queremos fazer, a famosa desculpa torna-se desnecess\u00e1ria, mas, devemos lembrar que estamos deixando de comparecer a uma Assembleia Condominial, estamos a deixar passar a oportunidade de mudar algo que n\u00e3o concordamos ou algo que podemos melhorar. Precisamos ser capazes de perceber a gravidade de uma situa\u00e7\u00e3o e termos a dignidade de n\u00e3o nos omitirmos, lutamos contra a praga da desculpa e da terr\u00edvel omiss\u00e3o e assumimos o nosso papel, fazemos o que temos que fazer, n\u00e3o transferimos a outros mediantes falsas justificativas. Na vida da comunidade condominial, temos que criar o saud\u00e1vel habito de dialogar uns com os outros e buscarmos a solu\u00e7\u00f5es juntos, pois, as contas s\u00e3o pagas por todas as unidades a cada in\u00edcio de m\u00eas. Precisamos aprender entre o que \u00e9 provis\u00f3rio e o definitivo. Provis\u00f3rio \u00e9 aquilo que tem um tempo definido; uma import\u00e2ncia relativa; uma dura\u00e7\u00e3o limitada. Definitivo \u00e9 o que perdura no tempo; ultrapassa os limites da pr\u00f3pria situa\u00e7\u00e3o; \u00e9 o que restar\u00e1 quando tudo o que for provis\u00f3rio passar.<\/p>\n<p>At\u00e9 o Pr\u00f3ximo.<\/p>\n","protected":false},"excerpt":{"rendered":"<p>Conforme j\u00e1 comentado a falta de conhecimento necess\u00e1rios a uma gest\u00e3o eficaz, leva a v\u00e1rias situa\u00e7\u00f5es de conflitos, da\u00ed a vis\u00e3o individualista para uma vis\u00e3o coletiva, proposta pelo atual C\u00f3digo Civil (lei 10.406\/02). Dois fatos que somados a falta conhecimento e a omiss\u00e3o dos cond\u00f4minos e moradores levam os mesmos a n\u00e3o participarem das assembleias [&hellip;]<\/p>\n","protected":false},"author":96,"featured_media":97691,"comment_status":"closed","ping_status":"closed","sticky":false,"template":"","format":"standard","meta":{"footnotes":""},"categories":[435,297,439],"tags":[],"class_list":["post-145581","post","type-post","status-publish","format-standard","has-post-thumbnail","hentry","category-colunas","category-jose-maria-braz-pereira","category-ultima-hora"],"_links":{"self":[{"href":"https:\/\/diarioregionaldigital.com.br\/index.php?rest_route=\/wp\/v2\/posts\/145581","targetHints":{"allow":["GET"]}}],"collection":[{"href":"https:\/\/diarioregionaldigital.com.br\/index.php?rest_route=\/wp\/v2\/posts"}],"about":[{"href":"https:\/\/diarioregionaldigital.com.br\/index.php?rest_route=\/wp\/v2\/types\/post"}],"author":[{"embeddable":true,"href":"https:\/\/diarioregionaldigital.com.br\/index.php?rest_route=\/wp\/v2\/users\/96"}],"replies":[{"embeddable":true,"href":"https:\/\/diarioregionaldigital.com.br\/index.php?rest_route=%2Fwp%2Fv2%2Fcomments&post=145581"}],"version-history":[{"count":0,"href":"https:\/\/diarioregionaldigital.com.br\/index.php?rest_route=\/wp\/v2\/posts\/145581\/revisions"}],"wp:featuredmedia":[{"embeddable":true,"href":"https:\/\/diarioregionaldigital.com.br\/index.php?rest_route=\/wp\/v2\/media\/97691"}],"wp:attachment":[{"href":"https:\/\/diarioregionaldigital.com.br\/index.php?rest_route=%2Fwp%2Fv2%2Fmedia&parent=145581"}],"wp:term":[{"taxonomy":"category","embeddable":true,"href":"https:\/\/diarioregionaldigital.com.br\/index.php?rest_route=%2Fwp%2Fv2%2Fcategories&post=145581"},{"taxonomy":"post_tag","embeddable":true,"href":"https:\/\/diarioregionaldigital.com.br\/index.php?rest_route=%2Fwp%2Fv2%2Ftags&post=145581"}],"curies":[{"name":"wp","href":"https:\/\/api.w.org\/{rel}","templated":true}]}}