{"id":145580,"date":"2019-08-11T06:00:16","date_gmt":"2019-08-11T09:00:16","guid":{"rendered":"https:\/\/diarioregionaldigital.com.br\/?p=145580"},"modified":"2019-08-08T18:48:47","modified_gmt":"2019-08-08T21:48:47","slug":"compromissos-versus-acoes-priorizacao","status":"publish","type":"post","link":"https:\/\/diarioregionaldigital.com.br\/?p=145580","title":{"rendered":"Compromissos versus A\u00e7\u00f5es \u2014 Prioriza\u00e7\u00e3o"},"content":{"rendered":"<p>Nunca \u00e9 uma quest\u00e3o de tempo.<br \/>\nSempre \u00e9 uma quest\u00e3o de prioridade.<\/p>\n<p>A partir do momento que voc\u00ea se decide pela carreira executiva, sua aten\u00e7\u00e3o estar\u00e1 focada nas oportunidades para essa realiza\u00e7\u00e3o. E voc\u00ea, tamb\u00e9m, ter\u00e1 de se comportar como um executivo, dispondo-se a priorizar determinadas coisas que n\u00e3o priorizaria se escolhesse ser jardineiro, por exemplo.<\/p>\n<p>Voc\u00ea sabe o que \u00e9 importante na sua agenda? Saiba que o urgente nem sempre \u00e9 importante. E que o importante nem sempre \u00e9 urgente.<\/p>\n<p>Quando o telefone toca, \u00e9 urgente atend\u00ea-lo; mas pode ser engano ou uma chamada sem nenhuma import\u00e2ncia. J\u00e1, visitar os pais idosos \u00e9 importante, mas n\u00e3o necessariamente urgente, a menos que um deles esteja hospitalizado.<\/p>\n<h3>Como voc\u00ea gasta o seu tempo?<\/h3>\n<ul>\n<li><strong>Perda de tempo<\/strong>: Realizar tarefas que n\u00e3o s\u00e3o urgentes nem importantes \u00e9 perda de tempo, como fazer relat\u00f3rios in\u00fateis, por exemplo.<\/li>\n<li><strong>Ossos do of\u00edcio<\/strong>: J\u00e1 as interrup\u00e7\u00f5es, necess\u00e1rias ou desnecess\u00e1rias, bem como os problemas urgentes, s\u00e3o ossos do of\u00edcio. Ou seja: s\u00e3o urgentes, mas n\u00e3o s\u00e3o importantes.<\/li>\n<li><strong>Compromissos programados<\/strong>: Cumprir compromissos previamente agendados \u00e9 urgente e \u00e9 importante.<\/li>\n<li><strong>A\u00e7\u00f5es produtivas<\/strong>: Envolver-se em atividades que n\u00e3o s\u00e3o urgentes, mas s\u00e3o importantes, como treinamento ou contatos pessoais, por exemplo, sempre resulta em a\u00e7\u00f5es produtivas.<\/li>\n<\/ul>\n<p>A partir dessa id\u00e9ia de urgente e importante, passe a avaliar a forma como voc\u00ea utiliza o seu tempo. O ideal \u00e9 que pelo menos a metade do seu tempo seja utilizada em a\u00e7\u00f5es produtivas, pessoais e profissionais.<\/p>\n<p>E lembre-se: Toda vez que voc\u00ea inicia alguma coisa e n\u00e3o a conclui, instala-se no seu c\u00e9rebro uma unidade de aten\u00e7\u00e3o que fica l\u00e1, ocupando espa\u00e7o e impedindo-o de ter tranq\u00fcilidade suficiente para realizar as outras coisas que tiver de fazer. Para eliminar essas unidades de aten\u00e7\u00e3o e ficar mais \u00e1gil, sem sobrecarga mental, v\u00e1 at\u00e9 o fim com cada coisa que se dispuser a fazer.<\/p>\n","protected":false},"excerpt":{"rendered":"<p>Nunca \u00e9 uma quest\u00e3o de tempo. Sempre \u00e9 uma quest\u00e3o de prioridade. A partir do momento que voc\u00ea se decide pela carreira executiva, sua aten\u00e7\u00e3o estar\u00e1 focada nas oportunidades para essa realiza\u00e7\u00e3o. E voc\u00ea, tamb\u00e9m, ter\u00e1 de se comportar como um executivo, dispondo-se a priorizar determinadas coisas que n\u00e3o priorizaria se escolhesse ser jardineiro, por [&hellip;]<\/p>\n","protected":false},"author":96,"featured_media":96755,"comment_status":"closed","ping_status":"closed","sticky":false,"template":"","format":"standard","meta":{"footnotes":""},"categories":[435,274,439],"tags":[],"class_list":["post-145580","post","type-post","status-publish","format-standard","has-post-thumbnail","hentry","category-colunas","category-dr-lair-ribeiro","category-ultima-hora"],"_links":{"self":[{"href":"https:\/\/diarioregionaldigital.com.br\/index.php?rest_route=\/wp\/v2\/posts\/145580","targetHints":{"allow":["GET"]}}],"collection":[{"href":"https:\/\/diarioregionaldigital.com.br\/index.php?rest_route=\/wp\/v2\/posts"}],"about":[{"href":"https:\/\/diarioregionaldigital.com.br\/index.php?rest_route=\/wp\/v2\/types\/post"}],"author":[{"embeddable":true,"href":"https:\/\/diarioregionaldigital.com.br\/index.php?rest_route=\/wp\/v2\/users\/96"}],"replies":[{"embeddable":true,"href":"https:\/\/diarioregionaldigital.com.br\/index.php?rest_route=%2Fwp%2Fv2%2Fcomments&post=145580"}],"version-history":[{"count":0,"href":"https:\/\/diarioregionaldigital.com.br\/index.php?rest_route=\/wp\/v2\/posts\/145580\/revisions"}],"wp:featuredmedia":[{"embeddable":true,"href":"https:\/\/diarioregionaldigital.com.br\/index.php?rest_route=\/wp\/v2\/media\/96755"}],"wp:attachment":[{"href":"https:\/\/diarioregionaldigital.com.br\/index.php?rest_route=%2Fwp%2Fv2%2Fmedia&parent=145580"}],"wp:term":[{"taxonomy":"category","embeddable":true,"href":"https:\/\/diarioregionaldigital.com.br\/index.php?rest_route=%2Fwp%2Fv2%2Fcategories&post=145580"},{"taxonomy":"post_tag","embeddable":true,"href":"https:\/\/diarioregionaldigital.com.br\/index.php?rest_route=%2Fwp%2Fv2%2Ftags&post=145580"}],"curies":[{"name":"wp","href":"https:\/\/api.w.org\/{rel}","templated":true}]}}