{"id":145577,"date":"2019-08-11T06:00:33","date_gmt":"2019-08-11T09:00:33","guid":{"rendered":"https:\/\/diarioregionaldigital.com.br\/?p=145577"},"modified":"2019-08-08T18:50:10","modified_gmt":"2019-08-08T21:50:10","slug":"a-crise-da-universidade-brasileira","status":"publish","type":"post","link":"https:\/\/diarioregionaldigital.com.br\/?p=145577","title":{"rendered":"A CRISE DA UNIVERSIDADE BRASILEIRA"},"content":{"rendered":"<p>H\u00e1 um evidente descompasso da Universidade na sociedade brasileira.\u00a0 Deseja-se assegurar a todas elas o pensamento plural, mas a crise se revela h\u00e1 muito tempo.\u00a0 \u00c9 o que afirmou o professor Ant\u00f4nio Celso Alves Pereira, no Conselho T\u00e9cnico da Confedera\u00e7\u00e3o Nacional do Com\u00e9rcio de Bens, Servi\u00e7os e Turismo, com a autoridade de ter sido reitor da Universidade do Estado do Rio de Janeiro e ser hoje o dirigente m\u00e1ximo do Centro de Ensino Superior de Valen\u00e7a.<\/p>\n<p>Novas profiss\u00f5es requerem outros modelos de educa\u00e7\u00e3o, com a incorpora\u00e7\u00e3o dos postulados da Universidade Corporativa.\u00a0 Quando chegaremos a esse est\u00e1gio? Hoje, temos 2.500 institui\u00e7\u00f5es de ensino superior e mais de 8 milh\u00f5es de alunos, dos quais quase dois milh\u00f5es frequentam a modalidade de ensino \u00e0 dist\u00e2ncia(em franca expans\u00e3o).\u00a0 H\u00e1 uma\u00a0 particularidade que conv\u00e9m destacar: o n\u00famero de mulheres \u00e9 maior do que o dos homens, revelando uma tend\u00eancia inexor\u00e1vel.<\/p>\n<p>Embora se comente que existe o risco de privatiza\u00e7\u00e3o, na verdade o que h\u00e1 no sistema \u00e9 uma frequente ideologiza\u00e7\u00e3o.\u00a0 Pode-se dar como exemplo o que ocorre na Universidade do Estado do Rio de Janeiro.\u00a0 Ela vive uma crise existencial h\u00e1 cerca de 20 anos, com a preponder\u00e2ncia de lideran\u00e7as do PSTU e do PSOL em seus quadros.\u00a0 Isso gera um estado cr\u00f4nico de beliger\u00e2ncia em sua gest\u00e3o, de dif\u00edcil ou quase imposs\u00edvel solu\u00e7\u00e3o.<\/p>\n<p>Lembro que, na gest\u00e3o de 79 a 83, sendo Secret\u00e1rio de Estado de Educa\u00e7\u00e3o e Cultura e, portanto, vice-Chanceler da UERJ, fui instado pelo reitor Ney Cidade Palmeiro a apelar para que o governador Chagas Freitas liberasse verbas suplementares.\u00a0 Fiz o apelo e fui muito bem sucedido.\u00a0 Anos depois, em id\u00eantica dificuldade, fiz o mesmo apelo para a governadora Rosinha Garotinho e recebi como resposta um tremendo \u201cn\u00e3o\u201d, acompanhado de incr\u00edveis fotos de agress\u00f5es\u00a0 \u00e0 autoridade estadual.\u00a0 Foi chamada por nomes inqualific\u00e1veis.\u00a0 Ela sabia quais eram os l\u00edderes estudantis que a tratavam daquela maneira.\u00a0 Isso \u00e9 justo?<\/p>\n<p>H\u00e1 o caso dos hospitais universit\u00e1rios.\u00a0 N\u00e3o s\u00f3 a UERJ, mas outras universidades n\u00e3o t\u00eam como mant\u00ea-los e\u00a0 isso explica, de forma clara, a raz\u00e3o pela qual a PUC em seus muitos anos de vida jamais permitiu que se criasse um hospital em seus quadros.\u00a0 Al\u00e9m dos custos, a excessiva politiza\u00e7\u00e3o.<\/p>\n<p>Desde que se promoveu a reforma universit\u00e1ria, em 1968, tenta-se trabalhar com tr\u00eas fun\u00e7\u00f5es essenciais: ensino, pesquisa e extens\u00e3o.\u00a0 A pr\u00e1tica, no entanto, mostra que \u00e9 imposs\u00edvel operar igualmente com essas tr\u00eas prioridades.\u00a0 S\u00f3 se tem mesmo uma certeza: o ensino superior \u00e9 caro e, do jeito que est\u00e1, dificilmente conseguir\u00e1 apresentar bons resultados.<\/p>\n<p>Temos uma invers\u00e3o que des\u00e1gua no lament\u00e1vel assistencialismo.\u00a0 Cerca de 70% dos alunos de ensino m\u00e9dio pagam pela escola que frequentam e esse \u00edndice se reverte quando se chega ao ensino superior, ou seja, \u00e9 preciso estudar uma f\u00f3rmula de cobrar pelo 3\u00ba grau, facilitando o acesso dos estudantes aos recursos de financiamento (aperfei\u00e7oamento do FIES).\u00a0 Como se v\u00ea, h\u00e1 muito o que fazer na educa\u00e7\u00e3o brasileira.<\/p>\n<p><img loading=\"lazy\" decoding=\"async\" class=\" wp-image-145578 aligncenter\" src=\"https:\/\/diarioregionaldigital.com.br\/wp-content\/uploads\/2019\/08\/convite-do-livro-do-prof.Arnaldo-Niskier-300x200.jpg\" alt=\"\" width=\"474\" height=\"316\" srcset=\"https:\/\/diarioregionaldigital.com.br\/wp-content\/uploads\/2019\/08\/convite-do-livro-do-prof.Arnaldo-Niskier-300x200.jpg 300w, https:\/\/diarioregionaldigital.com.br\/wp-content\/uploads\/2019\/08\/convite-do-livro-do-prof.Arnaldo-Niskier-768x512.jpg 768w, https:\/\/diarioregionaldigital.com.br\/wp-content\/uploads\/2019\/08\/convite-do-livro-do-prof.Arnaldo-Niskier-1024x683.jpg 1024w, https:\/\/diarioregionaldigital.com.br\/wp-content\/uploads\/2019\/08\/convite-do-livro-do-prof.Arnaldo-Niskier-360x240.jpg 360w\" sizes=\"auto, (max-width: 474px) 100vw, 474px\" \/><\/p>\n","protected":false},"excerpt":{"rendered":"<p>H\u00e1 um evidente descompasso da Universidade na sociedade brasileira.\u00a0 Deseja-se assegurar a todas elas o pensamento plural, mas a crise se revela h\u00e1 muito tempo.\u00a0 \u00c9 o que afirmou o professor Ant\u00f4nio Celso Alves Pereira, no Conselho T\u00e9cnico da Confedera\u00e7\u00e3o Nacional do Com\u00e9rcio de Bens, Servi\u00e7os e Turismo, com a autoridade de ter sido reitor [&hellip;]<\/p>\n","protected":false},"author":96,"featured_media":96753,"comment_status":"closed","ping_status":"closed","sticky":false,"template":"","format":"standard","meta":{"footnotes":""},"categories":[275,435,439],"tags":[],"class_list":["post-145577","post","type-post","status-publish","format-standard","has-post-thumbnail","hentry","category-arnaldo-niskier","category-colunas","category-ultima-hora"],"_links":{"self":[{"href":"https:\/\/diarioregionaldigital.com.br\/index.php?rest_route=\/wp\/v2\/posts\/145577","targetHints":{"allow":["GET"]}}],"collection":[{"href":"https:\/\/diarioregionaldigital.com.br\/index.php?rest_route=\/wp\/v2\/posts"}],"about":[{"href":"https:\/\/diarioregionaldigital.com.br\/index.php?rest_route=\/wp\/v2\/types\/post"}],"author":[{"embeddable":true,"href":"https:\/\/diarioregionaldigital.com.br\/index.php?rest_route=\/wp\/v2\/users\/96"}],"replies":[{"embeddable":true,"href":"https:\/\/diarioregionaldigital.com.br\/index.php?rest_route=%2Fwp%2Fv2%2Fcomments&post=145577"}],"version-history":[{"count":0,"href":"https:\/\/diarioregionaldigital.com.br\/index.php?rest_route=\/wp\/v2\/posts\/145577\/revisions"}],"wp:featuredmedia":[{"embeddable":true,"href":"https:\/\/diarioregionaldigital.com.br\/index.php?rest_route=\/wp\/v2\/media\/96753"}],"wp:attachment":[{"href":"https:\/\/diarioregionaldigital.com.br\/index.php?rest_route=%2Fwp%2Fv2%2Fmedia&parent=145577"}],"wp:term":[{"taxonomy":"category","embeddable":true,"href":"https:\/\/diarioregionaldigital.com.br\/index.php?rest_route=%2Fwp%2Fv2%2Fcategories&post=145577"},{"taxonomy":"post_tag","embeddable":true,"href":"https:\/\/diarioregionaldigital.com.br\/index.php?rest_route=%2Fwp%2Fv2%2Ftags&post=145577"}],"curies":[{"name":"wp","href":"https:\/\/api.w.org\/{rel}","templated":true}]}}