{"id":145572,"date":"2019-08-11T06:00:34","date_gmt":"2019-08-11T09:00:34","guid":{"rendered":"https:\/\/diarioregionaldigital.com.br\/?p=145572"},"modified":"2019-08-08T18:42:52","modified_gmt":"2019-08-08T21:42:52","slug":"vigilancia-epidemiologica-alerta-sobre-importancia-da-vacinacao-contra-o-sarampo","status":"publish","type":"post","link":"https:\/\/diarioregionaldigital.com.br\/?p=145572","title":{"rendered":"Vigil\u00e2ncia Epidemiol\u00f3gica alerta sobre import\u00e2ncia da vacina\u00e7\u00e3o contra o sarampo"},"content":{"rendered":"<p>Em 2016, o Brasil recebeu o certificado de elimina\u00e7\u00e3o da circula\u00e7\u00e3o do v\u00edrus do sarampo, pela Organiza\u00e7\u00e3o Mundial de Sa\u00fade (OMS), declarando a regi\u00e3o das Am\u00e9ricas livre da enfermidade. Desde 2018, por\u00e9m, a incid\u00eancia de casos da doen\u00e7a voltou a acontecer. Em 2019, o maior n\u00famero de casos \u00e9 registrado nos estados de S\u00e3o Paulo, Rio de Janeiro e Bahia.<\/p>\n<p>Em Juiz de Fora, segundo dados do Setor de Imuniza\u00e7\u00e3o, da Secretaria de Sa\u00fade (SS), na \u00faltima campanha de vacina\u00e7\u00e3o contra o sarampo, realizada em 2018, a cobertura atingiu o \u00edndice de 95,68%. De acordo com registros do Departamento de Vigil\u00e2ncia Epidemiol\u00f3gica e Ambiental (Dvea), a cidade n\u00e3o registra casos da doen\u00e7a h\u00e1 mais de uma d\u00e9cada. Os n\u00fameros apontam que o munic\u00edpio est\u00e1 no caminho certo, mas \u00e9 necess\u00e1rio manter esse quadro.<\/p>\n<p>O Rio de Janeiro \u00e9 um dos munic\u00edpios que mais apresenta casos da doen\u00e7a em seu estado. De acordo com a gerente do Dvea, Cec\u00edlia Kosmann, \u201cdevido \u00e0 proximidade do Rio com Juiz de Fora, o departamento adotou como medida de preven\u00e7\u00e3o alertar sobre a import\u00e2ncia de manter a vacina\u00e7\u00e3o contra o sarampo em dia, uma vez que a imuniza\u00e7\u00e3o \u00e9 fundamental, para que a cidade n\u00e3o apresente casos da doen\u00e7a\u201d.<\/p>\n<p>A recomenda\u00e7\u00e3o do Minist\u00e9rio da Sa\u00fade \u00e9 de que sejam imunizadas crian\u00e7as de seis meses a menores de um ano de idade, que se deslocar\u00e3o para munic\u00edpios que apresentam surto ativo de sarampo (lista em anexo). Os respons\u00e1veis devem se dirigir at\u00e9 uma unidade de sa\u00fade com, no m\u00ednimo, 15 dias de anteced\u00eancia \u00e0 data da viagem, para que haja tempo h\u00e1bil do corpo produzir anticorpos contra o v\u00edrus. Ressalte-se que esta dose n\u00e3o \u00e9 v\u00e1lida para fins do calend\u00e1rio nacional de vacina\u00e7\u00e3o da crian\u00e7a, ou seja, com um ano dever\u00e1 tomar a primeira dose, e com 15 meses a segunda, para que seja considerado imunizado.<\/p>\n<p>Em Juiz de Fora, a vacina tr\u00edplice viral est\u00e1 dispon\u00edvel em todas as 63 unidades b\u00e1sicas de Sa\u00fade (UBS) e nas salas de vacina do Posto de Atendimento M\u00e9dico (PAM Marechal) e do Departamento de Sa\u00fade da Mulher, da Crian\u00e7a e do Adolescente (DSMCA).<\/p>\n<p><strong>Esquema vacinal<\/strong><\/p>\n<p>A vacina contra o sarampo, conhecida como tr\u00edplice viral, faz parte do \u201cCalend\u00e1rio Nacional de Vacina\u00e7\u00e3o\u201d, e est\u00e1 dispon\u00edvel durante o ano todo nas salas de vacina\u00e7\u00e3o do munic\u00edpio. S\u00e3o necess\u00e1rias duas doses para a pessoa estar imunizada por toda a vida, ou seja, as doses administradas no passado s\u00e3o v\u00e1lidas, e n\u00e3o h\u00e1 necessidade de se vacinar novamente. \u00c9 imprescind\u00edvel que crian\u00e7as, adolescentes e adultos estejam com a caderneta vacinal ao procurar uma unidade de sa\u00fade. Quem n\u00e3o tiver em m\u00e3os o cart\u00e3o vacinal, e n\u00e3o souber se j\u00e1 foi imunizado, deve procurar a UBS de refer\u00eancia e explicar o caso.<\/p>\n<p><strong>Em crian\u00e7as:<\/strong><\/p>\n<p><strong>1\u00aa dose:<\/strong>\u00a0administrada aos 12 meses,<\/p>\n<p><strong>2\u00aa dose:\u00a0<\/strong>administrada aos 15 meses.<\/p>\n<p><strong>Em adolescentes e adultos at\u00e9 29 anos:<\/strong>\u00a0duas doses, com intervalo de 30 dias entre as doses.<\/p>\n<p><strong>Pessoas entre 30 e 49 anos:<\/strong>\u00a0uma dose.<\/p>\n<p><strong>Contraindica\u00e7\u00f5es<\/strong><\/p>\n<p>A vacina \u00e9 contraindicada em registro de imunodefici\u00eancias cong\u00eanitas ou adquiridas (cl\u00ednica ou laboratorial grave), infec\u00e7\u00e3o pelo HIV em pessoas com taxas de CD4 (c\u00e9lulas do sistema imunol\u00f3gico) menor que 15%, gestantes e pessoas com alergia grave aos componentes da f\u00f3rmula.<\/p>\n<p>Fonte: PJF<\/p>\n","protected":false},"excerpt":{"rendered":"<p>Em 2016, o Brasil recebeu o certificado de elimina\u00e7\u00e3o da circula\u00e7\u00e3o do v\u00edrus do sarampo, pela Organiza\u00e7\u00e3o Mundial de Sa\u00fade (OMS), declarando a regi\u00e3o das Am\u00e9ricas livre da enfermidade. Desde 2018, por\u00e9m, a incid\u00eancia de casos da doen\u00e7a voltou a acontecer. Em 2019, o maior n\u00famero de casos \u00e9 registrado nos estados de S\u00e3o Paulo, [&hellip;]<\/p>\n","protected":false},"author":96,"featured_media":145573,"comment_status":"closed","ping_status":"closed","sticky":false,"template":"","format":"standard","meta":{"footnotes":""},"categories":[253,436,440,439],"tags":[],"class_list":["post-145572","post","type-post","status-publish","format-standard","has-post-thumbnail","hentry","category-cidade","category-destaque-da-semana","category-destaques-do-dia","category-ultima-hora"],"_links":{"self":[{"href":"https:\/\/diarioregionaldigital.com.br\/index.php?rest_route=\/wp\/v2\/posts\/145572","targetHints":{"allow":["GET"]}}],"collection":[{"href":"https:\/\/diarioregionaldigital.com.br\/index.php?rest_route=\/wp\/v2\/posts"}],"about":[{"href":"https:\/\/diarioregionaldigital.com.br\/index.php?rest_route=\/wp\/v2\/types\/post"}],"author":[{"embeddable":true,"href":"https:\/\/diarioregionaldigital.com.br\/index.php?rest_route=\/wp\/v2\/users\/96"}],"replies":[{"embeddable":true,"href":"https:\/\/diarioregionaldigital.com.br\/index.php?rest_route=%2Fwp%2Fv2%2Fcomments&post=145572"}],"version-history":[{"count":0,"href":"https:\/\/diarioregionaldigital.com.br\/index.php?rest_route=\/wp\/v2\/posts\/145572\/revisions"}],"wp:featuredmedia":[{"embeddable":true,"href":"https:\/\/diarioregionaldigital.com.br\/index.php?rest_route=\/wp\/v2\/media\/145573"}],"wp:attachment":[{"href":"https:\/\/diarioregionaldigital.com.br\/index.php?rest_route=%2Fwp%2Fv2%2Fmedia&parent=145572"}],"wp:term":[{"taxonomy":"category","embeddable":true,"href":"https:\/\/diarioregionaldigital.com.br\/index.php?rest_route=%2Fwp%2Fv2%2Fcategories&post=145572"},{"taxonomy":"post_tag","embeddable":true,"href":"https:\/\/diarioregionaldigital.com.br\/index.php?rest_route=%2Fwp%2Fv2%2Ftags&post=145572"}],"curies":[{"name":"wp","href":"https:\/\/api.w.org\/{rel}","templated":true}]}}