{"id":145569,"date":"2019-08-11T06:00:18","date_gmt":"2019-08-11T09:00:18","guid":{"rendered":"https:\/\/diarioregionaldigital.com.br\/?p=145569"},"modified":"2019-08-08T18:44:28","modified_gmt":"2019-08-08T21:44:28","slug":"museu-ferroviario-comemora-16-anos-com-varias-atividades-para-a-populacao","status":"publish","type":"post","link":"https:\/\/diarioregionaldigital.com.br\/?p=145569","title":{"rendered":"Museu Ferrovi\u00e1rio comemora 16 anos com v\u00e1rias atividades para a popula\u00e7\u00e3o"},"content":{"rendered":"<p>Na pr\u00f3xima quarta-feira, 21, o Museu Ferrovi\u00e1rio de Juiz de Fora completa 16 anos de funda\u00e7\u00e3o e anivers\u00e1rio j\u00e1 est\u00e1 sendo comemorado, com a amplia\u00e7\u00e3o do atendimento em agosto, todos os s\u00e1bados, das 10 \u00e0s 17 horas.<\/p>\n<p>Durante o m\u00eas de anivers\u00e1rio do Mudeu, al\u00e9m de visitar o acervo, o p\u00fablico ter\u00e1 acesso a uma s\u00e9rie de atividades culturais e recreativas, inteiramente gratuitas. A programa\u00e7\u00e3o especial, organizada pela Funda\u00e7\u00e3o Cultural \u201cAlfredo Ferreira Lage\u201d (Funalfa) e iniciada nesse s\u00e1bado, 10, prev\u00ea, ao longo do m\u00eas, exibi\u00e7\u00e3o de filmes, oficinas e brincadeiras para a garotada, feira de alimentos e produtos artesanais, piquenique compartilhado e visitas guiadas. A\u00a0 programa\u00e7\u00e3o \u00e9 livre para todos os p\u00fablicos.<\/p>\n<p>O grupo de dan\u00e7a Remiwl Street Crew far\u00e1 um aul\u00e3o aberto, seguido de bate-papo, al\u00e9m de apresentar um espet\u00e1culo. N\u00e3o \u00e9 preciso fazer inscri\u00e7\u00e3o pr\u00e9via em nenhuma das atividades.<\/p>\n<p>A programa\u00e7\u00e3o integra a campanha \u201cTodos Juntos, Sempre em Frente\u201d, que tem como objetivo destacar a participa\u00e7\u00e3o de diversos segmentos sociais na manuten\u00e7\u00e3o do equipamento urbano. Al\u00e9m do acervo, que conta a hist\u00f3ria da ferrovia e seus impactos em Juiz de Fora e regi\u00e3o, o Museu Ferrovi\u00e1rio \u00e9 palco para eventos culturais de diferentes segmentos, como teatro, dan\u00e7a, m\u00fasica, cinema, gastronomia e literatura, entre outros.<\/p>\n<p>O complexo oferece salas expositivas e de multimeios, anfiteatro e plataforma, que agregam a\u00e7\u00f5es culturais promovidas pela Funalfa e por artistas locais e de outros centros. O equipamento tamb\u00e9m abriga oficinas culturais, que atendem p\u00fablicos de diferentes faixas et\u00e1rias e interesses, estando consolidado como espa\u00e7o de produ\u00e7\u00e3o, valoriza\u00e7\u00e3o e irradia\u00e7\u00e3o de cultura.<\/p>\n<p>Al\u00e9m do funcionamento excepcional aos s\u00e1bados, em agosto o Museu Ferrovi\u00e1rio \u00e9 aberto \u00e0 visita\u00e7\u00e3o gratuita de segunda a sexta-feira, das 9 \u00e0s 17 horas. Durante a semana, o acesso pode ser feito pela Avenida Brasil, 2.001, para pedestres e motoristas. Aos s\u00e1bados, a entrada acontece somente por este ender\u00e7o. O estacionamento \u00e9 liberado.<\/p>\n<p><strong>Confira a programa\u00e7\u00e3o:<\/strong><\/p>\n<ul>\n<li><strong>Dia 17<\/strong><\/li>\n<\/ul>\n<p>&#8211;\u00a010 \u00e0s 17 horas\u00a0&#8211; Visitas espont\u00e2neas ao acervo<\/p>\n<p>&#8211;\u00a011 \u00e0s 16 horas\u00a0\u2013 Piquenique compartilhado, com brincadeiras, conta\u00e7\u00e3o de hist\u00f3rias, oficinas, m\u00fasica e exibi\u00e7\u00e3o de filmes infantis, entre outras atra\u00e7\u00f5es<\/p>\n<p>&#8211;\u00a015 horas\u00a0&#8211; Visitas guiadas ao acervo<\/p>\n<ul>\n<li><strong>Dia 24<\/strong><\/li>\n<\/ul>\n<p>&#8211;\u00a010 \u00e0s 17 horas\u00a0&#8211; Visitas espont\u00e2neas ao acervo<\/p>\n<p>&#8211;\u00a010 \u00e0s 14 horas\u00a0&#8211; \u201cEncontro de Colecionadores\u201d<\/p>\n<p>&#8211;\u00a015 horas\u00a0&#8211; Visitas guiadas ao acervo<\/p>\n<ul>\n<li><strong>Dia 31<\/strong><\/li>\n<\/ul>\n<p>&#8211;\u00a010 \u00e0s 17 horas\u00a0&#8211; Visitas espont\u00e2neas ao acervo<\/p>\n<p>&#8211;\u00a011 \u00e0s 16 horas\u00a0&#8211; \u201cFeira de Alimentos e Artesanato\u201d<\/p>\n<p>&#8211;\u00a014 \u00e0s 16h30\u00a0&#8211; Aul\u00e3o aberto + bate-papo + espet\u00e1culo do grupo de dan\u00e7a Remiwl Street Crew<\/p>\n<p>&#8211;\u00a015 horas\u00a0&#8211; Visitas guiadas ao acervo<\/p>\n","protected":false},"excerpt":{"rendered":"<p>Na pr\u00f3xima quarta-feira, 21, o Museu Ferrovi\u00e1rio de Juiz de Fora completa 16 anos de funda\u00e7\u00e3o e anivers\u00e1rio j\u00e1 est\u00e1 sendo comemorado, com a amplia\u00e7\u00e3o do atendimento em agosto, todos os s\u00e1bados, das 10 \u00e0s 17 horas. Durante o m\u00eas de anivers\u00e1rio do Mudeu, al\u00e9m de visitar o acervo, o p\u00fablico ter\u00e1 acesso a uma [&hellip;]<\/p>\n","protected":false},"author":96,"featured_media":145575,"comment_status":"closed","ping_status":"closed","sticky":false,"template":"","format":"standard","meta":{"footnotes":""},"categories":[253,436,440,439],"tags":[],"class_list":["post-145569","post","type-post","status-publish","format-standard","has-post-thumbnail","hentry","category-cidade","category-destaque-da-semana","category-destaques-do-dia","category-ultima-hora"],"_links":{"self":[{"href":"https:\/\/diarioregionaldigital.com.br\/index.php?rest_route=\/wp\/v2\/posts\/145569","targetHints":{"allow":["GET"]}}],"collection":[{"href":"https:\/\/diarioregionaldigital.com.br\/index.php?rest_route=\/wp\/v2\/posts"}],"about":[{"href":"https:\/\/diarioregionaldigital.com.br\/index.php?rest_route=\/wp\/v2\/types\/post"}],"author":[{"embeddable":true,"href":"https:\/\/diarioregionaldigital.com.br\/index.php?rest_route=\/wp\/v2\/users\/96"}],"replies":[{"embeddable":true,"href":"https:\/\/diarioregionaldigital.com.br\/index.php?rest_route=%2Fwp%2Fv2%2Fcomments&post=145569"}],"version-history":[{"count":0,"href":"https:\/\/diarioregionaldigital.com.br\/index.php?rest_route=\/wp\/v2\/posts\/145569\/revisions"}],"wp:featuredmedia":[{"embeddable":true,"href":"https:\/\/diarioregionaldigital.com.br\/index.php?rest_route=\/wp\/v2\/media\/145575"}],"wp:attachment":[{"href":"https:\/\/diarioregionaldigital.com.br\/index.php?rest_route=%2Fwp%2Fv2%2Fmedia&parent=145569"}],"wp:term":[{"taxonomy":"category","embeddable":true,"href":"https:\/\/diarioregionaldigital.com.br\/index.php?rest_route=%2Fwp%2Fv2%2Fcategories&post=145569"},{"taxonomy":"post_tag","embeddable":true,"href":"https:\/\/diarioregionaldigital.com.br\/index.php?rest_route=%2Fwp%2Fv2%2Ftags&post=145569"}],"curies":[{"name":"wp","href":"https:\/\/api.w.org\/{rel}","templated":true}]}}