{"id":145556,"date":"2019-08-11T06:00:32","date_gmt":"2019-08-11T09:00:32","guid":{"rendered":"https:\/\/diarioregionaldigital.com.br\/?p=145556"},"modified":"2019-08-08T18:35:42","modified_gmt":"2019-08-08T21:35:42","slug":"inflacao-oficial-fica-em-019-em-julho-a-menor-para-o-mes-em-5-anos","status":"publish","type":"post","link":"https:\/\/diarioregionaldigital.com.br\/?p=145556","title":{"rendered":"Infla\u00e7\u00e3o oficial fica em 0,19% em julho, a menor para o m\u00eas em 5 anos"},"content":{"rendered":"<p>O \u00cdndice Nacional de Pre\u00e7os ao Consumidor Amplo (IPCA), que mede a infla\u00e7\u00e3o oficial do pa\u00eds, ficou em 0,19% em julho. A taxa \u00e9 superior ao 0,01% de junho, mas inferior ao 0,33% de julho de 2018.<\/p>\n<p>Essa \u00e9 a infla\u00e7\u00e3o mais baixa para o m\u00eas desde 2014 (0,01%). O dado foi divulgado na quinta-feira, 8, no Rio de Janeiro, pelo Instituto Brasileiro de Geografia e Estat\u00edstica (IBGE).<\/p>\n<div class=\"dnd-widget-wrapper context-cheio_8colunas type-image\">\n<div class=\"dnd-atom-rendered\">\n<p>O IPCA acumula 2,42% no ano e 3,33% em 12 meses, abaixo, portanto, da meta do Banco Central, que \u00e9 de 4,25%.<\/p>\n<p>Os gastos com habita\u00e7\u00e3o, que tiveram alta de pre\u00e7os de 1,20%, foram os principais respons\u00e1veis pela infla\u00e7\u00e3o de 0,19% de julho. A energia el\u00e9trica, com alta de 4,48% foi o item que mais pesou no grupo.<\/p>\n<p>O custo da energia ficou mais caro por conta da bandeira amarela e de reajustes em concession\u00e1rias de S\u00e3o Paulo, Curitiba e Porto Alegre. Tamb\u00e9m ficou mais cara para o consumidor a tarifa de \u00e1gua e esgoto (0,73%).<\/p>\n<p>As defla\u00e7\u00f5es (quedas de pre\u00e7os) dos transportes, de 0,17%, e do vestu\u00e1rio, de 0,52%, evitaram que a infla\u00e7\u00e3o de julho fosse mais alta. Na defla\u00e7\u00e3o dos transportes, os combust\u00edveis tiveram um impacto importante, com queda de pre\u00e7os de 2,79%.<\/p>\n<p>A gasolina, por exemplo, recuou 2,80%. No vestu\u00e1rio, o principal destaque foram as roupas femininas que passaram a custar 1,39% menos. Os alimentos tiveram infla\u00e7\u00e3o de apenas 0,01%.<\/p>\n<\/div>\n<\/div>\n<p>Fonte: Ag\u00eancia Brasil<\/p>\n","protected":false},"excerpt":{"rendered":"<p>O \u00cdndice Nacional de Pre\u00e7os ao Consumidor Amplo (IPCA), que mede a infla\u00e7\u00e3o oficial do pa\u00eds, ficou em 0,19% em julho. A taxa \u00e9 superior ao 0,01% de junho, mas inferior ao 0,33% de julho de 2018. Essa \u00e9 a infla\u00e7\u00e3o mais baixa para o m\u00eas desde 2014 (0,01%). O dado foi divulgado na quinta-feira, [&hellip;]<\/p>\n","protected":false},"author":96,"featured_media":135756,"comment_status":"closed","ping_status":"closed","sticky":false,"template":"","format":"standard","meta":{"footnotes":""},"categories":[436,261,439],"tags":[],"class_list":["post-145556","post","type-post","status-publish","format-standard","has-post-thumbnail","hentry","category-destaque-da-semana","category-economia","category-ultima-hora"],"_links":{"self":[{"href":"https:\/\/diarioregionaldigital.com.br\/index.php?rest_route=\/wp\/v2\/posts\/145556","targetHints":{"allow":["GET"]}}],"collection":[{"href":"https:\/\/diarioregionaldigital.com.br\/index.php?rest_route=\/wp\/v2\/posts"}],"about":[{"href":"https:\/\/diarioregionaldigital.com.br\/index.php?rest_route=\/wp\/v2\/types\/post"}],"author":[{"embeddable":true,"href":"https:\/\/diarioregionaldigital.com.br\/index.php?rest_route=\/wp\/v2\/users\/96"}],"replies":[{"embeddable":true,"href":"https:\/\/diarioregionaldigital.com.br\/index.php?rest_route=%2Fwp%2Fv2%2Fcomments&post=145556"}],"version-history":[{"count":0,"href":"https:\/\/diarioregionaldigital.com.br\/index.php?rest_route=\/wp\/v2\/posts\/145556\/revisions"}],"wp:featuredmedia":[{"embeddable":true,"href":"https:\/\/diarioregionaldigital.com.br\/index.php?rest_route=\/wp\/v2\/media\/135756"}],"wp:attachment":[{"href":"https:\/\/diarioregionaldigital.com.br\/index.php?rest_route=%2Fwp%2Fv2%2Fmedia&parent=145556"}],"wp:term":[{"taxonomy":"category","embeddable":true,"href":"https:\/\/diarioregionaldigital.com.br\/index.php?rest_route=%2Fwp%2Fv2%2Fcategories&post=145556"},{"taxonomy":"post_tag","embeddable":true,"href":"https:\/\/diarioregionaldigital.com.br\/index.php?rest_route=%2Fwp%2Fv2%2Ftags&post=145556"}],"curies":[{"name":"wp","href":"https:\/\/api.w.org\/{rel}","templated":true}]}}