{"id":145555,"date":"2019-08-11T06:00:21","date_gmt":"2019-08-11T09:00:21","guid":{"rendered":"https:\/\/diarioregionaldigital.com.br\/?p=145555"},"modified":"2019-08-08T18:37:41","modified_gmt":"2019-08-08T21:37:41","slug":"custo-da-construcao-cresce-068-em-julho-diz-ibge","status":"publish","type":"post","link":"https:\/\/diarioregionaldigital.com.br\/?p=145555","title":{"rendered":"Custo da constru\u00e7\u00e3o cresce 0,68% em julho, diz IBGE"},"content":{"rendered":"<p>O \u00cdndice Nacional da Constru\u00e7\u00e3o Civil (Sinapi), medido pelo Instituto Brasileiro de Geografia e Estat\u00edstica (IBGE), variou 0,68% em julho deste ano. A taxa \u00e9 superior ao 0,35% registrado no m\u00eas anterior. O \u00edndice tamb\u00e9m \u00e9 maior do que o verificado no mesmo m\u00eas do ano passado (0,52%).<\/p>\n<p>O Sinapi funciona como fonte oficial de refer\u00eancia de pre\u00e7os de insumos e de custos de composi\u00e7\u00f5es de servi\u00e7os. No ano, o \u00edndice acumula taxas de 2,66% no ano e, no acumulado de 12 meses, 4,42%.<\/p>\n<p>O custo nacional da constru\u00e7\u00e3o, por metro quadrado, passou para R$ 1.143,65 em julho deste ano.<\/p>\n<p>A maior alta foi observada no custo de m\u00e3o de obra, que ficou 0,92% mais cara, chegando ao valor de R$ 545,73 por metro quadrado. J\u00e1 os materiais de constru\u00e7\u00e3o tiveram infla\u00e7\u00e3o de 0,47%, passaram a custar\u00a0R$ 597,92 por metro quadrado.<\/p>\n<p>&nbsp;<\/p>\n<p>Fonte: Ag\u00eancia Brasil<\/p>\n","protected":false},"excerpt":{"rendered":"<p>O \u00cdndice Nacional da Constru\u00e7\u00e3o Civil (Sinapi), medido pelo Instituto Brasileiro de Geografia e Estat\u00edstica (IBGE), variou 0,68% em julho deste ano. A taxa \u00e9 superior ao 0,35% registrado no m\u00eas anterior. O \u00edndice tamb\u00e9m \u00e9 maior do que o verificado no mesmo m\u00eas do ano passado (0,52%). O Sinapi funciona como fonte oficial de [&hellip;]<\/p>\n","protected":false},"author":96,"featured_media":145566,"comment_status":"closed","ping_status":"closed","sticky":false,"template":"","format":"standard","meta":{"footnotes":""},"categories":[436,261,439],"tags":[],"class_list":["post-145555","post","type-post","status-publish","format-standard","has-post-thumbnail","hentry","category-destaque-da-semana","category-economia","category-ultima-hora"],"_links":{"self":[{"href":"https:\/\/diarioregionaldigital.com.br\/index.php?rest_route=\/wp\/v2\/posts\/145555","targetHints":{"allow":["GET"]}}],"collection":[{"href":"https:\/\/diarioregionaldigital.com.br\/index.php?rest_route=\/wp\/v2\/posts"}],"about":[{"href":"https:\/\/diarioregionaldigital.com.br\/index.php?rest_route=\/wp\/v2\/types\/post"}],"author":[{"embeddable":true,"href":"https:\/\/diarioregionaldigital.com.br\/index.php?rest_route=\/wp\/v2\/users\/96"}],"replies":[{"embeddable":true,"href":"https:\/\/diarioregionaldigital.com.br\/index.php?rest_route=%2Fwp%2Fv2%2Fcomments&post=145555"}],"version-history":[{"count":0,"href":"https:\/\/diarioregionaldigital.com.br\/index.php?rest_route=\/wp\/v2\/posts\/145555\/revisions"}],"wp:featuredmedia":[{"embeddable":true,"href":"https:\/\/diarioregionaldigital.com.br\/index.php?rest_route=\/wp\/v2\/media\/145566"}],"wp:attachment":[{"href":"https:\/\/diarioregionaldigital.com.br\/index.php?rest_route=%2Fwp%2Fv2%2Fmedia&parent=145555"}],"wp:term":[{"taxonomy":"category","embeddable":true,"href":"https:\/\/diarioregionaldigital.com.br\/index.php?rest_route=%2Fwp%2Fv2%2Fcategories&post=145555"},{"taxonomy":"post_tag","embeddable":true,"href":"https:\/\/diarioregionaldigital.com.br\/index.php?rest_route=%2Fwp%2Fv2%2Ftags&post=145555"}],"curies":[{"name":"wp","href":"https:\/\/api.w.org\/{rel}","templated":true}]}}