{"id":145350,"date":"2019-08-06T14:29:38","date_gmt":"2019-08-06T17:29:38","guid":{"rendered":"https:\/\/diarioregionaldigital.com.br\/?p=145350"},"modified":"2019-08-06T14:29:38","modified_gmt":"2019-08-06T17:29:38","slug":"previdencia-onyx-espera-que-votacao-em-2o-turno-seja-concluida-amanha","status":"publish","type":"post","link":"https:\/\/diarioregionaldigital.com.br\/?p=145350","title":{"rendered":"Previd\u00eancia: Onyx espera que vota\u00e7\u00e3o em 2\u00ba turno seja conclu\u00edda amanh\u00e3"},"content":{"rendered":"<p>O ministro da Casa Civil, Onyx Lorenzoni, disse hoje (6) que o governo espera que a vota\u00e7\u00e3o em segundo turno da proposta de reforma da Previd\u00eancia seja encerrada at\u00e9 amanh\u00e3 (7) na C\u00e2mara dos Deputados. Onyx deu a declara\u00e7\u00e3o ap\u00f3s reunir-se com o presidente da Casa, Rodrigo Maia (DEM-RJ), na resid\u00eancia oficial da C\u00e2mara, para definir as estrat\u00e9gias de vota\u00e7\u00e3o da proposta de emenda \u00e0 Constitui\u00e7\u00e3o (PEC 6\/19) da Previd\u00eancia.<\/p>\n<p>\u201cQueremos a nova Previd\u00eancia, se poss\u00edvel, aprovada no in\u00edcio da noite de amanh\u00e3. Tamb\u00e9m sabemos que a oposi\u00e7\u00e3o dever\u00e1 apresentar uma s\u00e9rie de destaques. Precisamos construir uma estrat\u00e9gia para enfrentar isso. A gente j\u00e1 espera que a oposi\u00e7\u00e3o cumpra seu papel democr\u00e1tico de se contrapor\u201d, afirmou Onyx.<\/p>\n<p>Segundo ele, o in\u00edcio da discuss\u00e3o\u00a0deve ocorrer hoje \u00e0 noite, quando ter\u00e1 de ser votada a quebra de interst\u00edcio (intervalo) de cinco sess\u00f5es do plen\u00e1rio entre o primeiro e o segundo turnos.<\/p>\n<p>Onyx destacou que a expectativa do governo \u00e9 repetir o bom resultado da vota\u00e7\u00e3o em primeiro turno, no m\u00eas passado, quando o texto-base foi aprovado por 379 votos favor\u00e1veis a 131 contr\u00e1rios.<\/p>\n<p>Assim como na vota\u00e7\u00e3o em primeiro turno, ser\u00e3o necess\u00e1rios 308 votos para que a mat\u00e9ria seja aprovada e enviada ao Senado, onde tamb\u00e9m ser\u00e1 analisada em dois turnos de vota\u00e7\u00e3o.<\/p>\n<p>Os acordos entre os partidos para aprovar concess\u00f5es \u00e0 reforma da Previd\u00eancia reduziram para R$ 933,5 bilh\u00f5es a economia estimada em 10 anos. Ao encaminhar a proposta ao Legislativo, o governo federal pretendia gerar uma economia de R$ 1,236 trilh\u00e3o, tamb\u00e9m no per\u00edodo de 10 anos.<\/p>\n<h2>Oposi\u00e7\u00e3o<\/h2>\n<p>Na vota\u00e7\u00e3o em segundo turno, os partidos podem apresentar apenas destaques supressivos, ou seja, que retirem trechos do texto aprovado em primeiro turno.<\/p>\n<p>A l\u00edder da Minoria, deputada Jandira Feghali (PCdoB-RJ), afirmou que a oposi\u00e7\u00e3o apresentar\u00e1 os nove destaques a que tem direito para tentar retirar pelo menos quatro itens do texto da reforma. Est\u00e3o no foco de partidos da oposi\u00e7\u00e3o a retirada de trechos como a pens\u00e3o para mulheres, aposentadorias especiais, pens\u00e3o por morte e as regras de transi\u00e7\u00e3o.<\/p>\n<p>\u201cVamos entrar no segundo turno esperando que, neste recesso, os parlamentares tenham sido sensibilizados nas suas bases para alguns temas que, na minha opini\u00e3o, s\u00e3o muito cru\u00e9is\u201d, disse Jandira. Segundo a deputada, a oposi\u00e7\u00e3o trabalhar\u00e1 na \u201credu\u00e7\u00e3o de danos\u201d ao trabalhador.<\/p>\n<p>Parlamentares de partidos da oposi\u00e7\u00e3o ainda definem estrat\u00e9gias para obstru\u00e7\u00e3o da sess\u00e3o que analisar\u00e1 a reforma e, assim, tentar adiar a vota\u00e7\u00e3o do texto.<\/p>\n<p>Fonte: Ag\u00eancia Brasil<\/p>\n","protected":false},"excerpt":{"rendered":"<p>O ministro da Casa Civil, Onyx Lorenzoni, disse hoje (6) que o governo espera que a vota\u00e7\u00e3o em segundo turno da proposta de reforma da Previd\u00eancia seja encerrada at\u00e9 amanh\u00e3 (7) na C\u00e2mara dos Deputados. Onyx deu a declara\u00e7\u00e3o ap\u00f3s reunir-se com o presidente da Casa, Rodrigo Maia (DEM-RJ), na resid\u00eancia oficial da C\u00e2mara, para [&hellip;]<\/p>\n","protected":false},"author":96,"featured_media":145351,"comment_status":"closed","ping_status":"closed","sticky":false,"template":"","format":"standard","meta":{"footnotes":""},"categories":[436,254,439],"tags":[],"class_list":["post-145350","post","type-post","status-publish","format-standard","has-post-thumbnail","hentry","category-destaque-da-semana","category-politica","category-ultima-hora"],"_links":{"self":[{"href":"https:\/\/diarioregionaldigital.com.br\/index.php?rest_route=\/wp\/v2\/posts\/145350","targetHints":{"allow":["GET"]}}],"collection":[{"href":"https:\/\/diarioregionaldigital.com.br\/index.php?rest_route=\/wp\/v2\/posts"}],"about":[{"href":"https:\/\/diarioregionaldigital.com.br\/index.php?rest_route=\/wp\/v2\/types\/post"}],"author":[{"embeddable":true,"href":"https:\/\/diarioregionaldigital.com.br\/index.php?rest_route=\/wp\/v2\/users\/96"}],"replies":[{"embeddable":true,"href":"https:\/\/diarioregionaldigital.com.br\/index.php?rest_route=%2Fwp%2Fv2%2Fcomments&post=145350"}],"version-history":[{"count":0,"href":"https:\/\/diarioregionaldigital.com.br\/index.php?rest_route=\/wp\/v2\/posts\/145350\/revisions"}],"wp:featuredmedia":[{"embeddable":true,"href":"https:\/\/diarioregionaldigital.com.br\/index.php?rest_route=\/wp\/v2\/media\/145351"}],"wp:attachment":[{"href":"https:\/\/diarioregionaldigital.com.br\/index.php?rest_route=%2Fwp%2Fv2%2Fmedia&parent=145350"}],"wp:term":[{"taxonomy":"category","embeddable":true,"href":"https:\/\/diarioregionaldigital.com.br\/index.php?rest_route=%2Fwp%2Fv2%2Fcategories&post=145350"},{"taxonomy":"post_tag","embeddable":true,"href":"https:\/\/diarioregionaldigital.com.br\/index.php?rest_route=%2Fwp%2Fv2%2Ftags&post=145350"}],"curies":[{"name":"wp","href":"https:\/\/api.w.org\/{rel}","templated":true}]}}