{"id":145347,"date":"2019-08-06T06:00:44","date_gmt":"2019-08-06T09:00:44","guid":{"rendered":"https:\/\/diarioregionaldigital.com.br\/?p=145347"},"modified":"2019-08-06T02:20:24","modified_gmt":"2019-08-06T05:20:24","slug":"a-expectativa-pela-vida-eterna-4","status":"publish","type":"post","link":"https:\/\/diarioregionaldigital.com.br\/?p=145347","title":{"rendered":"A expectativa pela vida Eterna"},"content":{"rendered":"<p style=\"text-align: center;\"><strong>A expectativa pela vida Eterna<\/strong><\/p>\n<p style=\"text-align: center;\">Ansiar por uma vida al\u00e9m da morte inevit\u00e1vel \u00e9 o ponto de partida para o nascimento da f\u00e9 religiosa. Quem sente logo tal anseio diminui a voracidade com que vinha lutando pelos bens materiais, e come\u00e7a a pensar: &#8220;Para que luto tanto, empurrando e sobrepujando os meus semelhantes? \u00c0 frente, s\u00f3 a morte me espera&#8221;. Esta pessoa det\u00e9m a marcha e contempla o pr\u00f3prio interior. Descobre ali, inequivocadamente, uma esperan\u00e7a pela eternidade.<br \/>\nPor que a expectativa pela vida eterna se aloja no corpo que, fatalmente, ser\u00e1 destru\u00eddo um dia? Por que o desejo mortal. A vida fenom\u00eanica \u00e9 um palco onde os corpos mortais desempenham cada qual o seu papel, tendo a vida eterna como autor e diretor da pe\u00e7a. Se os corpos mortais agirem conforme a inten\u00e7\u00e3o do autor, eles ser\u00e3o excelentes atores. Mas os corpos carnais agem, por vezes, por conta pr\u00f3pria, contrariando a inten\u00e7\u00e3o do autor. Neste caso eles n\u00e3o conseguem simbolizar a vida eterna. Sua arte \u00e9 malfeita, deficiente e, por n\u00e3o representar a Vida, torna-se murcha. Suas iniciativas s\u00e3o fadadas ao insucesso. Um escritor assim produz obras med\u00edocres. Sua sa\u00fade, por n\u00e3o representar a vida eterna, enfraquece e envelhece rapidamente.<\/p>\n<p style=\"text-align: center;\"><strong>A teoria do &#8220;Deus interior transcendental&#8221;<\/strong><br \/>\nO Deus que a SEICHO-NO-IE prega \u00e9 &#8220;Deus interno transcendental&#8221;. Aparentemente \u00e9 uma ideia semelhante \u00e0 do pante\u00edsmo, que considera oriundos de Deus todas as manifesta\u00e7\u00f5es e todos os fen\u00f4menos existentes no Universo. No pante\u00edsmo, as leis da natureza s\u00e3o consideradas a express\u00e3o direta de Deus. Mas a teoria do Deus interior transcendental vai al\u00e9m: considera a exist\u00eancia de um Deus que transcende, inclusive, as leis da natureza e que vive no interior de todos os homens. O Deus interior transcendental tamb\u00e9m se manifesta nas leis da natureza, mas \u00e0s vezes Ele age superando essas leis.<br \/>\nAs leis da natureza s\u00e3o, por vezes, impiedosas. Podem levar \u00e0 morte o homem bom que rejeitou salvar seu companheiro e manipulou com imprud\u00eancia o ve\u00edculo em que o levava. Pela teoria do Deus interior transcendental esse tipo de acontecimento desumano n\u00e3o \u00e9 considerado manifesta\u00e7\u00e3o de Deus, mas sim a proje\u00e7\u00e3o da mente humana presa pela ilus\u00e3o. O Deus interior transcendental est\u00e1, efetivamente, al\u00e9m de todo pensamento baseado em ilus\u00f5es distorcidas. Encontra-se no mundo perfeito do Jiss\u00f4. No momento em que o homem abandona a ilus\u00e3o, a perfei\u00e7\u00e3o do Jiss\u00f4 passa a projetar sua imagem no mundo fenom\u00eanico.<\/p>\n","protected":false},"excerpt":{"rendered":"<p>A expectativa pela vida Eterna Ansiar por uma vida al\u00e9m da morte inevit\u00e1vel \u00e9 o ponto de partida para o nascimento da f\u00e9 religiosa. Quem sente logo tal anseio diminui a voracidade com que vinha lutando pelos bens materiais, e come\u00e7a a pensar: &#8220;Para que luto tanto, empurrando e sobrepujando os meus semelhantes? \u00c0 frente, [&hellip;]<\/p>\n","protected":false},"author":96,"featured_media":0,"comment_status":"closed","ping_status":"closed","sticky":false,"template":"","format":"standard","meta":{"footnotes":""},"categories":[263],"tags":[],"class_list":["post-145347","post","type-post","status-publish","format-standard","hentry","category-jane-aragao"],"_links":{"self":[{"href":"https:\/\/diarioregionaldigital.com.br\/index.php?rest_route=\/wp\/v2\/posts\/145347","targetHints":{"allow":["GET"]}}],"collection":[{"href":"https:\/\/diarioregionaldigital.com.br\/index.php?rest_route=\/wp\/v2\/posts"}],"about":[{"href":"https:\/\/diarioregionaldigital.com.br\/index.php?rest_route=\/wp\/v2\/types\/post"}],"author":[{"embeddable":true,"href":"https:\/\/diarioregionaldigital.com.br\/index.php?rest_route=\/wp\/v2\/users\/96"}],"replies":[{"embeddable":true,"href":"https:\/\/diarioregionaldigital.com.br\/index.php?rest_route=%2Fwp%2Fv2%2Fcomments&post=145347"}],"version-history":[{"count":0,"href":"https:\/\/diarioregionaldigital.com.br\/index.php?rest_route=\/wp\/v2\/posts\/145347\/revisions"}],"wp:attachment":[{"href":"https:\/\/diarioregionaldigital.com.br\/index.php?rest_route=%2Fwp%2Fv2%2Fmedia&parent=145347"}],"wp:term":[{"taxonomy":"category","embeddable":true,"href":"https:\/\/diarioregionaldigital.com.br\/index.php?rest_route=%2Fwp%2Fv2%2Fcategories&post=145347"},{"taxonomy":"post_tag","embeddable":true,"href":"https:\/\/diarioregionaldigital.com.br\/index.php?rest_route=%2Fwp%2Fv2%2Ftags&post=145347"}],"curies":[{"name":"wp","href":"https:\/\/api.w.org\/{rel}","templated":true}]}}