{"id":145341,"date":"2019-08-06T06:00:05","date_gmt":"2019-08-06T09:00:05","guid":{"rendered":"https:\/\/diarioregionaldigital.com.br\/?p=145341"},"modified":"2019-08-06T02:10:12","modified_gmt":"2019-08-06T05:10:12","slug":"em-evidencia","status":"publish","type":"post","link":"https:\/\/diarioregionaldigital.com.br\/?p=145341","title":{"rendered":"Em Evid\u00eancia"},"content":{"rendered":"<p style=\"text-align: center;\"><strong>Em Evid\u00eancia<\/strong><\/p>\n<p style=\"text-align: center;\">Digno de todos os elogios a escritora Olga Carmelita Stussi Coelho Rosa est\u00e1 com tudo e n\u00e3o est\u00e1 prosa. Com mais de 50 anos de magist\u00e9rio e 72 anos de uma bela vida, ela usa seu dinamismo ainda na ativa. Olga j\u00e1 recebeu muitos pr\u00eamios e tornou-se reconhecida internacionalmente pelo trabalho que desenvolveu \u00e0 frente da Escola Municipal Cecilia Meireles, na zona Norte de Juiz de Fora, onde nasceu e viveu parte de sua hist\u00f3ria. Aplausos.<\/p>\n<p style=\"text-align: center;\"><strong>Arte<\/strong><\/p>\n<p style=\"text-align: center;\">O palco da Sociedade Filarm\u00f4nica de Juiz de Fora estar\u00e1 iluminado para que o ator Alan Pandel\u00f3 possa mostrar o Stand-Up \u201cA vergonha da evolu\u00e7\u00e3o humana\u201d. Primeiro show solo do ator em Juiz de Fora, Alan j\u00e1 fez parte do espet\u00e1culo Butecom\u00e9dia. Ser\u00e1 no dia 17 de agosto, \u00e0s 20h, no audit\u00f3rio que fica na rua Oscar Vidal, n\u00ba 134. Palmas.<\/p>\n<p style=\"text-align: center;\"><strong>Tabela<\/strong><\/p>\n<p style=\"text-align: center;\">Com regulamenta\u00e7\u00e3o j\u00e1 prevista, o prefeito de Juiz de Fora, Ant\u00f4nio Almas, publicou decreto das tarifas dos servi\u00e7os de remo\u00e7\u00e3o, guarda e dep\u00f3sito de ve\u00edculos automotores removidos e retirados de circula\u00e7\u00e3o em Juiz de Fora. As tarifas de remo\u00e7\u00e3o variam entre R$ 104,57 e R$439,99. J\u00e1 os pre\u00e7os de di\u00e1rias de dep\u00f3sito v\u00e3o de R$20,91 a R$65,83.<\/p>\n<p style=\"text-align: center;\"><strong>Cad\u00ea meu Like?<\/strong><\/p>\n<p style=\"text-align: center;\">A tecnologia prega surpresa todo o dia. Com o fim da exposi\u00e7\u00e3o de curtidas no Instragran vai impactar a vida e o bolso dos influenciadores digitais e pode machucar o ego dos influenciadores (muitos de nariz em p\u00e9 e chatos (as)), mas em muitos casos n\u00e3o prejudica o neg\u00f3cio. O sumi\u00e7o dos likes, agora, s\u00f3 o dono da conta consegue ver quantas vezes o s\u00edmbolo de cora\u00e7\u00e3o foi clicado. Coisa do facebook que controla o Instagram.<\/p>\n<div id=\"attachment_145299\" style=\"width: 690px\" class=\"wp-caption aligncenter\"><img loading=\"lazy\" decoding=\"async\" aria-describedby=\"caption-attachment-145299\" class=\"wp-image-145299\" src=\"https:\/\/diarioregionaldigital.com.br\/wp-content\/uploads\/2019\/08\/fotoa-3-e1565042445569.jpg\" alt=\"\" width=\"680\" height=\"479\" srcset=\"https:\/\/diarioregionaldigital.com.br\/wp-content\/uploads\/2019\/08\/fotoa-3-e1565042445569.jpg 1176w, https:\/\/diarioregionaldigital.com.br\/wp-content\/uploads\/2019\/08\/fotoa-3-e1565042445569-300x210.jpg 300w, https:\/\/diarioregionaldigital.com.br\/wp-content\/uploads\/2019\/08\/fotoa-3-e1565042445569-768x541.jpg 768w, https:\/\/diarioregionaldigital.com.br\/wp-content\/uploads\/2019\/08\/fotoa-3-e1565042445569-1024x722.jpg 1024w, https:\/\/diarioregionaldigital.com.br\/wp-content\/uploads\/2019\/08\/fotoa-3-e1565042445569-360x254.jpg 360w, https:\/\/diarioregionaldigital.com.br\/wp-content\/uploads\/2019\/08\/fotoa-3-e1565042445569-100x70.jpg 100w\" sizes=\"auto, (max-width: 680px) 100vw, 680px\" \/><p id=\"caption-attachment-145299\" class=\"wp-caption-text\">Bonit\u00f5es em noite de queijos e vinhos em Juiz de Fora, Rondinelli Almeida, Kleyton Santos Neves, Jo\u00e3o Paulo Escobar, Leonardo Mansur e Emerson Teixeira<\/p><\/div>\n<div id=\"attachment_145300\" style=\"width: 690px\" class=\"wp-caption aligncenter\"><img loading=\"lazy\" decoding=\"async\" aria-describedby=\"caption-attachment-145300\" class=\"wp-image-145300\" src=\"https:\/\/diarioregionaldigital.com.br\/wp-content\/uploads\/2019\/08\/fotob-3-e1565041871645.jpg\" alt=\"\" width=\"680\" height=\"515\" srcset=\"https:\/\/diarioregionaldigital.com.br\/wp-content\/uploads\/2019\/08\/fotob-3-e1565041871645.jpg 1181w, https:\/\/diarioregionaldigital.com.br\/wp-content\/uploads\/2019\/08\/fotob-3-e1565041871645-300x227.jpg 300w, https:\/\/diarioregionaldigital.com.br\/wp-content\/uploads\/2019\/08\/fotob-3-e1565041871645-768x582.jpg 768w, https:\/\/diarioregionaldigital.com.br\/wp-content\/uploads\/2019\/08\/fotob-3-e1565041871645-1024x776.jpg 1024w, https:\/\/diarioregionaldigital.com.br\/wp-content\/uploads\/2019\/08\/fotob-3-e1565041871645-360x273.jpg 360w\" sizes=\"auto, (max-width: 680px) 100vw, 680px\" \/><p id=\"caption-attachment-145300\" class=\"wp-caption-text\">O charme sensual de Meire Milhomens, em foco<\/p><\/div>\n<div id=\"attachment_145301\" style=\"width: 690px\" class=\"wp-caption aligncenter\"><img loading=\"lazy\" decoding=\"async\" aria-describedby=\"caption-attachment-145301\" class=\"wp-image-145301\" src=\"https:\/\/diarioregionaldigital.com.br\/wp-content\/uploads\/2019\/08\/fotoc-3-e1565041922185.jpg\" alt=\"\" width=\"680\" height=\"514\" srcset=\"https:\/\/diarioregionaldigital.com.br\/wp-content\/uploads\/2019\/08\/fotoc-3-e1565041922185.jpg 1170w, https:\/\/diarioregionaldigital.com.br\/wp-content\/uploads\/2019\/08\/fotoc-3-e1565041922185-300x227.jpg 300w, https:\/\/diarioregionaldigital.com.br\/wp-content\/uploads\/2019\/08\/fotoc-3-e1565041922185-768x581.jpg 768w, https:\/\/diarioregionaldigital.com.br\/wp-content\/uploads\/2019\/08\/fotoc-3-e1565041922185-1024x775.jpg 1024w, https:\/\/diarioregionaldigital.com.br\/wp-content\/uploads\/2019\/08\/fotoc-3-e1565041922185-360x272.jpg 360w\" sizes=\"auto, (max-width: 680px) 100vw, 680px\" \/><p id=\"caption-attachment-145301\" class=\"wp-caption-text\">Wesley Monteiro e sua bel\u00edssima obra para loja M.Marques com Ricardo Alex<\/p><\/div>\n<div id=\"attachment_145302\" style=\"width: 690px\" class=\"wp-caption aligncenter\"><img loading=\"lazy\" decoding=\"async\" aria-describedby=\"caption-attachment-145302\" class=\"wp-image-145302\" src=\"https:\/\/diarioregionaldigital.com.br\/wp-content\/uploads\/2019\/08\/fotod-3-e1565041965667.jpg\" alt=\"\" width=\"680\" height=\"488\" srcset=\"https:\/\/diarioregionaldigital.com.br\/wp-content\/uploads\/2019\/08\/fotod-3-e1565041965667.jpg 1155w, https:\/\/diarioregionaldigital.com.br\/wp-content\/uploads\/2019\/08\/fotod-3-e1565041965667-300x215.jpg 300w, https:\/\/diarioregionaldigital.com.br\/wp-content\/uploads\/2019\/08\/fotod-3-e1565041965667-768x551.jpg 768w, https:\/\/diarioregionaldigital.com.br\/wp-content\/uploads\/2019\/08\/fotod-3-e1565041965667-1024x735.jpg 1024w, https:\/\/diarioregionaldigital.com.br\/wp-content\/uploads\/2019\/08\/fotod-3-e1565041965667-360x258.jpg 360w\" sizes=\"auto, (max-width: 680px) 100vw, 680px\" \/><p id=\"caption-attachment-145302\" class=\"wp-caption-text\">Em momento inverno, Ju N\u00eaga e Eduardo Gomes<\/p><\/div>\n<div id=\"attachment_145303\" style=\"width: 690px\" class=\"wp-caption aligncenter\"><img loading=\"lazy\" decoding=\"async\" aria-describedby=\"caption-attachment-145303\" class=\"wp-image-145303\" src=\"https:\/\/diarioregionaldigital.com.br\/wp-content\/uploads\/2019\/08\/fotoe-3-e1565042028405.jpg\" alt=\"\" width=\"680\" height=\"505\" srcset=\"https:\/\/diarioregionaldigital.com.br\/wp-content\/uploads\/2019\/08\/fotoe-3-e1565042028405.jpg 1113w, https:\/\/diarioregionaldigital.com.br\/wp-content\/uploads\/2019\/08\/fotoe-3-e1565042028405-300x223.jpg 300w, https:\/\/diarioregionaldigital.com.br\/wp-content\/uploads\/2019\/08\/fotoe-3-e1565042028405-768x571.jpg 768w, https:\/\/diarioregionaldigital.com.br\/wp-content\/uploads\/2019\/08\/fotoe-3-e1565042028405-1024x761.jpg 1024w, https:\/\/diarioregionaldigital.com.br\/wp-content\/uploads\/2019\/08\/fotoe-3-e1565042028405-360x267.jpg 360w\" sizes=\"auto, (max-width: 680px) 100vw, 680px\" \/><p id=\"caption-attachment-145303\" class=\"wp-caption-text\">Circulando em Arraial D\u2019Ajuda, o belo casal Rita e Henrique Allemand<\/p><\/div>\n<div id=\"attachment_145305\" style=\"width: 690px\" class=\"wp-caption aligncenter\"><img loading=\"lazy\" decoding=\"async\" aria-describedby=\"caption-attachment-145305\" class=\"wp-image-145305\" src=\"https:\/\/diarioregionaldigital.com.br\/wp-content\/uploads\/2019\/08\/fotog-2.jpg\" alt=\"\" width=\"680\" height=\"451\" srcset=\"https:\/\/diarioregionaldigital.com.br\/wp-content\/uploads\/2019\/08\/fotog-2.jpg 1764w, https:\/\/diarioregionaldigital.com.br\/wp-content\/uploads\/2019\/08\/fotog-2-300x199.jpg 300w, https:\/\/diarioregionaldigital.com.br\/wp-content\/uploads\/2019\/08\/fotog-2-768x509.jpg 768w, https:\/\/diarioregionaldigital.com.br\/wp-content\/uploads\/2019\/08\/fotog-2-1024x679.jpg 1024w, https:\/\/diarioregionaldigital.com.br\/wp-content\/uploads\/2019\/08\/fotog-2-360x239.jpg 360w\" sizes=\"auto, (max-width: 680px) 100vw, 680px\" \/><p id=\"caption-attachment-145305\" class=\"wp-caption-text\">Fazendo social no Granbery, S\u00f4nia Zouain e Jos\u00e9 M\u00e1rcio recebendo Carminha Martins<\/p><\/div>\n<div id=\"attachment_145308\" style=\"width: 690px\" class=\"wp-caption aligncenter\"><img loading=\"lazy\" decoding=\"async\" aria-describedby=\"caption-attachment-145308\" class=\"wp-image-145308\" src=\"https:\/\/diarioregionaldigital.com.br\/wp-content\/uploads\/2019\/08\/fotoj-1-e1565042132472.jpg\" alt=\"\" width=\"680\" height=\"573\" srcset=\"https:\/\/diarioregionaldigital.com.br\/wp-content\/uploads\/2019\/08\/fotoj-1-e1565042132472.jpg 1008w, https:\/\/diarioregionaldigital.com.br\/wp-content\/uploads\/2019\/08\/fotoj-1-e1565042132472-300x253.jpg 300w, https:\/\/diarioregionaldigital.com.br\/wp-content\/uploads\/2019\/08\/fotoj-1-e1565042132472-768x648.jpg 768w, https:\/\/diarioregionaldigital.com.br\/wp-content\/uploads\/2019\/08\/fotoj-1-e1565042132472-360x304.jpg 360w\" sizes=\"auto, (max-width: 680px) 100vw, 680px\" \/><p id=\"caption-attachment-145308\" class=\"wp-caption-text\">Nos Est\u00fadios da Globo, Waltinho J\u00fanior e padre F\u00e1bio de Mello<\/p><\/div>\n<div id=\"attachment_145306\" style=\"width: 690px\" class=\"wp-caption aligncenter\"><img loading=\"lazy\" decoding=\"async\" aria-describedby=\"caption-attachment-145306\" class=\"wp-image-145306\" src=\"https:\/\/diarioregionaldigital.com.br\/wp-content\/uploads\/2019\/08\/fotoh-3.jpg\" alt=\"\" width=\"680\" height=\"451\" srcset=\"https:\/\/diarioregionaldigital.com.br\/wp-content\/uploads\/2019\/08\/fotoh-3.jpg 1764w, https:\/\/diarioregionaldigital.com.br\/wp-content\/uploads\/2019\/08\/fotoh-3-300x199.jpg 300w, https:\/\/diarioregionaldigital.com.br\/wp-content\/uploads\/2019\/08\/fotoh-3-768x509.jpg 768w, https:\/\/diarioregionaldigital.com.br\/wp-content\/uploads\/2019\/08\/fotoh-3-1024x679.jpg 1024w, https:\/\/diarioregionaldigital.com.br\/wp-content\/uploads\/2019\/08\/fotoh-3-360x239.jpg 360w\" sizes=\"auto, (max-width: 680px) 100vw, 680px\" \/><p id=\"caption-attachment-145306\" class=\"wp-caption-text\">Curtindo a cidade de Garibaldi no sul do pa\u00eds os lindos Igor Vieira e Nat\u00e1lia Kopke e L\u00edvia Cal e Leonardo Crolman<\/p><\/div>\n<div id=\"attachment_145307\" style=\"width: 690px\" class=\"wp-caption aligncenter\"><img loading=\"lazy\" decoding=\"async\" aria-describedby=\"caption-attachment-145307\" class=\"wp-image-145307\" src=\"https:\/\/diarioregionaldigital.com.br\/wp-content\/uploads\/2019\/08\/fotoi-3.jpg\" alt=\"\" width=\"680\" height=\"451\" srcset=\"https:\/\/diarioregionaldigital.com.br\/wp-content\/uploads\/2019\/08\/fotoi-3.jpg 1764w, https:\/\/diarioregionaldigital.com.br\/wp-content\/uploads\/2019\/08\/fotoi-3-300x199.jpg 300w, https:\/\/diarioregionaldigital.com.br\/wp-content\/uploads\/2019\/08\/fotoi-3-768x509.jpg 768w, https:\/\/diarioregionaldigital.com.br\/wp-content\/uploads\/2019\/08\/fotoi-3-1024x679.jpg 1024w, https:\/\/diarioregionaldigital.com.br\/wp-content\/uploads\/2019\/08\/fotoi-3-360x239.jpg 360w\" sizes=\"auto, (max-width: 680px) 100vw, 680px\" \/><p id=\"caption-attachment-145307\" class=\"wp-caption-text\">Em noite de festa as lindas Fabiana Baldioti, Manu e Fernanda Baldioti Lisboa e Christina Baldioti<\/p><\/div>\n<div id=\"attachment_145304\" style=\"width: 690px\" class=\"wp-caption aligncenter\"><img loading=\"lazy\" decoding=\"async\" aria-describedby=\"caption-attachment-145304\" class=\"wp-image-145304\" src=\"https:\/\/diarioregionaldigital.com.br\/wp-content\/uploads\/2019\/08\/fotof-3-e1565042065153.jpg\" alt=\"\" width=\"680\" height=\"490\" srcset=\"https:\/\/diarioregionaldigital.com.br\/wp-content\/uploads\/2019\/08\/fotof-3-e1565042065153.jpg 1448w, https:\/\/diarioregionaldigital.com.br\/wp-content\/uploads\/2019\/08\/fotof-3-e1565042065153-300x216.jpg 300w, https:\/\/diarioregionaldigital.com.br\/wp-content\/uploads\/2019\/08\/fotof-3-e1565042065153-768x554.jpg 768w, https:\/\/diarioregionaldigital.com.br\/wp-content\/uploads\/2019\/08\/fotof-3-e1565042065153-1024x738.jpg 1024w, https:\/\/diarioregionaldigital.com.br\/wp-content\/uploads\/2019\/08\/fotof-3-e1565042065153-360x260.jpg 360w\" sizes=\"auto, (max-width: 680px) 100vw, 680px\" \/><p id=\"caption-attachment-145304\" class=\"wp-caption-text\">Circulando na Festa das Na\u00e7\u00f5es, Davidson Fagundes, Andreia Maia, Rosemary Oliveira, Terezinho, Sidney Souza e Marcos Reink<\/p><\/div>\n<p style=\"text-align: center;\"><strong>FOTOSS\u00cdNTESE<\/strong><\/p>\n<p>Sempre dedicado a arte e a cultura, Carlos Oscar Niemeyer, presidente da Associa\u00e7\u00e3o Cavaleiros da Cultura, confirmou a realiza\u00e7\u00e3o da FliMinas. A Feira Liter\u00e1ria de Rio Novo que re\u00fane escritores e gente de arte e cultura, ser\u00e1 entre 6 e 8 de setembro.<\/p>\n<p>O din\u00e2mico radialista Fernando Luis Baldioti (Baleia) foi aplaudido na apresenta\u00e7\u00e3o na G\u00e1vea (Rio), da cerim\u00f4nia de premia\u00e7\u00e3o dos vencedores da Copa de Futebol Zico nas categorias de sub-9 e sub-17. Vai ter bis em 2020. Parab\u00e9ns.<\/p>\n<p>Giulio Scaramela est\u00e1 revestindo as paredes do Forum da Cultura da UFJF com suas belas fotografias com o tema \u201cNaturezas-mortas Caravaggescas brincando com a luz do sol\u201d. S\u00e3o 28 fotografias, produzidas entre 2013 e 2018 inspiradas em pinturas de Caravaggio.<\/p>\n<p>A elegante Ivanir Ferreira vai festejar seu n\u00edver com o look tem\u00e1tico: \u201cNesta noite todos s\u00e3o reis e rainhas. Agosto, 31, 20h, no Pal\u00e1cio dos Ferreira.<\/p>\n<p>Agendado para esta 3\u00aa feira, 6, a palestra \u201cSolta as amarras, deixe que a vida te surpreenda\u201d, \u00e0s 19h30, no Anfiteatro Jo\u00e3o Carri\u00e7o.<br \/>\nO maquiador das estrelas Gustavo Henrique est\u00e1 cheio de inspira\u00e7\u00e3o e promove pacote especial para formatura e casamento. Para agendar: 98838-4052.<\/p>\n<p>Dando passos precisos, o empres\u00e1rio M\u00e1rcio Marques est\u00e1 em destaque com um painel de Led no cruzamento da Rio Branco em dire\u00e7\u00e3o a rua Santo Ant\u00f4nio mostrando a bonita moda masculina M.Marques. Tiro certo!<\/p>\n<p>Ser\u00e1 na Associa\u00e7\u00e3o Portuguesa, no dia 15 de setembro, \u00e0s 12h, a 8\u00aa Feijoada Beneficente Cultural 2019. Para animar a galera, DJ Tic\u00e3o, Felipe e Gabriel, DJ Vanderlei e a diva Sandra Portella.<\/p>\n<p>Com garra e talento o jogador juiz-forano Felipe Roque estreou no Pan pela Sele\u00e7\u00e3o Brasileira de V\u00f4lei.<\/p>\n<p>Dona cegonha aprontou de novo. Colocou na chamin\u00e9 da jornalista Roberta Abramo e Gilberto Moreira a linda estrelinha Liz.<\/p>\n<p>Para visualizar: \u201cA cultura contempor\u00e2nea requer aut\u00f4matos. E as pessoas est\u00e3o realmente perdendo seus h\u00e1bitos de independ\u00eancia e se tornando aut\u00f4matos, partes de uma m\u00e1quina. Isto \u00e9 s\u00e9rio! Bom dia.<\/p>\n<p><img loading=\"lazy\" decoding=\"async\" class=\"aligncenter size-full wp-image-144968\" src=\"https:\/\/diarioregionaldigital.com.br\/wp-content\/uploads\/2019\/07\/anuncio-19.jpg\" alt=\"\" width=\"3483\" height=\"1292\" srcset=\"https:\/\/diarioregionaldigital.com.br\/wp-content\/uploads\/2019\/07\/anuncio-19.jpg 3483w, https:\/\/diarioregionaldigital.com.br\/wp-content\/uploads\/2019\/07\/anuncio-19-300x111.jpg 300w, https:\/\/diarioregionaldigital.com.br\/wp-content\/uploads\/2019\/07\/anuncio-19-768x285.jpg 768w, https:\/\/diarioregionaldigital.com.br\/wp-content\/uploads\/2019\/07\/anuncio-19-1024x380.jpg 1024w, https:\/\/diarioregionaldigital.com.br\/wp-content\/uploads\/2019\/07\/anuncio-19-360x134.jpg 360w\" sizes=\"auto, (max-width: 3483px) 100vw, 3483px\" \/><\/p>\n","protected":false},"excerpt":{"rendered":"<p>Em Evid\u00eancia Digno de todos os elogios a escritora Olga Carmelita Stussi Coelho Rosa est\u00e1 com tudo e n\u00e3o est\u00e1 prosa. Com mais de 50 anos de magist\u00e9rio e 72 anos de uma bela vida, ela usa seu dinamismo ainda na ativa. Olga j\u00e1 recebeu muitos pr\u00eamios e tornou-se reconhecida internacionalmente pelo trabalho que desenvolveu [&hellip;]<\/p>\n","protected":false},"author":96,"featured_media":145299,"comment_status":"closed","ping_status":"closed","sticky":false,"template":"","format":"standard","meta":{"footnotes":""},"categories":[264],"tags":[],"class_list":["post-145341","post","type-post","status-publish","format-standard","has-post-thumbnail","hentry","category-eduardo-gomes"],"_links":{"self":[{"href":"https:\/\/diarioregionaldigital.com.br\/index.php?rest_route=\/wp\/v2\/posts\/145341","targetHints":{"allow":["GET"]}}],"collection":[{"href":"https:\/\/diarioregionaldigital.com.br\/index.php?rest_route=\/wp\/v2\/posts"}],"about":[{"href":"https:\/\/diarioregionaldigital.com.br\/index.php?rest_route=\/wp\/v2\/types\/post"}],"author":[{"embeddable":true,"href":"https:\/\/diarioregionaldigital.com.br\/index.php?rest_route=\/wp\/v2\/users\/96"}],"replies":[{"embeddable":true,"href":"https:\/\/diarioregionaldigital.com.br\/index.php?rest_route=%2Fwp%2Fv2%2Fcomments&post=145341"}],"version-history":[{"count":0,"href":"https:\/\/diarioregionaldigital.com.br\/index.php?rest_route=\/wp\/v2\/posts\/145341\/revisions"}],"wp:featuredmedia":[{"embeddable":true,"href":"https:\/\/diarioregionaldigital.com.br\/index.php?rest_route=\/wp\/v2\/media\/145299"}],"wp:attachment":[{"href":"https:\/\/diarioregionaldigital.com.br\/index.php?rest_route=%2Fwp%2Fv2%2Fmedia&parent=145341"}],"wp:term":[{"taxonomy":"category","embeddable":true,"href":"https:\/\/diarioregionaldigital.com.br\/index.php?rest_route=%2Fwp%2Fv2%2Fcategories&post=145341"},{"taxonomy":"post_tag","embeddable":true,"href":"https:\/\/diarioregionaldigital.com.br\/index.php?rest_route=%2Fwp%2Fv2%2Ftags&post=145341"}],"curies":[{"name":"wp","href":"https:\/\/api.w.org\/{rel}","templated":true}]}}