{"id":145333,"date":"2019-08-05T18:15:06","date_gmt":"2019-08-05T21:15:06","guid":{"rendered":"https:\/\/diarioregionaldigital.com.br\/?p=145333"},"modified":"2019-08-07T18:15:05","modified_gmt":"2019-08-07T21:15:05","slug":"pjf-retira-15-toneladas-de-entulho-em-casa-do-bairro-ipiranga-acoes-de-educacao-em-saude-de-combate-a-dengue-retornam-nesta-terca-feira","status":"publish","type":"post","link":"https:\/\/diarioregionaldigital.com.br\/?p=145333","title":{"rendered":"PJF retira 15 toneladas de entulho em casa do bairro Ipiranga; a\u00e7\u00f5es de Educa\u00e7\u00e3o em Sa\u00fade de Combate \u00e0 Dengue retornam nesta ter\u00e7a-feira"},"content":{"rendered":"<p>Cinco caminh\u00f5es de entulho e materiais inserv\u00edveis, totalizando aproximadamente 15 toneladas, foram retirados pela equipe da &#8220;Sala de Opera\u00e7\u00f5es da Dengue&#8221; de uma casa localizada na rua Ol\u00edvia Moreira, no bairro Ipiranga, zona Sul de Juiz de Fora.<\/p>\n<p>A a\u00e7\u00e3o foi realizada pela for\u00e7a-tarefa na moradia insalubre, considerada foco gerador do Aedes aegypti, na \u00faltima sexta-feira, 2 de agosto. Participaram 30 servidores da Prefeitura de Juiz de Fora (PJF), entre agentes de combate a endemias da Secretaria de Sa\u00fade (SS), fiscais da Secretaria de Meio Ambiente e Ordenamento Urbano (Semaur), servidores do Departamento Municipal de Limpeza Urbana (Demlurb) e equipe da Secretaria de Desenvolvimento Social (SDS).<\/p>\n<p>O Aedes aegypti \u00e9 transmissor da dengue, zika e chikungunya, doen\u00e7as que podem matar. Conforme a PJF, com este trabalho, os agentes de combate a endemias do Departamento de Vigil\u00e2ncia Epidemiol\u00f3gica e Ambiental (Dvea) buscam impedir a prolifera\u00e7\u00e3o do mosquito na regi\u00e3o, e ampliando as a\u00e7\u00f5es durante a semana, vistoriando resid\u00eancias da cidade. Os dep\u00f3sitos encontrados s\u00e3o tratados e os focos eliminados.<\/p>\n<p>&nbsp;<\/p>\n<p><strong>Chega a 12 o n\u00famero de mortes por dengue em Juiz de Fora<\/strong><\/p>\n<p>Na \u00faltima semana, a Secretaria de Estado de Sa\u00fade de Minas Gerais (SES-MG) confirmou mais duas mortes por dengue em Juiz de Fora. Ao todo, j\u00e1 s\u00e3o 12 mortes pela doen\u00e7a na cidade em 2019.<\/p>\n<p>A informa\u00e7\u00e3o consta no boletim divulgado na \u00faltima segunda-feira, 29 de julho. Na Zona da Mata, uma morte por dengue j\u00e1 havia sido registrada na cidade de Guarani, totalizando 13 mortes confirmadas pela doen\u00e7a na regi\u00e3o. De acordo com a SES-MG, em Minas Gerais, foram confirmados 117 \u00f3bitos por dengue. Em 2019, em todo o Estado, foram registrados 460.721 casos prov\u00e1veis (casos confirmados + suspeitos) de dengue.<\/p>\n<p>Minas Gerais est\u00e1 em situa\u00e7\u00e3o de alerta para o aumento no n\u00famero de casos das doen\u00e7as transmitidas pelo Aedes aegypti\u2013dengue, chikungunya e zika. Juiz de Fora est\u00e1 entre as cidades com os maiores registros de mortes pela doen\u00e7a, ficando atr\u00e1s apenas de Betim (18), Belo Horizonte (17) e Uberl\u00e2ndia (16).<\/p>\n<p>Ainda conforme os dados, em rela\u00e7\u00e3o \u00e0 febre chikungunya, Minas Gerais registrou 2.665 casos prov\u00e1veis em 2019. At\u00e9 o momento, foi confirmado um \u00f3bito para chikungunya do munic\u00edpio de Patos de Minas. J\u00e1 em rela\u00e7\u00e3o \u00e0 zika, foram registrados 958 casos prov\u00e1veis da doen\u00e7a em 2019.<\/p>\n<p>&nbsp;<\/p>\n<p><strong>Combate \u00e0 Dengue: a\u00e7\u00f5es de Educa\u00e7\u00e3o em Sa\u00fade retornam na pr\u00f3xima semana<\/strong><\/p>\n<p>A programa\u00e7\u00e3o de a\u00e7\u00f5es de Educa\u00e7\u00e3o em Sa\u00fade de Combate \u00e0 Dengue retorna nesta ter\u00e7a-feira, 6, junto com o in\u00edcio do novo per\u00edodo letivo. O Departamento de Vigil\u00e2ncia Epidemiol\u00f3gica e Ambiental (Dvea) d\u00e1 sequ\u00eancia \u00e0s atividades de conscientiza\u00e7\u00e3o, a fim de que a popula\u00e7\u00e3o continue alerta para a import\u00e2ncia do combate ao Aedes aegypti.<\/p>\n<p>Nesta ter\u00e7a-feira, 6, \u00e0s 14h30, uma equipe do setor de Educa\u00e7\u00e3o em Sa\u00fade vai ministrar palestra para os assistidos, no Centro de Refer\u00eancia de Assist\u00eancia Social (Cras), unidade Centro, localizada na Rua Esp\u00edrito Santo, 456. Na mesma data e hor\u00e1rio, outra equipe realizar\u00e1 palestra e exposi\u00e7\u00e3o de animais pe\u00e7onhentos no Polo de Evolu\u00e7\u00e3o de Medidas Socioeducativas (Pemse\/Bet\u00e2nia).<\/p>\n<p>J\u00e1 na quinta-feira, 8, \u00e0s 8h30, est\u00e1 programada outra palestra no Cras Centro. De acordo com a supervisora do setor de Educa\u00e7\u00e3o em Sa\u00fade, L\u00edvia Passarela, durante a atividade s\u00e3o trabalhadas quest\u00f5es referentes ao Aedes aegypti, tais como, quais doen\u00e7as ele transmite e seus sintomas, quais s\u00e3o os sorotipos da dengue, o ciclo evolutivo do mosquito, as formas de preven\u00e7\u00e3o e os cuidados que devem ser tomados em casa e, tamb\u00e9m, mitos e verdades a respeito das arboviroses.<\/p>\n<p>Conforme o departamento, empresas, escolas ou institui\u00e7\u00f5es interessadas em agendar palestra de educa\u00e7\u00e3o em sa\u00fade podem enviar o pedido via e-mail (educasaude@pjf.mg.gov.br) ou ligar para o telefone 3690-7534.<\/p>\n","protected":false},"excerpt":{"rendered":"<p>Cinco caminh\u00f5es de entulho e materiais inserv\u00edveis, totalizando aproximadamente 15 toneladas, foram retirados pela equipe da &#8220;Sala de Opera\u00e7\u00f5es da Dengue&#8221; de uma casa localizada na rua Ol\u00edvia Moreira, no bairro Ipiranga, zona Sul de Juiz de Fora. A a\u00e7\u00e3o foi realizada pela for\u00e7a-tarefa na moradia insalubre, considerada foco gerador do Aedes aegypti, na \u00faltima [&hellip;]<\/p>\n","protected":false},"author":96,"featured_media":145334,"comment_status":"closed","ping_status":"closed","sticky":false,"template":"","format":"standard","meta":{"footnotes":""},"categories":[253,436,440,439],"tags":[],"class_list":["post-145333","post","type-post","status-publish","format-standard","has-post-thumbnail","hentry","category-cidade","category-destaque-da-semana","category-destaques-do-dia","category-ultima-hora"],"_links":{"self":[{"href":"https:\/\/diarioregionaldigital.com.br\/index.php?rest_route=\/wp\/v2\/posts\/145333","targetHints":{"allow":["GET"]}}],"collection":[{"href":"https:\/\/diarioregionaldigital.com.br\/index.php?rest_route=\/wp\/v2\/posts"}],"about":[{"href":"https:\/\/diarioregionaldigital.com.br\/index.php?rest_route=\/wp\/v2\/types\/post"}],"author":[{"embeddable":true,"href":"https:\/\/diarioregionaldigital.com.br\/index.php?rest_route=\/wp\/v2\/users\/96"}],"replies":[{"embeddable":true,"href":"https:\/\/diarioregionaldigital.com.br\/index.php?rest_route=%2Fwp%2Fv2%2Fcomments&post=145333"}],"version-history":[{"count":0,"href":"https:\/\/diarioregionaldigital.com.br\/index.php?rest_route=\/wp\/v2\/posts\/145333\/revisions"}],"wp:featuredmedia":[{"embeddable":true,"href":"https:\/\/diarioregionaldigital.com.br\/index.php?rest_route=\/wp\/v2\/media\/145334"}],"wp:attachment":[{"href":"https:\/\/diarioregionaldigital.com.br\/index.php?rest_route=%2Fwp%2Fv2%2Fmedia&parent=145333"}],"wp:term":[{"taxonomy":"category","embeddable":true,"href":"https:\/\/diarioregionaldigital.com.br\/index.php?rest_route=%2Fwp%2Fv2%2Fcategories&post=145333"},{"taxonomy":"post_tag","embeddable":true,"href":"https:\/\/diarioregionaldigital.com.br\/index.php?rest_route=%2Fwp%2Fv2%2Ftags&post=145333"}],"curies":[{"name":"wp","href":"https:\/\/api.w.org\/{rel}","templated":true}]}}