{"id":145330,"date":"2019-08-05T18:13:50","date_gmt":"2019-08-05T21:13:50","guid":{"rendered":"https:\/\/diarioregionaldigital.com.br\/?p=145330"},"modified":"2019-08-07T18:15:21","modified_gmt":"2019-08-07T21:15:21","slug":"guarda-municipal-e-agentes-do-canil-do-ceresp-participam-de-acao-no-parque-halfeld","status":"publish","type":"post","link":"https:\/\/diarioregionaldigital.com.br\/?p=145330","title":{"rendered":"Guarda Municipal e agentes do canil do Ceresp participam de a\u00e7\u00e3o no Parque Halfeld"},"content":{"rendered":"<p>Na tarde desta segunda-feira, 5, a Guarda Municipal (GM) da Prefeitura de Juiz de Fora (PJF) realizou a opera\u00e7\u00e3o preventiva no Parque Halfeld, regi\u00e3o central da cidade, denominada \u201cVolta \u00e0s Aulas\u201d. A manobra contou tamb\u00e9m com a participa\u00e7\u00e3o dos agentes penitenci\u00e1rios do Grupo de Opera\u00e7\u00f5es com C\u00e3es (GOC) do Centro de Remanejamento do Sistema Prisional (Ceresp).<\/p>\n<p>Com dura\u00e7\u00e3o de mais de duas horas, a a\u00e7\u00e3o contou com a participa\u00e7\u00e3o de 17 guardas, cinco agentes do Ceresp e dois c\u00e3es farejadores. Eles realizaram abordagens a diversas pessoas, com revista de mochilas e pertences.<\/p>\n<p>Atrav\u00e9s da assessoria, o subcomandante da GM, Ricardo Loures, explicou que estas a\u00e7\u00f5es ser\u00e3o cont\u00ednuas. \u201cRealizamos essa opera\u00e7\u00e3o em parceria com o GOC, focando n\u00e3o s\u00f3 na apreens\u00e3o, mas tamb\u00e9m na preven\u00e7\u00e3o. O patrulhamento preventivo comunit\u00e1rio busca, dia a dia, retomar a sensa\u00e7\u00e3o de seguran\u00e7a dos espa\u00e7os p\u00fablicos. Precisamos que a popula\u00e7\u00e3o nos ajude e, ao ver situa\u00e7\u00f5es n\u00e3o condizentes nesses locais, que entre em contato conosco, atrav\u00e9s do telefone 153\u201d, disse.<\/p>\n","protected":false},"excerpt":{"rendered":"<p>Na tarde desta segunda-feira, 5, a Guarda Municipal (GM) da Prefeitura de Juiz de Fora (PJF) realizou a opera\u00e7\u00e3o preventiva no Parque Halfeld, regi\u00e3o central da cidade, denominada \u201cVolta \u00e0s Aulas\u201d. A manobra contou tamb\u00e9m com a participa\u00e7\u00e3o dos agentes penitenci\u00e1rios do Grupo de Opera\u00e7\u00f5es com C\u00e3es (GOC) do Centro de Remanejamento do Sistema Prisional [&hellip;]<\/p>\n","protected":false},"author":96,"featured_media":145331,"comment_status":"closed","ping_status":"closed","sticky":false,"template":"","format":"standard","meta":{"footnotes":""},"categories":[253,436,440,439],"tags":[],"class_list":["post-145330","post","type-post","status-publish","format-standard","has-post-thumbnail","hentry","category-cidade","category-destaque-da-semana","category-destaques-do-dia","category-ultima-hora"],"_links":{"self":[{"href":"https:\/\/diarioregionaldigital.com.br\/index.php?rest_route=\/wp\/v2\/posts\/145330","targetHints":{"allow":["GET"]}}],"collection":[{"href":"https:\/\/diarioregionaldigital.com.br\/index.php?rest_route=\/wp\/v2\/posts"}],"about":[{"href":"https:\/\/diarioregionaldigital.com.br\/index.php?rest_route=\/wp\/v2\/types\/post"}],"author":[{"embeddable":true,"href":"https:\/\/diarioregionaldigital.com.br\/index.php?rest_route=\/wp\/v2\/users\/96"}],"replies":[{"embeddable":true,"href":"https:\/\/diarioregionaldigital.com.br\/index.php?rest_route=%2Fwp%2Fv2%2Fcomments&post=145330"}],"version-history":[{"count":0,"href":"https:\/\/diarioregionaldigital.com.br\/index.php?rest_route=\/wp\/v2\/posts\/145330\/revisions"}],"wp:featuredmedia":[{"embeddable":true,"href":"https:\/\/diarioregionaldigital.com.br\/index.php?rest_route=\/wp\/v2\/media\/145331"}],"wp:attachment":[{"href":"https:\/\/diarioregionaldigital.com.br\/index.php?rest_route=%2Fwp%2Fv2%2Fmedia&parent=145330"}],"wp:term":[{"taxonomy":"category","embeddable":true,"href":"https:\/\/diarioregionaldigital.com.br\/index.php?rest_route=%2Fwp%2Fv2%2Fcategories&post=145330"},{"taxonomy":"post_tag","embeddable":true,"href":"https:\/\/diarioregionaldigital.com.br\/index.php?rest_route=%2Fwp%2Fv2%2Ftags&post=145330"}],"curies":[{"name":"wp","href":"https:\/\/api.w.org\/{rel}","templated":true}]}}