{"id":145323,"date":"2019-08-05T18:10:23","date_gmt":"2019-08-05T21:10:23","guid":{"rendered":"https:\/\/diarioregionaldigital.com.br\/?p=145323"},"modified":"2019-08-05T18:10:23","modified_gmt":"2019-08-05T21:10:23","slug":"parlamento-jovem-realiza-encontro-com-os-grupos-de-trabalho-nesta-quarta-feira","status":"publish","type":"post","link":"https:\/\/diarioregionaldigital.com.br\/?p=145323","title":{"rendered":"Parlamento Jovem realiza encontro com os grupos de trabalho nesta quarta-feira"},"content":{"rendered":"<p>Os alunos que participam da etapa regional do Parlamento Jovem ir\u00e3o se encontrar nesta quarta-feira, 7, no Col\u00e9gio Vianna J\u00fanior. O objetivo \u00e9 proporcionar um momento de discuss\u00e3o sobre as propostas de lei que ser\u00e3o votadas durante a Plen\u00e1ria Regional, no dia 14 de agosto.<\/p>\n<p>O Parlamento Jovem oferece oficinas sobre pol\u00edtica e cidade para estudantes do Ensino M\u00e9dio. A C\u00e2mara de Juiz de Fora, que participa do projeto desde 2010, comp\u00f5e o Polo Regional Zona da Mata II junto com as cidades de Lima Duarte e de Santos Dumont. Na etapa regional, h\u00e1 a participa\u00e7\u00e3o de 75 alunos, sendo 25 representantes de cada munic\u00edpio.<\/p>\n<p>Cinco escolas de Juiz de Fora participam do projeto neste ano: os col\u00e9gios Jesu\u00edtas, Nossa Senhora do Carmo e Tiradentes; e as escolas estaduais Dilermando Costa Cruz e Henrique Burnier. Nesta edi\u00e7\u00e3o, os estudantes elaboraram propostas de lei para combater a Discrimina\u00e7\u00e3o \u00c9tnico-Racial.<\/p>\n<p>As propostas aprovadas nas plen\u00e1rias municipais ser\u00e3o debatidas pelos alunos que comp\u00f5e o PJ, nos grupos e trabalho\u00a0a ser realizado nesta quarta-feira, 7. Os estudantes ser\u00e3o divididos em tr\u00eas grupos, de acordo o subtema de prefer\u00eancia do aluno. As propostas foram elaboradas pensando nos subtemas: desigualdade socioecon\u00f4mica; viol\u00eancia por motivos \u00e9tnico-raciais; e direito \u00e0 identidade e diversidade cultural.<\/p>\n<p>Na Plen\u00e1ria Regional, que acontece no dia 14 de agosto, ser\u00e3o escolhidas as quatro propostas para serem encaminhadas para a etapa estadual por meio de vota\u00e7\u00e3o entre os participantes. Al\u00e9m disso, tamb\u00e9m ser\u00e3o selecionados dois estudantes de cada munic\u00edpio para representarem a regi\u00e3o na Plen\u00e1ria Estadual, que acontece em Belo Horizonte nos dias 18, 19 e 20 de setembro.<\/p>\n<p>Al\u00e9m das propostas, cada Polo Regional deve fazer uma sugest\u00e3o para o tema que ser\u00e1 trabalhado pelos participantes da edi\u00e7\u00e3o 2020 do Parlamento Jovem. Cada cidade defender\u00e1 um tema e os estudantes precisam decidir qual ser\u00e1 encaminhado para a etapa estadual. O tema sugerido pelos alunos de Juiz de Fora \u00e9 LGBTQ+fobia. Na C\u00e2mara de Lima Duarte, o tema foi semelhante: conscientiza\u00e7\u00e3o sobre a viol\u00eancia contra a comunidade LGBTQ+. J\u00e1 em Santos Dumont, o tema escolhido foi Intoler\u00e2ncia Religiosa.<\/p>\n<p>Fonte: CMJF<\/p>\n","protected":false},"excerpt":{"rendered":"<p>Os alunos que participam da etapa regional do Parlamento Jovem ir\u00e3o se encontrar nesta quarta-feira, 7, no Col\u00e9gio Vianna J\u00fanior. O objetivo \u00e9 proporcionar um momento de discuss\u00e3o sobre as propostas de lei que ser\u00e3o votadas durante a Plen\u00e1ria Regional, no dia 14 de agosto. O Parlamento Jovem oferece oficinas sobre pol\u00edtica e cidade para [&hellip;]<\/p>\n","protected":false},"author":96,"featured_media":145324,"comment_status":"closed","ping_status":"closed","sticky":false,"template":"","format":"standard","meta":{"footnotes":""},"categories":[253,436,440,439],"tags":[],"class_list":["post-145323","post","type-post","status-publish","format-standard","has-post-thumbnail","hentry","category-cidade","category-destaque-da-semana","category-destaques-do-dia","category-ultima-hora"],"_links":{"self":[{"href":"https:\/\/diarioregionaldigital.com.br\/index.php?rest_route=\/wp\/v2\/posts\/145323","targetHints":{"allow":["GET"]}}],"collection":[{"href":"https:\/\/diarioregionaldigital.com.br\/index.php?rest_route=\/wp\/v2\/posts"}],"about":[{"href":"https:\/\/diarioregionaldigital.com.br\/index.php?rest_route=\/wp\/v2\/types\/post"}],"author":[{"embeddable":true,"href":"https:\/\/diarioregionaldigital.com.br\/index.php?rest_route=\/wp\/v2\/users\/96"}],"replies":[{"embeddable":true,"href":"https:\/\/diarioregionaldigital.com.br\/index.php?rest_route=%2Fwp%2Fv2%2Fcomments&post=145323"}],"version-history":[{"count":0,"href":"https:\/\/diarioregionaldigital.com.br\/index.php?rest_route=\/wp\/v2\/posts\/145323\/revisions"}],"wp:featuredmedia":[{"embeddable":true,"href":"https:\/\/diarioregionaldigital.com.br\/index.php?rest_route=\/wp\/v2\/media\/145324"}],"wp:attachment":[{"href":"https:\/\/diarioregionaldigital.com.br\/index.php?rest_route=%2Fwp%2Fv2%2Fmedia&parent=145323"}],"wp:term":[{"taxonomy":"category","embeddable":true,"href":"https:\/\/diarioregionaldigital.com.br\/index.php?rest_route=%2Fwp%2Fv2%2Fcategories&post=145323"},{"taxonomy":"post_tag","embeddable":true,"href":"https:\/\/diarioregionaldigital.com.br\/index.php?rest_route=%2Fwp%2Fv2%2Ftags&post=145323"}],"curies":[{"name":"wp","href":"https:\/\/api.w.org\/{rel}","templated":true}]}}