{"id":145310,"date":"2019-08-05T17:40:18","date_gmt":"2019-08-05T20:40:18","guid":{"rendered":"https:\/\/diarioregionaldigital.com.br\/?p=145310"},"modified":"2019-08-05T17:40:18","modified_gmt":"2019-08-05T20:40:18","slug":"selecao-brasileira-de-volei-feminino-embarca-para-lima-2019","status":"publish","type":"post","link":"https:\/\/diarioregionaldigital.com.br\/?p=145310","title":{"rendered":"Sele\u00e7\u00e3o Brasileira de v\u00f4lei feminino embarca para Lima 2019"},"content":{"rendered":"<p>Depois de garantir a classifica\u00e7\u00e3o para os Jogos Ol\u00edmpicos de T\u00f3quio, a sele\u00e7\u00e3o brasileira feminina de v\u00f4lei embarcou nesse domingo (04.08) para Lima, no Peru, onde disputar\u00e1 os Jogos Pan-Americanos. As brasileiras estrear\u00e3o na competi\u00e7\u00e3o na pr\u00f3xima quarta-feira (07.08) \u00e0s 15h (hor\u00e1rio de Bras\u00edlia) contra Porto Rico.<\/p>\n<p>Brasileiras e porto-riquenhas est\u00e3o no grupo B da competi\u00e7\u00e3o ao lado da Argentina e dos Estados Unidos. O grupo A \u00e9 formado por Peru, Rep\u00fablica Dominicana, Canad\u00e1 e Col\u00f4mbia. As equipes se enfrentar\u00e3o dentro dos respectivos grupos e as duas melhores de cada passar\u00e3o \u00e0s semifinais da competi\u00e7\u00e3o. Na \u00faltima edi\u00e7\u00e3o dos Jogos Pan-Americanos, em Toronto, no Canad\u00e1, a sele\u00e7\u00e3o feminina ficou com a medalha de prata.<\/p>\n<p>A equipe verde e amarelo ser\u00e1 formada pelas levantadoras Macris e Juma, as opostas Lorenne e Paula Borgo, as centrais Mara, Mayany e Lara, as ponteiras Tainara, J\u00falia Bergmann, Lana e Maira e a l\u00edbero Natinha. O time brasileiro ser\u00e1 dirigido pelo tricampe\u00e3o ol\u00edmpico Jos\u00e9 Roberto Guimar\u00e3es.<\/p>\n<p>Destaque da sele\u00e7\u00e3o feminina no Pr\u00e9-Ol\u00edmpico, a oposta Lorenne comentou sobre a expectativa para os Jogos Pan-Americanos.<\/p>\n<p>\u201cEstou muito feliz em disputar os Jogos Pan-Americanos. \u00c9 uma oportunidade incr\u00edvel jogar essa competi\u00e7\u00e3o. Ser\u00e1 mais uma chance de crescer como atleta, adquirir experi\u00eancia e ganhar confian\u00e7a. Temos tudo para fazer bons jogos e vamos em busca do melhor resultado poss\u00edvel\u201d, disse Lorenne.<\/p>\n<p>Nessa temporada, a sele\u00e7\u00e3o feminina carimbou no \u00faltimo s\u00e1bado (03.08) o passaporte para os Jogos Ol\u00edmpicos de T\u00f3quio ao terminar o Pr\u00e9-Ol\u00edmpico com tr\u00eas vit\u00f3rias em tr\u00eas jogos. No in\u00edcio de julho, as brasileiras conquistaram a medalha de prata na Liga das Na\u00e7\u00f5es. A fase final da competi\u00e7\u00e3o foi disputada em Nanquim, na China. Na ocasi\u00e3o, tr\u00eas brasileiras entraram na sele\u00e7\u00e3o da Liga das Na\u00e7\u00f5es. A levantadora Macris, a ponteira Gabi e a central Bia foram eleitas as melhores das suas posi\u00e7\u00f5es.<\/p>\n<p>&nbsp;<\/p>\n<p><strong>JOGOS PAN-AMERICANOS \u2013 LIMA\/PERU<\/strong><\/p>\n<p>07.08 (Quarta-Feira) \u2013 Brasil x Porto Rico, \u00e0s 15h (Hor\u00e1rio de Bras\u00edlia)<\/p>\n<p>08.08 (Quinta-Feira) \u2013 Brasil x Argentina, \u00e0s 15h (Hor\u00e1rio de Bras\u00edlia)<\/p>\n<p>09.08 (Sexta-Feira) \u2013 Brasil x Estados Unidos, \u00e0s 15h (Hor\u00e1rio de Bras\u00edlia)<\/p>\n<p>Fonte: Olimp\u00edada Todo Dia<\/p>\n","protected":false},"excerpt":{"rendered":"<p>Depois de garantir a classifica\u00e7\u00e3o para os Jogos Ol\u00edmpicos de T\u00f3quio, a sele\u00e7\u00e3o brasileira feminina de v\u00f4lei embarcou nesse domingo (04.08) para Lima, no Peru, onde disputar\u00e1 os Jogos Pan-Americanos. As brasileiras estrear\u00e3o na competi\u00e7\u00e3o na pr\u00f3xima quarta-feira (07.08) \u00e0s 15h (hor\u00e1rio de Bras\u00edlia) contra Porto Rico. Brasileiras e porto-riquenhas est\u00e3o no grupo B da [&hellip;]<\/p>\n","protected":false},"author":96,"featured_media":145316,"comment_status":"closed","ping_status":"closed","sticky":false,"template":"","format":"standard","meta":{"footnotes":""},"categories":[436,257,439],"tags":[],"class_list":["post-145310","post","type-post","status-publish","format-standard","has-post-thumbnail","hentry","category-destaque-da-semana","category-esporte","category-ultima-hora"],"_links":{"self":[{"href":"https:\/\/diarioregionaldigital.com.br\/index.php?rest_route=\/wp\/v2\/posts\/145310","targetHints":{"allow":["GET"]}}],"collection":[{"href":"https:\/\/diarioregionaldigital.com.br\/index.php?rest_route=\/wp\/v2\/posts"}],"about":[{"href":"https:\/\/diarioregionaldigital.com.br\/index.php?rest_route=\/wp\/v2\/types\/post"}],"author":[{"embeddable":true,"href":"https:\/\/diarioregionaldigital.com.br\/index.php?rest_route=\/wp\/v2\/users\/96"}],"replies":[{"embeddable":true,"href":"https:\/\/diarioregionaldigital.com.br\/index.php?rest_route=%2Fwp%2Fv2%2Fcomments&post=145310"}],"version-history":[{"count":0,"href":"https:\/\/diarioregionaldigital.com.br\/index.php?rest_route=\/wp\/v2\/posts\/145310\/revisions"}],"wp:featuredmedia":[{"embeddable":true,"href":"https:\/\/diarioregionaldigital.com.br\/index.php?rest_route=\/wp\/v2\/media\/145316"}],"wp:attachment":[{"href":"https:\/\/diarioregionaldigital.com.br\/index.php?rest_route=%2Fwp%2Fv2%2Fmedia&parent=145310"}],"wp:term":[{"taxonomy":"category","embeddable":true,"href":"https:\/\/diarioregionaldigital.com.br\/index.php?rest_route=%2Fwp%2Fv2%2Fcategories&post=145310"},{"taxonomy":"post_tag","embeddable":true,"href":"https:\/\/diarioregionaldigital.com.br\/index.php?rest_route=%2Fwp%2Fv2%2Ftags&post=145310"}],"curies":[{"name":"wp","href":"https:\/\/api.w.org\/{rel}","templated":true}]}}