{"id":145298,"date":"2019-08-05T17:37:53","date_gmt":"2019-08-05T20:37:53","guid":{"rendered":"https:\/\/diarioregionaldigital.com.br\/?p=145298"},"modified":"2019-08-05T17:37:53","modified_gmt":"2019-08-05T20:37:53","slug":"unidos-da-vila-e-campea-da-copa-uniao-da-vila","status":"publish","type":"post","link":"https:\/\/diarioregionaldigital.com.br\/?p=145298","title":{"rendered":"Unidos da Vila \u00e9 campe\u00e3 da Copa \u201cUni\u00e3o da Vila\u201d"},"content":{"rendered":"<p>A equipe Unidos da Vila n\u00e3o foi s\u00f3 campe\u00e3 da Copa \u201cUni\u00e3o das Vilas\u201d: faturou tamb\u00e9m as premia\u00e7\u00f5es de disciplina, defesa menos vazada e artilharia, principalmente gra\u00e7as aos gols de Fabr\u00edcio Correia da Silva, que fez cinco. A disputa foi encerrada na manh\u00e3 de domingo, 4, no campo do &#8220;N\u00facleo Travessia&#8221;, na Vila Olavo Costa, com arquibancada lotada. Para sair vencedora da disputa, a Unidos da Vila venceu a Atl\u00e9tico Caixa d\u2019\u00c1gua por 3 a 0. A terceira coloca\u00e7\u00e3o ficou com a Associa\u00e7\u00e3o Lixarte, que derrotou o outro Atl\u00e9tico por 3 a 1.<\/p>\n<p>Atendendo solicita\u00e7\u00e3o da Associa\u00e7\u00e3o dos Moradores da Vila Olavo Costa, a Copa \u201cUni\u00e3o das Vilas\u201d foi realizada pela Secretaria de Esporte e Lazer (SEL), em parceria com a de Desenvolvimento Social (SDS), ambas da Prefeitura de Juiz de Fora (PJF), reunindo equipes formadas por moradores dos bairros da regi\u00e3o sudeste da cidade.<\/p>\n<p>Fonte: Assessoria<\/p>\n","protected":false},"excerpt":{"rendered":"<p>A equipe Unidos da Vila n\u00e3o foi s\u00f3 campe\u00e3 da Copa \u201cUni\u00e3o das Vilas\u201d: faturou tamb\u00e9m as premia\u00e7\u00f5es de disciplina, defesa menos vazada e artilharia, principalmente gra\u00e7as aos gols de Fabr\u00edcio Correia da Silva, que fez cinco. A disputa foi encerrada na manh\u00e3 de domingo, 4, no campo do &#8220;N\u00facleo Travessia&#8221;, na Vila Olavo Costa, [&hellip;]<\/p>\n","protected":false},"author":96,"featured_media":145314,"comment_status":"closed","ping_status":"closed","sticky":false,"template":"","format":"standard","meta":{"footnotes":""},"categories":[436,257,439],"tags":[],"class_list":["post-145298","post","type-post","status-publish","format-standard","has-post-thumbnail","hentry","category-destaque-da-semana","category-esporte","category-ultima-hora"],"_links":{"self":[{"href":"https:\/\/diarioregionaldigital.com.br\/index.php?rest_route=\/wp\/v2\/posts\/145298","targetHints":{"allow":["GET"]}}],"collection":[{"href":"https:\/\/diarioregionaldigital.com.br\/index.php?rest_route=\/wp\/v2\/posts"}],"about":[{"href":"https:\/\/diarioregionaldigital.com.br\/index.php?rest_route=\/wp\/v2\/types\/post"}],"author":[{"embeddable":true,"href":"https:\/\/diarioregionaldigital.com.br\/index.php?rest_route=\/wp\/v2\/users\/96"}],"replies":[{"embeddable":true,"href":"https:\/\/diarioregionaldigital.com.br\/index.php?rest_route=%2Fwp%2Fv2%2Fcomments&post=145298"}],"version-history":[{"count":0,"href":"https:\/\/diarioregionaldigital.com.br\/index.php?rest_route=\/wp\/v2\/posts\/145298\/revisions"}],"wp:featuredmedia":[{"embeddable":true,"href":"https:\/\/diarioregionaldigital.com.br\/index.php?rest_route=\/wp\/v2\/media\/145314"}],"wp:attachment":[{"href":"https:\/\/diarioregionaldigital.com.br\/index.php?rest_route=%2Fwp%2Fv2%2Fmedia&parent=145298"}],"wp:term":[{"taxonomy":"category","embeddable":true,"href":"https:\/\/diarioregionaldigital.com.br\/index.php?rest_route=%2Fwp%2Fv2%2Fcategories&post=145298"},{"taxonomy":"post_tag","embeddable":true,"href":"https:\/\/diarioregionaldigital.com.br\/index.php?rest_route=%2Fwp%2Fv2%2Ftags&post=145298"}],"curies":[{"name":"wp","href":"https:\/\/api.w.org\/{rel}","templated":true}]}}