{"id":145280,"date":"2019-08-04T06:00:13","date_gmt":"2019-08-04T09:00:13","guid":{"rendered":"https:\/\/diarioregionaldigital.com.br\/?p=145280"},"modified":"2019-08-04T04:40:16","modified_gmt":"2019-08-04T07:40:16","slug":"atencao-pessoal","status":"publish","type":"post","link":"https:\/\/diarioregionaldigital.com.br\/?p=145280","title":{"rendered":"Aten\u00e7\u00e3o Pessoal"},"content":{"rendered":"<p style=\"text-align: center;\"><strong>Aten\u00e7\u00e3o Pessoal<\/strong><\/p>\n<p style=\"text-align: center;\">As inscri\u00e7\u00f5es para o concurso \u201cA Ponte\u201d est\u00e3o abertas at\u00e9 3 de setembro. O concurso, que \u00e9 uma das principais atra\u00e7\u00f5es do maior evento da cadeia de constru\u00e7\u00e3o em Minas Gerais \u2013 o Minascon 2019, vai desafiar estudantes de cursos t\u00e9cnicos em Edifica\u00e7\u00f5es e Constru\u00e7\u00e3o Civil e de gradua\u00e7\u00e3o em Arquitetura e Engenharia Civil, Mec\u00e2nica e de Produ\u00e7\u00e3o a criarem e executarem o projeto de uma ponte utilizando apenas palitos de picol\u00e9 de madeira e cola branca. O Minascon 2019 \u00e9 uma realiza\u00e7\u00e3o da FIEMG em parceria com o SEBRAE-MG e Sinduscon-MG.<\/p>\n<p style=\"text-align: center;\"><strong>NeuroterapiaHol\u00edstica<\/strong><\/p>\n<p style=\"text-align: center;\">Considerando o momento atual, quando muitas pessoas ficam cansadas e estressadas, surge ent\u00e3o a filoneuroterapeuta e fisioterapeuta Luna Petermann. Talentosa e competente ela trabalha com o di\u00e1logo da alma e do corpo sendo poss\u00edvel individualiz\u00e1-los. O endere\u00e7o e na Av. Rio Branco, n\u00ba 2588\/ sala 204.<\/p>\n<p style=\"text-align: center;\"><strong>T\u00f4 Bege<\/strong><\/p>\n<p style=\"text-align: center;\">Para acender um look de cor neutra, capriche nos acess\u00f3rios. A bolsa de palha se mistura aos \u00f3culos de formato gatinho e sand\u00e1lias brancas de tiras, pulseira, colar e an\u00e9is dourados d\u00e3o o toque elegante ao visual diurno. Acess\u00f3rios da By Candy roupas Veneno, joias Kether e Obsess\u00e3o e sapatos e sand\u00e1lias Arpel, fazem o look chique e fashion da esta\u00e7\u00e3o inverno.<\/p>\n<div id=\"attachment_145265\" style=\"width: 690px\" class=\"wp-caption aligncenter\"><img loading=\"lazy\" decoding=\"async\" aria-describedby=\"caption-attachment-145265\" class=\"wp-image-145265\" src=\"https:\/\/diarioregionaldigital.com.br\/wp-content\/uploads\/2019\/08\/fotoa-2-e1564903815599.jpg\" alt=\"\" width=\"680\" height=\"583\" srcset=\"https:\/\/diarioregionaldigital.com.br\/wp-content\/uploads\/2019\/08\/fotoa-2-e1564903815599.jpg 1178w, https:\/\/diarioregionaldigital.com.br\/wp-content\/uploads\/2019\/08\/fotoa-2-e1564903815599-300x257.jpg 300w, https:\/\/diarioregionaldigital.com.br\/wp-content\/uploads\/2019\/08\/fotoa-2-e1564903815599-768x658.jpg 768w, https:\/\/diarioregionaldigital.com.br\/wp-content\/uploads\/2019\/08\/fotoa-2-e1564903815599-1024x878.jpg 1024w, https:\/\/diarioregionaldigital.com.br\/wp-content\/uploads\/2019\/08\/fotoa-2-e1564903815599-360x309.jpg 360w\" sizes=\"auto, (max-width: 680px) 100vw, 680px\" \/><p id=\"caption-attachment-145265\" class=\"wp-caption-text\">O empres\u00e1rio e arquiteto bonit\u00e3o Lucas Lorhan na tarde da Cervejaria Mirante<\/p><\/div>\n<div id=\"attachment_145266\" style=\"width: 690px\" class=\"wp-caption aligncenter\"><img loading=\"lazy\" decoding=\"async\" aria-describedby=\"caption-attachment-145266\" class=\"wp-image-145266\" src=\"https:\/\/diarioregionaldigital.com.br\/wp-content\/uploads\/2019\/08\/fotob-2-e1564903888561.jpg\" alt=\"\" width=\"680\" height=\"635\" srcset=\"https:\/\/diarioregionaldigital.com.br\/wp-content\/uploads\/2019\/08\/fotob-2-e1564903888561.jpg 1176w, https:\/\/diarioregionaldigital.com.br\/wp-content\/uploads\/2019\/08\/fotob-2-e1564903888561-300x280.jpg 300w, https:\/\/diarioregionaldigital.com.br\/wp-content\/uploads\/2019\/08\/fotob-2-e1564903888561-768x717.jpg 768w, https:\/\/diarioregionaldigital.com.br\/wp-content\/uploads\/2019\/08\/fotob-2-e1564903888561-1024x956.jpg 1024w, https:\/\/diarioregionaldigital.com.br\/wp-content\/uploads\/2019\/08\/fotob-2-e1564903888561-360x336.jpg 360w\" sizes=\"auto, (max-width: 680px) 100vw, 680px\" \/><p id=\"caption-attachment-145266\" class=\"wp-caption-text\">Em evento social em tarde chique na Granja dos Magnolo: Jorge J\u00fanior e Mauro Lipe<\/p><\/div>\n<div id=\"attachment_145267\" style=\"width: 690px\" class=\"wp-caption aligncenter\"><img loading=\"lazy\" decoding=\"async\" aria-describedby=\"caption-attachment-145267\" class=\"wp-image-145267\" src=\"https:\/\/diarioregionaldigital.com.br\/wp-content\/uploads\/2019\/08\/fotoc-2-e1564903920315.jpg\" alt=\"\" width=\"680\" height=\"578\" srcset=\"https:\/\/diarioregionaldigital.com.br\/wp-content\/uploads\/2019\/08\/fotoc-2-e1564903920315.jpg 1169w, https:\/\/diarioregionaldigital.com.br\/wp-content\/uploads\/2019\/08\/fotoc-2-e1564903920315-300x255.jpg 300w, https:\/\/diarioregionaldigital.com.br\/wp-content\/uploads\/2019\/08\/fotoc-2-e1564903920315-768x652.jpg 768w, https:\/\/diarioregionaldigital.com.br\/wp-content\/uploads\/2019\/08\/fotoc-2-e1564903920315-1024x870.jpg 1024w, https:\/\/diarioregionaldigital.com.br\/wp-content\/uploads\/2019\/08\/fotoc-2-e1564903920315-360x306.jpg 360w\" sizes=\"auto, (max-width: 680px) 100vw, 680px\" \/><p id=\"caption-attachment-145267\" class=\"wp-caption-text\">A classe e eleg\u00e2ncia de Ana Lea Salom\u00e3o e Ribeiro e a filha Ana Let\u00edcia<\/p><\/div>\n<div id=\"attachment_145268\" style=\"width: 690px\" class=\"wp-caption aligncenter\"><img loading=\"lazy\" decoding=\"async\" aria-describedby=\"caption-attachment-145268\" class=\"wp-image-145268\" src=\"https:\/\/diarioregionaldigital.com.br\/wp-content\/uploads\/2019\/08\/fotod-2.jpg\" alt=\"\" width=\"680\" height=\"450\" srcset=\"https:\/\/diarioregionaldigital.com.br\/wp-content\/uploads\/2019\/08\/fotod-2.jpg 1761w, https:\/\/diarioregionaldigital.com.br\/wp-content\/uploads\/2019\/08\/fotod-2-300x199.jpg 300w, https:\/\/diarioregionaldigital.com.br\/wp-content\/uploads\/2019\/08\/fotod-2-768x509.jpg 768w, https:\/\/diarioregionaldigital.com.br\/wp-content\/uploads\/2019\/08\/fotod-2-1024x678.jpg 1024w, https:\/\/diarioregionaldigital.com.br\/wp-content\/uploads\/2019\/08\/fotod-2-1440x950.jpg 1440w, https:\/\/diarioregionaldigital.com.br\/wp-content\/uploads\/2019\/08\/fotod-2-360x238.jpg 360w\" sizes=\"auto, (max-width: 680px) 100vw, 680px\" \/><p id=\"caption-attachment-145268\" class=\"wp-caption-text\">Em alto astral no Cer\u00e2mica Renato Zarvos, Maria Eduarda (aniversariando) e J\u00e9ssica Melato<\/p><\/div>\n<div id=\"attachment_145269\" style=\"width: 690px\" class=\"wp-caption aligncenter\"><img loading=\"lazy\" decoding=\"async\" aria-describedby=\"caption-attachment-145269\" class=\"wp-image-145269\" src=\"https:\/\/diarioregionaldigital.com.br\/wp-content\/uploads\/2019\/08\/fotoe-2-e1564903962572.jpg\" alt=\"\" width=\"680\" height=\"511\" srcset=\"https:\/\/diarioregionaldigital.com.br\/wp-content\/uploads\/2019\/08\/fotoe-2-e1564903962572.jpg 1185w, https:\/\/diarioregionaldigital.com.br\/wp-content\/uploads\/2019\/08\/fotoe-2-e1564903962572-300x225.jpg 300w, https:\/\/diarioregionaldigital.com.br\/wp-content\/uploads\/2019\/08\/fotoe-2-e1564903962572-768x577.jpg 768w, https:\/\/diarioregionaldigital.com.br\/wp-content\/uploads\/2019\/08\/fotoe-2-e1564903962572-1024x769.jpg 1024w, https:\/\/diarioregionaldigital.com.br\/wp-content\/uploads\/2019\/08\/fotoe-2-e1564903962572-360x270.jpg 360w\" sizes=\"auto, (max-width: 680px) 100vw, 680px\" \/><p id=\"caption-attachment-145269\" class=\"wp-caption-text\">Estilistas de sucesso da loja Marab\u00e1, Carlos Elias e o super Rog\u00e9rio Belo<\/p><\/div>\n<div id=\"attachment_145279\" style=\"width: 690px\" class=\"wp-caption aligncenter\"><img loading=\"lazy\" decoding=\"async\" aria-describedby=\"caption-attachment-145279\" class=\"wp-image-145279\" src=\"https:\/\/diarioregionaldigital.com.br\/wp-content\/uploads\/2019\/08\/fotobb-1-e1564904134282.jpg\" alt=\"\" width=\"680\" height=\"523\" srcset=\"https:\/\/diarioregionaldigital.com.br\/wp-content\/uploads\/2019\/08\/fotobb-1-e1564904134282.jpg 845w, https:\/\/diarioregionaldigital.com.br\/wp-content\/uploads\/2019\/08\/fotobb-1-e1564904134282-300x231.jpg 300w, https:\/\/diarioregionaldigital.com.br\/wp-content\/uploads\/2019\/08\/fotobb-1-e1564904134282-768x591.jpg 768w, https:\/\/diarioregionaldigital.com.br\/wp-content\/uploads\/2019\/08\/fotobb-1-e1564904134282-360x277.jpg 360w\" sizes=\"auto, (max-width: 680px) 100vw, 680px\" \/><p id=\"caption-attachment-145279\" class=\"wp-caption-text\">Comemorando o primeiro aninho da sobrinha Bella, Felipe Siqueira, em grande estilo<\/p><\/div>\n<div id=\"attachment_145278\" style=\"width: 690px\" class=\"wp-caption aligncenter\"><img loading=\"lazy\" decoding=\"async\" aria-describedby=\"caption-attachment-145278\" class=\"wp-image-145278\" src=\"https:\/\/diarioregionaldigital.com.br\/wp-content\/uploads\/2019\/08\/fotoaa-1-e1564904107807.jpg\" alt=\"\" width=\"680\" height=\"564\" srcset=\"https:\/\/diarioregionaldigital.com.br\/wp-content\/uploads\/2019\/08\/fotoaa-1-e1564904107807.jpg 540w, https:\/\/diarioregionaldigital.com.br\/wp-content\/uploads\/2019\/08\/fotoaa-1-e1564904107807-300x249.jpg 300w, https:\/\/diarioregionaldigital.com.br\/wp-content\/uploads\/2019\/08\/fotoaa-1-e1564904107807-360x299.jpg 360w\" sizes=\"auto, (max-width: 680px) 100vw, 680px\" \/><p id=\"caption-attachment-145278\" class=\"wp-caption-text\">Festejando anivers\u00e1rio no quiosque do Sport Clube, Wilson Rezato ladeado de Patr\u00edcia Caniato e Gilberto Peixoto ( Telekete)<\/p><\/div>\n<div id=\"attachment_145275\" style=\"width: 690px\" class=\"wp-caption aligncenter\"><img loading=\"lazy\" decoding=\"async\" aria-describedby=\"caption-attachment-145275\" class=\"wp-image-145275\" src=\"https:\/\/diarioregionaldigital.com.br\/wp-content\/uploads\/2019\/08\/fotol-1-e1564904079359.jpg\" alt=\"\" width=\"680\" height=\"496\" srcset=\"https:\/\/diarioregionaldigital.com.br\/wp-content\/uploads\/2019\/08\/fotol-1-e1564904079359.jpg 1064w, https:\/\/diarioregionaldigital.com.br\/wp-content\/uploads\/2019\/08\/fotol-1-e1564904079359-300x219.jpg 300w, https:\/\/diarioregionaldigital.com.br\/wp-content\/uploads\/2019\/08\/fotol-1-e1564904079359-768x560.jpg 768w, https:\/\/diarioregionaldigital.com.br\/wp-content\/uploads\/2019\/08\/fotol-1-e1564904079359-1024x747.jpg 1024w, https:\/\/diarioregionaldigital.com.br\/wp-content\/uploads\/2019\/08\/fotol-1-e1564904079359-360x263.jpg 360w\" sizes=\"auto, (max-width: 680px) 100vw, 680px\" \/><p id=\"caption-attachment-145275\" class=\"wp-caption-text\">O alto astral do mineiro Cleydson C\u00farcio no Parque Xcaret em Cancum<\/p><\/div>\n<div id=\"attachment_145273\" style=\"width: 690px\" class=\"wp-caption aligncenter\"><img loading=\"lazy\" decoding=\"async\" aria-describedby=\"caption-attachment-145273\" class=\"wp-image-145273\" src=\"https:\/\/diarioregionaldigital.com.br\/wp-content\/uploads\/2019\/08\/fotoi-2.jpg\" alt=\"\" width=\"680\" height=\"455\" srcset=\"https:\/\/diarioregionaldigital.com.br\/wp-content\/uploads\/2019\/08\/fotoi-2.jpg 1758w, https:\/\/diarioregionaldigital.com.br\/wp-content\/uploads\/2019\/08\/fotoi-2-300x201.jpg 300w, https:\/\/diarioregionaldigital.com.br\/wp-content\/uploads\/2019\/08\/fotoi-2-768x514.jpg 768w, https:\/\/diarioregionaldigital.com.br\/wp-content\/uploads\/2019\/08\/fotoi-2-1024x685.jpg 1024w, https:\/\/diarioregionaldigital.com.br\/wp-content\/uploads\/2019\/08\/fotoi-2-360x241.jpg 360w\" sizes=\"auto, (max-width: 680px) 100vw, 680px\" \/><p id=\"caption-attachment-145273\" class=\"wp-caption-text\">Mulheres empoderadas brindando a vida: Renata Scapin Micherif, Gabriela Francklin Secchin e Franciane Bastos Reis<\/p><\/div>\n<div id=\"attachment_145272\" style=\"width: 690px\" class=\"wp-caption aligncenter\"><img loading=\"lazy\" decoding=\"async\" aria-describedby=\"caption-attachment-145272\" class=\"wp-image-145272\" src=\"https:\/\/diarioregionaldigital.com.br\/wp-content\/uploads\/2019\/08\/fotoh-2-e1564904006488.jpg\" alt=\"\" width=\"680\" height=\"480\" srcset=\"https:\/\/diarioregionaldigital.com.br\/wp-content\/uploads\/2019\/08\/fotoh-2-e1564904006488.jpg 1640w, https:\/\/diarioregionaldigital.com.br\/wp-content\/uploads\/2019\/08\/fotoh-2-e1564904006488-300x212.jpg 300w, https:\/\/diarioregionaldigital.com.br\/wp-content\/uploads\/2019\/08\/fotoh-2-e1564904006488-768x542.jpg 768w, https:\/\/diarioregionaldigital.com.br\/wp-content\/uploads\/2019\/08\/fotoh-2-e1564904006488-1024x722.jpg 1024w, https:\/\/diarioregionaldigital.com.br\/wp-content\/uploads\/2019\/08\/fotoh-2-e1564904006488-750x530.jpg 750w, https:\/\/diarioregionaldigital.com.br\/wp-content\/uploads\/2019\/08\/fotoh-2-e1564904006488-360x254.jpg 360w, https:\/\/diarioregionaldigital.com.br\/wp-content\/uploads\/2019\/08\/fotoh-2-e1564904006488-100x70.jpg 100w\" sizes=\"auto, (max-width: 680px) 100vw, 680px\" \/><p id=\"caption-attachment-145272\" class=\"wp-caption-text\">Em Maria da F\u00e9 (MG), curtindo o inverno, Denise Oliveira, Silvana Paiva Pinto, Gustavo Eiterer e Cida Gomes<\/p><\/div>\n<div id=\"attachment_145270\" style=\"width: 690px\" class=\"wp-caption aligncenter\"><img loading=\"lazy\" decoding=\"async\" aria-describedby=\"caption-attachment-145270\" class=\"wp-image-145270\" src=\"https:\/\/diarioregionaldigital.com.br\/wp-content\/uploads\/2019\/08\/fotof-2-e1564903985138.jpg\" alt=\"\" width=\"680\" height=\"500\" srcset=\"https:\/\/diarioregionaldigital.com.br\/wp-content\/uploads\/2019\/08\/fotof-2-e1564903985138.jpg 1498w, https:\/\/diarioregionaldigital.com.br\/wp-content\/uploads\/2019\/08\/fotof-2-e1564903985138-300x220.jpg 300w, https:\/\/diarioregionaldigital.com.br\/wp-content\/uploads\/2019\/08\/fotof-2-e1564903985138-768x564.jpg 768w, https:\/\/diarioregionaldigital.com.br\/wp-content\/uploads\/2019\/08\/fotof-2-e1564903985138-1024x753.jpg 1024w, https:\/\/diarioregionaldigital.com.br\/wp-content\/uploads\/2019\/08\/fotof-2-e1564903985138-360x265.jpg 360w\" sizes=\"auto, (max-width: 680px) 100vw, 680px\" \/><p id=\"caption-attachment-145270\" class=\"wp-caption-text\">Marcelle Oliveira comemora o sucesso da MultSa\u00fade ladeada de: Marcelo Rother, Genaina Queiroz, Waldye Laguna, Umberto Papera e Diego Oliveira<\/p><\/div>\n<p style=\"text-align: center;\"><strong>FOTOSS\u00cdNTESE<\/strong><\/p>\n<p>O Independ\u00eancia Shopping est\u00e1 como uma bonita Campanha do Agasalho, recolhendo pe\u00e7as quentinhas para aquecer os moradores de rua e animais.<\/p>\n<p>Para o domingo (4), o Divers\u00e3o em Cena ArcelorMital leva a banda Trupicada ao palco do Teatro Solar, \u00e0s 16h. As diversas can\u00e7\u00f5es foram compostas pelos m\u00fasicos juiz-foranos. O objetivo do Tupishow \u00e9 ajudar na forma\u00e7\u00e3o de um p\u00fablico atuante.<\/p>\n<p>Agendando para o dia 15 de setembro, \u00e0s 12h, a 8\u00aa Feijoada Cultural Beneficente 2019. Ser\u00e1 na Associa\u00e7\u00e3o Portuguesa, \u00e0s 12h. No palco, DJ Tic\u00e3o, Felipe e Gabriel, DJ Vanderlei e a super Sandra Portella.<\/p>\n<p>Est\u00e1 insuport\u00e1vel o cheiro podre que exala do Rio Paraibuna. O SOS est\u00e1 repercutindo nos 4 cantos da cidade. Com a palavra as autoridades competentes.<\/p>\n<p>J\u00e1 foi inaugurada com ch\u00e1 a nova loja da APAE (Associa\u00e7\u00e3o de Pais e Amigos dos Excepcionais) na Rua Barbosa Lima, n\u00ba 321. No espa\u00e7o uma linda cole\u00e7\u00e3o de arte e decora\u00e7\u00e3o<\/p>\n<p>Aten\u00e7\u00e3o: O Departamento de Sa\u00fade do Idoso (Desi), na rua Batista de Oliveira, 943, Centro, oferece servi\u00e7o de sa\u00fade aos idosos que residem na \u00e1rea central da cidade ou em bairros descobertos de aten\u00e7\u00e3o a sa\u00fade. Os atendimentos englobam assistente social, fisioterapeuta, cl\u00ednicos, geriatria e profissionais de enfermagem.<\/p>\n<p>Triste realidade \u00e9 constatada em Juiz de Fora com a quantidade de camel\u00f4s e moradores de rua no centro da cidade. O problema social est\u00e1 mais pra cima do que para baixo.<\/p>\n<p>Ser\u00e1 no dia 7 agosto, a etapa regional do Parlamento Jovem.<\/p>\n<p>O esportista Abner Soares conquistou medalha de bronze no Master I South Am\u00e9rica Internacional Open de Jiu-Jitsu no Rio Janeiro.<\/p>\n<p>Com exposi\u00e7\u00e3o de 30 aquarelas e guaches sobre papel, faz sucesso na Galeria Mehton na casa do Jardim Bot\u00e2nico as ilustra\u00e7\u00f5es \u201cAves da Mata do Krambeck no Jardim Bot\u00e2nico da UFJF\u201d, do talentoso Raphael Dutra.<\/p>\n<p>Para evoluir: No domingo o assunto \u00e9 encontrar algu\u00e9m que te aceite com os peda\u00e7os que te faltam. E aproveitando os ditos atuais, podemos depurar o moral da hist\u00f3ria: n\u00e3o trate como feed quem te trata como stories. Next. Bom dia.<\/p>\n<p><img loading=\"lazy\" decoding=\"async\" class=\"aligncenter size-full wp-image-144968\" src=\"https:\/\/diarioregionaldigital.com.br\/wp-content\/uploads\/2019\/07\/anuncio-19.jpg\" alt=\"\" width=\"3483\" height=\"1292\" srcset=\"https:\/\/diarioregionaldigital.com.br\/wp-content\/uploads\/2019\/07\/anuncio-19.jpg 3483w, https:\/\/diarioregionaldigital.com.br\/wp-content\/uploads\/2019\/07\/anuncio-19-300x111.jpg 300w, https:\/\/diarioregionaldigital.com.br\/wp-content\/uploads\/2019\/07\/anuncio-19-768x285.jpg 768w, https:\/\/diarioregionaldigital.com.br\/wp-content\/uploads\/2019\/07\/anuncio-19-1024x380.jpg 1024w, https:\/\/diarioregionaldigital.com.br\/wp-content\/uploads\/2019\/07\/anuncio-19-360x134.jpg 360w\" sizes=\"auto, (max-width: 3483px) 100vw, 3483px\" \/><\/p>\n","protected":false},"excerpt":{"rendered":"<p>Aten\u00e7\u00e3o Pessoal As inscri\u00e7\u00f5es para o concurso \u201cA Ponte\u201d est\u00e3o abertas at\u00e9 3 de setembro. O concurso, que \u00e9 uma das principais atra\u00e7\u00f5es do maior evento da cadeia de constru\u00e7\u00e3o em Minas Gerais \u2013 o Minascon 2019, vai desafiar estudantes de cursos t\u00e9cnicos em Edifica\u00e7\u00f5es e Constru\u00e7\u00e3o Civil e de gradua\u00e7\u00e3o em Arquitetura e Engenharia [&hellip;]<\/p>\n","protected":false},"author":96,"featured_media":145265,"comment_status":"closed","ping_status":"closed","sticky":false,"template":"","format":"standard","meta":{"footnotes":""},"categories":[264],"tags":[],"class_list":["post-145280","post","type-post","status-publish","format-standard","has-post-thumbnail","hentry","category-eduardo-gomes"],"_links":{"self":[{"href":"https:\/\/diarioregionaldigital.com.br\/index.php?rest_route=\/wp\/v2\/posts\/145280","targetHints":{"allow":["GET"]}}],"collection":[{"href":"https:\/\/diarioregionaldigital.com.br\/index.php?rest_route=\/wp\/v2\/posts"}],"about":[{"href":"https:\/\/diarioregionaldigital.com.br\/index.php?rest_route=\/wp\/v2\/types\/post"}],"author":[{"embeddable":true,"href":"https:\/\/diarioregionaldigital.com.br\/index.php?rest_route=\/wp\/v2\/users\/96"}],"replies":[{"embeddable":true,"href":"https:\/\/diarioregionaldigital.com.br\/index.php?rest_route=%2Fwp%2Fv2%2Fcomments&post=145280"}],"version-history":[{"count":0,"href":"https:\/\/diarioregionaldigital.com.br\/index.php?rest_route=\/wp\/v2\/posts\/145280\/revisions"}],"wp:featuredmedia":[{"embeddable":true,"href":"https:\/\/diarioregionaldigital.com.br\/index.php?rest_route=\/wp\/v2\/media\/145265"}],"wp:attachment":[{"href":"https:\/\/diarioregionaldigital.com.br\/index.php?rest_route=%2Fwp%2Fv2%2Fmedia&parent=145280"}],"wp:term":[{"taxonomy":"category","embeddable":true,"href":"https:\/\/diarioregionaldigital.com.br\/index.php?rest_route=%2Fwp%2Fv2%2Fcategories&post=145280"},{"taxonomy":"post_tag","embeddable":true,"href":"https:\/\/diarioregionaldigital.com.br\/index.php?rest_route=%2Fwp%2Fv2%2Ftags&post=145280"}],"curies":[{"name":"wp","href":"https:\/\/api.w.org\/{rel}","templated":true}]}}