{"id":145257,"date":"2019-08-03T07:51:46","date_gmt":"2019-08-03T10:51:46","guid":{"rendered":"https:\/\/diarioregionaldigital.com.br\/?p=145257"},"modified":"2019-08-03T21:03:44","modified_gmt":"2019-08-04T00:03:44","slug":"ccj-abre-o-semestre-com-audiencias-sobre-pacote-anticrime","status":"publish","type":"post","link":"https:\/\/diarioregionaldigital.com.br\/?p=145257","title":{"rendered":"CCJ abre o semestre com audi\u00eancias sobre pacote anticrime"},"content":{"rendered":"<p>A Comiss\u00e3o de Constitui\u00e7\u00e3o e Justi\u00e7a (CCJ) realiza na pr\u00f3xima semana duas audi\u00eancias p\u00fablicas destinadas a discutir um dos projetosdo chamado \u201cpacote anticrime\u201d. O\u00a0<a href=\"http:\/\/www25.senado.leg.br\/web\/atividade\/materias\/-\/materia\/136033\">PL 1.864\/2019<\/a>, da senadora Eliziane Gama (Cidadania-MA), traz medidas contra a corrup\u00e7\u00e3o, o crime organizado e os crimes praticados com grave viol\u00eancia a pessoa.<\/p>\n<p>Os debates ter\u00e3o a presen\u00e7a dos presidentes de entidades de classe do Judici\u00e1rio, do Minist\u00e9rio P\u00fablico, de institui\u00e7\u00f5es policiais e da Defensoria P\u00fablica.\u00a0<a class=\"external-link\" href=\"http:\/\/legis.senado.leg.br\/comissoes\/reuniao?reuniao=8839&amp;codcol=34\">Na ter\u00e7a-feira-feira (6), a partir das 10h<\/a>, a comiss\u00e3o receber\u00e1 Jayme de Oliveira Neto, da Associa\u00e7\u00e3o dos Magistrados Brasileiros (AMB); Magid L\u00e1uar, da Associa\u00e7\u00e3o Nacional dos Magistrados Estaduais (Anamages); F\u00e1bio da N\u00f3brega, da Associa\u00e7\u00e3o Nacional dos Procuradores da Rep\u00fablica (ANPR); Edvandir de Paiva, da Associa\u00e7\u00e3o Nacional dos Delegados de Pol\u00edcia Federal (ADPF); Carlos Eduardo Jorge, da Associa\u00e7\u00e3o dos Delegados de Pol\u00edcia do Brasil (Adepol); e Jos\u00e9 Fabr\u00edcio de Lima, do Col\u00e9gio Nacional dos Defensores P\u00fablicos Gerais (Condege).<\/p>\n<p><a class=\"external-link\" href=\"http:\/\/legis.senado.leg.br\/comissoes\/reuniao?reuniao=8840&amp;codcol=34\">J\u00e1 na quinta-feira (8), tamb\u00e9m \u00e0s 10h<\/a>,\u00a0ser\u00e3o recebidos Fernando Marcelo Mendes, da Associa\u00e7\u00e3o dos Ju\u00edzes federais do Brasil (Ajufe); Victor Hugo e Azevedo Neto, da Associa\u00e7\u00e3o Nacional dos Membros do Minist\u00e9rio P\u00fablico (Conamp); e Rafael Sampaio, da Associa\u00e7\u00e3o Nacional dos Delegados de Pol\u00edcia Judici\u00e1ria (ADPJ). No mesmo dia comparecer\u00e1 o ministro Alexandre de Moraes, do Supremo Tribunal Federal, ex-ministro da Justi\u00e7a.<\/p>\n<p>As audi\u00eancias tamb\u00e9m ter\u00e3o a participa\u00e7\u00e3o de juristas, advogados, pesquisadores, acad\u00eamicos e representantes de organiza\u00e7\u00f5es da sociedade civil e de movimentos sociais.<\/p>\n<p>O PL 1.864 integra o chamado\u00a0<a href=\"http:\/\/www12.senado.leg.br\/noticias\/materias\/2019\/07\/30\/senado-deve-votar-pacote-anticrime-no-segundo-semestre\">\u201cpacote anticrime\u201d do Senado<\/a>. S\u00e3o tr\u00eas projetos que reproduzem o conte\u00fado de medidas encaminhadas \u00e0 C\u00e2mara dos Deputados no in\u00edcio do ano pelo ministro da Justi\u00e7a e Seguran\u00e7a P\u00fablica, Sergio Moro. A ideia da iniciativa \u00e9 dar andamento imediato \u00e0s propostas de Moro, enquanto a C\u00e2mara se ocupa com a reforma da Previd\u00eancia Social. A apresenta\u00e7\u00e3o de novas vers\u00f5es dos textos foi o \u00fanico jeito de encaminhar as medidas para o Senado, porque projetos de autoria do Poder Executivo devem come\u00e7ar a tramitar pela C\u00e2mara.<\/p>\n<p>Al\u00e9m do PL 1.864, fazem parte do pacote o\u00a0<a href=\"http:\/\/www25.senado.leg.br\/web\/atividade\/materias\/-\/materia\/136034\">PLP 89\/2019<\/a>, que determina que o julgamento de crimes comuns conexos a crimes eleitorais seja feito pela justi\u00e7a comum, e o\u00a0<a href=\"http:\/\/www25.senado.leg.br\/web\/atividade\/materias\/-\/materia\/136028\">PL 1.865\/2019<\/a>, que criminaliza o caixa dois eleitoral.<\/p>\n<p>Fonte: Ag\u00eancia Senado<\/p>\n","protected":false},"excerpt":{"rendered":"<p>A Comiss\u00e3o de Constitui\u00e7\u00e3o e Justi\u00e7a (CCJ) realiza na pr\u00f3xima semana duas audi\u00eancias p\u00fablicas destinadas a discutir um dos projetosdo chamado \u201cpacote anticrime\u201d. O\u00a0PL 1.864\/2019, da senadora Eliziane Gama (Cidadania-MA), traz medidas contra a corrup\u00e7\u00e3o, o crime organizado e os crimes praticados com grave viol\u00eancia a pessoa. Os debates ter\u00e3o a presen\u00e7a dos presidentes de [&hellip;]<\/p>\n","protected":false},"author":96,"featured_media":145261,"comment_status":"closed","ping_status":"closed","sticky":false,"template":"","format":"standard","meta":{"footnotes":""},"categories":[436,254,439],"tags":[],"class_list":["post-145257","post","type-post","status-publish","format-standard","has-post-thumbnail","hentry","category-destaque-da-semana","category-politica","category-ultima-hora"],"_links":{"self":[{"href":"https:\/\/diarioregionaldigital.com.br\/index.php?rest_route=\/wp\/v2\/posts\/145257","targetHints":{"allow":["GET"]}}],"collection":[{"href":"https:\/\/diarioregionaldigital.com.br\/index.php?rest_route=\/wp\/v2\/posts"}],"about":[{"href":"https:\/\/diarioregionaldigital.com.br\/index.php?rest_route=\/wp\/v2\/types\/post"}],"author":[{"embeddable":true,"href":"https:\/\/diarioregionaldigital.com.br\/index.php?rest_route=\/wp\/v2\/users\/96"}],"replies":[{"embeddable":true,"href":"https:\/\/diarioregionaldigital.com.br\/index.php?rest_route=%2Fwp%2Fv2%2Fcomments&post=145257"}],"version-history":[{"count":0,"href":"https:\/\/diarioregionaldigital.com.br\/index.php?rest_route=\/wp\/v2\/posts\/145257\/revisions"}],"wp:featuredmedia":[{"embeddable":true,"href":"https:\/\/diarioregionaldigital.com.br\/index.php?rest_route=\/wp\/v2\/media\/145261"}],"wp:attachment":[{"href":"https:\/\/diarioregionaldigital.com.br\/index.php?rest_route=%2Fwp%2Fv2%2Fmedia&parent=145257"}],"wp:term":[{"taxonomy":"category","embeddable":true,"href":"https:\/\/diarioregionaldigital.com.br\/index.php?rest_route=%2Fwp%2Fv2%2Fcategories&post=145257"},{"taxonomy":"post_tag","embeddable":true,"href":"https:\/\/diarioregionaldigital.com.br\/index.php?rest_route=%2Fwp%2Fv2%2Ftags&post=145257"}],"curies":[{"name":"wp","href":"https:\/\/api.w.org\/{rel}","templated":true}]}}