{"id":145255,"date":"2019-08-03T07:49:04","date_gmt":"2019-08-03T10:49:04","guid":{"rendered":"https:\/\/diarioregionaldigital.com.br\/?p=145255"},"modified":"2019-08-03T21:04:02","modified_gmt":"2019-08-04T00:04:02","slug":"cas-pode-votar-projeto-que-muda-na-clt-prazos-de-afastamentos-de-trabalhadores","status":"publish","type":"post","link":"https:\/\/diarioregionaldigital.com.br\/?p=145255","title":{"rendered":"CAS pode votar projeto que muda na CLT prazos de afastamentos de trabalhadores"},"content":{"rendered":"<p>A Comiss\u00e3o de Assuntos Sociais deve votar, na quarta-feira (7), pelo menos quatro projetos que modificam leis trabalhistas. Se forem aprovados sem recurso para o Plen\u00e1rio, eles seguir\u00e3o para an\u00e1lise da C\u00e2mara dos Deputados. Um deles, o\u00a0<a class=\"external-link\" href=\"http:\/\/www25.senado.leg.br\/web\/atividade\/materias\/-\/materia\/130179\">PLS 240\/2017<\/a>, aumenta os per\u00edodos de afastamento do empregado em raz\u00e3o de morte de pessoas da fam\u00edlia; de consultas pr\u00e9-natais; da licen\u00e7a-paternidade; e acompanhamento de dependentes em consultas m\u00e9dicas. O projeto tamb\u00e9m rev\u00ea o tempo das licen\u00e7as para casamento, doa\u00e7\u00e3o de sangue e alistamento militar.<\/p>\n<p>O projeto, apresentado pela senadora Rose de Freitas (Podemos-ES), tem emenda substitutiva do senador Paulo Paim (PT-RS). Em rela\u00e7\u00e3o ao texto de Rose, Paim inclui, por exemplo, a licen\u00e7a de cinco dias consecutivos no caso de morte de dependentes declarados na carteira de trabalho.<\/p>\n<p>Outro projeto na pauta \u00e9 o\u00a0<a class=\"external-link\" href=\"http:\/\/www25.senado.leg.br\/web\/atividade\/materias\/-\/materia\/126852\">PLS 332\/2016<\/a>, que pro\u00edbe o pagamento do vale-transporte em dinheiro. O texto tamb\u00e9m inclui o vale-transporte no\u00a0<a href=\"http:\/\/www.planalto.gov.br\/ccivil_03\/decreto-lei\/Del5452.htm\">Decreto-Lei 5.452<\/a>\u00a0(CLT), assegurando-o como um direito trabalhista.<\/p>\n<p>Os senadores tamb\u00e9m podem votar o\u00a0<a class=\"external-link\" href=\"http:\/\/www25.senado.leg.br\/web\/atividade\/materias\/-\/materia\/123251\">PLS 627\/2015<\/a>\u00a0para regulamentar as horas extraordin\u00e1rias no trabalho rural. Pelo texto, \u00e9 poss\u00edvel a todos os trabalhadores do setor fazer quatro horas extras di\u00e1rias em momentos cr\u00edticos da agricultura, como plantio, colheita e per\u00edodos de chuva. Essa jornada de trabalho de at\u00e9 12 horas di\u00e1rias j\u00e1 vale para tratoristas e operadores de m\u00e1quinas agr\u00edcolas desde a edi\u00e7\u00e3o da\u00a0<a href=\"http:\/\/www.planalto.gov.br\/ccivil_03\/_Ato2015-2018\/2015\/Lei\/L13154.htm\">Lei 13.154\/2015<\/a>, que teve origem na Medida Provis\u00f3ria 673.<\/p>\n<p>O quarto projeto que modifica as leis de trabalho e est\u00e1 na pauta da CAS \u00e9 o que garante igualdade de direitos entre empregados de condom\u00ednios \u2014 quer sejam contratados diretamente ou por meio de empresa terceirizada \u2014, desde que as fun\u00e7\u00f5es sejam as mesmas (<a class=\"external-link\" href=\"http:\/\/www25.senado.leg.br\/web\/atividade\/materias\/-\/materia\/133960\">PLS 342\/2018<\/a>).<\/p>\n<p>Ao todo, a CAS tem 12 projetos a serem votados na quarta-feira, a partir das 9h30. O primeiro item \u00e9 o\u00a0<a href=\"http:\/\/www25.senado.leg.br\/web\/atividade\/materias\/-\/materia\/132730\">PLS 142\/2018<\/a>, que garante atendimento priorit\u00e1rio aos maiores de 60 anos por escalonamento de faixa et\u00e1ria (do mais ao menos idoso, salvo em caso de emerg\u00eancia m\u00e9dica). Pela proposta da senadora Simone Tebet (MDB-MS), a prioridade contemplar\u00e1, progressivamente, centen\u00e1rios, nonagen\u00e1rios, octogen\u00e1rios, septuagen\u00e1rios e sexagen\u00e1rios.<\/p>\n<p>Fonte: Ag\u00eancia Senado<\/p>\n","protected":false},"excerpt":{"rendered":"<p>A Comiss\u00e3o de Assuntos Sociais deve votar, na quarta-feira (7), pelo menos quatro projetos que modificam leis trabalhistas. Se forem aprovados sem recurso para o Plen\u00e1rio, eles seguir\u00e3o para an\u00e1lise da C\u00e2mara dos Deputados. Um deles, o\u00a0PLS 240\/2017, aumenta os per\u00edodos de afastamento do empregado em raz\u00e3o de morte de pessoas da fam\u00edlia; de consultas [&hellip;]<\/p>\n","protected":false},"author":96,"featured_media":145259,"comment_status":"closed","ping_status":"closed","sticky":false,"template":"","format":"standard","meta":{"footnotes":""},"categories":[436,254,439],"tags":[],"class_list":["post-145255","post","type-post","status-publish","format-standard","has-post-thumbnail","hentry","category-destaque-da-semana","category-politica","category-ultima-hora"],"_links":{"self":[{"href":"https:\/\/diarioregionaldigital.com.br\/index.php?rest_route=\/wp\/v2\/posts\/145255","targetHints":{"allow":["GET"]}}],"collection":[{"href":"https:\/\/diarioregionaldigital.com.br\/index.php?rest_route=\/wp\/v2\/posts"}],"about":[{"href":"https:\/\/diarioregionaldigital.com.br\/index.php?rest_route=\/wp\/v2\/types\/post"}],"author":[{"embeddable":true,"href":"https:\/\/diarioregionaldigital.com.br\/index.php?rest_route=\/wp\/v2\/users\/96"}],"replies":[{"embeddable":true,"href":"https:\/\/diarioregionaldigital.com.br\/index.php?rest_route=%2Fwp%2Fv2%2Fcomments&post=145255"}],"version-history":[{"count":0,"href":"https:\/\/diarioregionaldigital.com.br\/index.php?rest_route=\/wp\/v2\/posts\/145255\/revisions"}],"wp:featuredmedia":[{"embeddable":true,"href":"https:\/\/diarioregionaldigital.com.br\/index.php?rest_route=\/wp\/v2\/media\/145259"}],"wp:attachment":[{"href":"https:\/\/diarioregionaldigital.com.br\/index.php?rest_route=%2Fwp%2Fv2%2Fmedia&parent=145255"}],"wp:term":[{"taxonomy":"category","embeddable":true,"href":"https:\/\/diarioregionaldigital.com.br\/index.php?rest_route=%2Fwp%2Fv2%2Fcategories&post=145255"},{"taxonomy":"post_tag","embeddable":true,"href":"https:\/\/diarioregionaldigital.com.br\/index.php?rest_route=%2Fwp%2Fv2%2Ftags&post=145255"}],"curies":[{"name":"wp","href":"https:\/\/api.w.org\/{rel}","templated":true}]}}