{"id":145240,"date":"2019-08-03T07:36:04","date_gmt":"2019-08-03T10:36:04","guid":{"rendered":"https:\/\/diarioregionaldigital.com.br\/?p=145240"},"modified":"2019-08-03T21:04:59","modified_gmt":"2019-08-04T00:04:59","slug":"saude-recebe-ambulancia-para-transporte-inter-hospitalar","status":"publish","type":"post","link":"https:\/\/diarioregionaldigital.com.br\/?p=145240","title":{"rendered":"Sa\u00fade recebe ambul\u00e2ncia para transporte inter-hospitalar"},"content":{"rendered":"<p>Na manh\u00e3 dessa sexta-feira, 2, o prefeito Ant\u00f4nio Almas entregou um novo ve\u00edculo para o Servi\u00e7o de Transporte Inter-hospitalar (STIH) da Secretaria de Sa\u00fade (SS), que passa a contar com quatro ambul\u00e2ncias, sendo uma de suporte avan\u00e7ado e tr\u00eas de suporte b\u00e1sico. O servi\u00e7o, que conta com 80 funcion\u00e1rios e atende 24 horas, realiza cerca de dois mil atendimentos por m\u00eas.<\/p>\n<p>O servi\u00e7o atende \u00e0s unidades de urg\u00eancia e emerg\u00eancia de Juiz de Fora, realizando transfer\u00eancias para vagas hospitalares autorizadas, avalia\u00e7\u00f5es de especialidades e exames de diagn\u00f3sticos. Agiliza as transfer\u00eancias de pacientes, liberando parte do aglomerado de vagas nas institui\u00e7\u00f5es m\u00e9dicas do munic\u00edpio, como o Hospital de Pronto Socorro Dr. Mozart Teixeira.<\/p>\n<p>O valor da ambul\u00e2ncia \u00e9 de R$ 79.980,00, e a aquisi\u00e7\u00e3o foi por meio de conv\u00eanio com o Minist\u00e9rio da Sa\u00fade. A Subsecretaria de Urg\u00eancia e Emerg\u00eancia (Ssue) viabilizou, em 2018, o repasse de R$ 80 mil para aquisi\u00e7\u00e3o do ve\u00edculo, atendendo \u00e0 portaria GM\/MS n\u00ba 2.214\/2017, que regulamenta a aplica\u00e7\u00e3o dos recursos de programa\u00e7\u00e3o \u00e0 Rede SUS para aquisi\u00e7\u00e3o de ambul\u00e2ncia de transporte tipo A.<\/p>\n<p>Durante a entrega, o prefeito destacou: \u201cApesar da crise econ\u00f4mica que atinge todos os munic\u00edpios do Brasil, inclusive Juiz de Fora, o que nos motiva \u00e9 ver o empenho dos servidores em buscar solu\u00e7\u00f5es para os problemas que enfrentamos todos os dias. Uma gest\u00e3o eficaz se faz ouvindo todos e partilhando solu\u00e7\u00f5es\u201d, enfatizou Almas.<\/p>\n<p>O ato aconteceu na sede do STIH (Rua Benjamim Constant, 1.000 \u2013 Centro) e contou com a presen\u00e7as do secret\u00e1rio de Sa\u00fade, M\u00e1rcio Itaboray, do adjunto Rodrigo Almeida, al\u00e9m do subsecret\u00e1rio de Urg\u00eancia e Emerg\u00eancia, Eduardo Sacramento e servidores da sa\u00fade.<\/p>\n<p>Fonte: PJF<\/p>\n","protected":false},"excerpt":{"rendered":"<p>Na manh\u00e3 dessa sexta-feira, 2, o prefeito Ant\u00f4nio Almas entregou um novo ve\u00edculo para o Servi\u00e7o de Transporte Inter-hospitalar (STIH) da Secretaria de Sa\u00fade (SS), que passa a contar com quatro ambul\u00e2ncias, sendo uma de suporte avan\u00e7ado e tr\u00eas de suporte b\u00e1sico. O servi\u00e7o, que conta com 80 funcion\u00e1rios e atende 24 horas, realiza cerca [&hellip;]<\/p>\n","protected":false},"author":96,"featured_media":145243,"comment_status":"closed","ping_status":"closed","sticky":false,"template":"","format":"standard","meta":{"footnotes":""},"categories":[253,436,439],"tags":[],"class_list":["post-145240","post","type-post","status-publish","format-standard","has-post-thumbnail","hentry","category-cidade","category-destaque-da-semana","category-ultima-hora"],"_links":{"self":[{"href":"https:\/\/diarioregionaldigital.com.br\/index.php?rest_route=\/wp\/v2\/posts\/145240","targetHints":{"allow":["GET"]}}],"collection":[{"href":"https:\/\/diarioregionaldigital.com.br\/index.php?rest_route=\/wp\/v2\/posts"}],"about":[{"href":"https:\/\/diarioregionaldigital.com.br\/index.php?rest_route=\/wp\/v2\/types\/post"}],"author":[{"embeddable":true,"href":"https:\/\/diarioregionaldigital.com.br\/index.php?rest_route=\/wp\/v2\/users\/96"}],"replies":[{"embeddable":true,"href":"https:\/\/diarioregionaldigital.com.br\/index.php?rest_route=%2Fwp%2Fv2%2Fcomments&post=145240"}],"version-history":[{"count":0,"href":"https:\/\/diarioregionaldigital.com.br\/index.php?rest_route=\/wp\/v2\/posts\/145240\/revisions"}],"wp:featuredmedia":[{"embeddable":true,"href":"https:\/\/diarioregionaldigital.com.br\/index.php?rest_route=\/wp\/v2\/media\/145243"}],"wp:attachment":[{"href":"https:\/\/diarioregionaldigital.com.br\/index.php?rest_route=%2Fwp%2Fv2%2Fmedia&parent=145240"}],"wp:term":[{"taxonomy":"category","embeddable":true,"href":"https:\/\/diarioregionaldigital.com.br\/index.php?rest_route=%2Fwp%2Fv2%2Fcategories&post=145240"},{"taxonomy":"post_tag","embeddable":true,"href":"https:\/\/diarioregionaldigital.com.br\/index.php?rest_route=%2Fwp%2Fv2%2Ftags&post=145240"}],"curies":[{"name":"wp","href":"https:\/\/api.w.org\/{rel}","templated":true}]}}