{"id":145239,"date":"2019-08-03T07:37:21","date_gmt":"2019-08-03T10:37:21","guid":{"rendered":"https:\/\/diarioregionaldigital.com.br\/?p=145239"},"modified":"2019-08-03T21:04:51","modified_gmt":"2019-08-04T00:04:51","slug":"inflacao-pelo-ipc-s-sobe-em-7-capitais-pesquisadas-pela-fgv-em-julho","status":"publish","type":"post","link":"https:\/\/diarioregionaldigital.com.br\/?p=145239","title":{"rendered":"Infla\u00e7\u00e3o pelo IPC-S sobe em 7 capitais pesquisadas pela FGV em julho"},"content":{"rendered":"<p>O \u00cdndice de Pre\u00e7os ao Consumidor Semanal (IPC-S) registrou alta nas sete capitais pesquisadas pela Funda\u00e7\u00e3o Getulio Vargas (FGV), na passagem de junho para julho deste ano. O maior avan\u00e7o foi observado em Recife: 0,81 ponto percentual, ao passar de uma defla\u00e7\u00e3o (queda de pre\u00e7os) de 0,27% em junho para uma infla\u00e7\u00e3o de 0,54% em julho.<\/p>\n<p>Em seguida, aparece a cidade de Bras\u00edlia, com uma alta de 0,70 ponto percentual, ao passar de uma defla\u00e7\u00e3o de 0,35% para uma infla\u00e7\u00e3o de 0,35% no per\u00edodo pesquisado.<\/p>\n<p>As outras capitais registraram as seguintes altas: Porto Alegre (0,36 ponto percentual, ao passar de -0,16% para 0,20%), S\u00e3o Paulo (0,32 ponto percentual, ao passar de 0,09% para 0,41%), Belo Horizonte (0,14 ponto percentual, ao passar de 0,22% para 0,36%), Rio de Janeiro (0,20 ponto percentual, ao passar de 0,03% para 0,23%) e Salvador (0,09 ponto percentual, ao passar de 0,04% para 0,13%).<\/p>\n<p>A m\u00e9dia nacional do IPC-S avan\u00e7ou 0,33 ponto percentual no per\u00edodo, ao passar de uma defla\u00e7\u00e3o de 0,02% em junho para uma infla\u00e7\u00e3o de 0,31% em julho.<\/p>\n<p>Fonte: Ag\u00eancia Brasil<\/p>\n","protected":false},"excerpt":{"rendered":"<p>O \u00cdndice de Pre\u00e7os ao Consumidor Semanal (IPC-S) registrou alta nas sete capitais pesquisadas pela Funda\u00e7\u00e3o Getulio Vargas (FGV), na passagem de junho para julho deste ano. O maior avan\u00e7o foi observado em Recife: 0,81 ponto percentual, ao passar de uma defla\u00e7\u00e3o (queda de pre\u00e7os) de 0,27% em junho para uma infla\u00e7\u00e3o de 0,54% em [&hellip;]<\/p>\n","protected":false},"author":96,"featured_media":145245,"comment_status":"closed","ping_status":"closed","sticky":false,"template":"","format":"standard","meta":{"footnotes":""},"categories":[436,261,439],"tags":[],"class_list":["post-145239","post","type-post","status-publish","format-standard","has-post-thumbnail","hentry","category-destaque-da-semana","category-economia","category-ultima-hora"],"_links":{"self":[{"href":"https:\/\/diarioregionaldigital.com.br\/index.php?rest_route=\/wp\/v2\/posts\/145239","targetHints":{"allow":["GET"]}}],"collection":[{"href":"https:\/\/diarioregionaldigital.com.br\/index.php?rest_route=\/wp\/v2\/posts"}],"about":[{"href":"https:\/\/diarioregionaldigital.com.br\/index.php?rest_route=\/wp\/v2\/types\/post"}],"author":[{"embeddable":true,"href":"https:\/\/diarioregionaldigital.com.br\/index.php?rest_route=\/wp\/v2\/users\/96"}],"replies":[{"embeddable":true,"href":"https:\/\/diarioregionaldigital.com.br\/index.php?rest_route=%2Fwp%2Fv2%2Fcomments&post=145239"}],"version-history":[{"count":0,"href":"https:\/\/diarioregionaldigital.com.br\/index.php?rest_route=\/wp\/v2\/posts\/145239\/revisions"}],"wp:featuredmedia":[{"embeddable":true,"href":"https:\/\/diarioregionaldigital.com.br\/index.php?rest_route=\/wp\/v2\/media\/145245"}],"wp:attachment":[{"href":"https:\/\/diarioregionaldigital.com.br\/index.php?rest_route=%2Fwp%2Fv2%2Fmedia&parent=145239"}],"wp:term":[{"taxonomy":"category","embeddable":true,"href":"https:\/\/diarioregionaldigital.com.br\/index.php?rest_route=%2Fwp%2Fv2%2Fcategories&post=145239"},{"taxonomy":"post_tag","embeddable":true,"href":"https:\/\/diarioregionaldigital.com.br\/index.php?rest_route=%2Fwp%2Fv2%2Ftags&post=145239"}],"curies":[{"name":"wp","href":"https:\/\/api.w.org\/{rel}","templated":true}]}}