{"id":145238,"date":"2019-08-03T07:34:39","date_gmt":"2019-08-03T10:34:39","guid":{"rendered":"https:\/\/diarioregionaldigital.com.br\/?p=145238"},"modified":"2019-08-03T21:06:39","modified_gmt":"2019-08-04T00:06:39","slug":"governo-e-representantes-de-sindicatos-debatem-previdencia-e-trabalho-na-cdh","status":"publish","type":"post","link":"https:\/\/diarioregionaldigital.com.br\/?p=145238","title":{"rendered":"Governo e representantes de sindicatos debatem Previd\u00eancia e trabalho na CDH"},"content":{"rendered":"<p>A proposta do governo para a reforma da Previd\u00eancia ser\u00e1 debatida por representantes do governo e de sindicados nesta segunda-feira, 5, \u00e0s 9h, no Senado. A audi\u00eancia faz parte de um ciclo de debates promovido desde o primeiro semestre pela Comiss\u00e3o de Direitos Humanos (CDH) sobre as implica\u00e7\u00f5es da reforma sobre as v\u00e1rias categorias de trabalhadores, aposentados, pensionistas e benefici\u00e1rios do Instituto Nacional de Seguridade Social (INSS).<\/p>\n<p>Foram convidados, al\u00e9m de representante do Minist\u00e9rio da Economia, o presidente da Associa\u00e7\u00e3o dos Auditores Fiscais da Receita Federal do Brasil (Unafisco), Mauro Silva; o diretor do Sindicato Nacional dos Procuradores da Fazenda Nacional (Simprofaz); Achilles Frias; o presidente da For\u00e7a Sindical e do Sindicato dos Metal\u00fargicos de S\u00e3o Paulo, Miguel Torres; o secret\u00e1rio de Assuntos Jur\u00eddicos da CUT Nacional, Valeir Ertle; o presidente do Conselho Executivo da Associa\u00e7\u00e3o Nacional dos Auditores Fiscais da Receita Federal do Brasil (Anfip), D\u00e9cio Bruno Lopes; e o secret\u00e1rio- executivo da Intersindical, Edson \u00cdndio.<\/p>\n<p>A audi\u00eancia p\u00fablica ter\u00e1 a possibilidade de participa\u00e7\u00e3o popular em tempo real, ou seja, as pessoas que tenham interesse em participar com coment\u00e1rios ou perguntas, podem faz\u00ea-lo por meio do Portal e-Cidadania \u2013 link:\u00a0<a class=\"external-link\" href=\"http:\/\/www.senado.leg.br\/ecidadania\">www.senado.leg.br\/ecidadania<\/a>, e pelo\u00a0<a class=\"external-link\" href=\"http:\/\/www12.senado.leg.br\/institucional\/falecomosenado\">Al\u00f4 Senado<\/a>\u00a0(0800612211).<\/p>\n<p>Fonte: Ag\u00eancia Senado<\/p>\n","protected":false},"excerpt":{"rendered":"<p>A proposta do governo para a reforma da Previd\u00eancia ser\u00e1 debatida por representantes do governo e de sindicados nesta segunda-feira, 5, \u00e0s 9h, no Senado. A audi\u00eancia faz parte de um ciclo de debates promovido desde o primeiro semestre pela Comiss\u00e3o de Direitos Humanos (CDH) sobre as implica\u00e7\u00f5es da reforma sobre as v\u00e1rias categorias de [&hellip;]<\/p>\n","protected":false},"author":96,"featured_media":145241,"comment_status":"closed","ping_status":"closed","sticky":false,"template":"","format":"standard","meta":{"footnotes":""},"categories":[436,254,439],"tags":[],"class_list":["post-145238","post","type-post","status-publish","format-standard","has-post-thumbnail","hentry","category-destaque-da-semana","category-politica","category-ultima-hora"],"_links":{"self":[{"href":"https:\/\/diarioregionaldigital.com.br\/index.php?rest_route=\/wp\/v2\/posts\/145238","targetHints":{"allow":["GET"]}}],"collection":[{"href":"https:\/\/diarioregionaldigital.com.br\/index.php?rest_route=\/wp\/v2\/posts"}],"about":[{"href":"https:\/\/diarioregionaldigital.com.br\/index.php?rest_route=\/wp\/v2\/types\/post"}],"author":[{"embeddable":true,"href":"https:\/\/diarioregionaldigital.com.br\/index.php?rest_route=\/wp\/v2\/users\/96"}],"replies":[{"embeddable":true,"href":"https:\/\/diarioregionaldigital.com.br\/index.php?rest_route=%2Fwp%2Fv2%2Fcomments&post=145238"}],"version-history":[{"count":0,"href":"https:\/\/diarioregionaldigital.com.br\/index.php?rest_route=\/wp\/v2\/posts\/145238\/revisions"}],"wp:featuredmedia":[{"embeddable":true,"href":"https:\/\/diarioregionaldigital.com.br\/index.php?rest_route=\/wp\/v2\/media\/145241"}],"wp:attachment":[{"href":"https:\/\/diarioregionaldigital.com.br\/index.php?rest_route=%2Fwp%2Fv2%2Fmedia&parent=145238"}],"wp:term":[{"taxonomy":"category","embeddable":true,"href":"https:\/\/diarioregionaldigital.com.br\/index.php?rest_route=%2Fwp%2Fv2%2Fcategories&post=145238"},{"taxonomy":"post_tag","embeddable":true,"href":"https:\/\/diarioregionaldigital.com.br\/index.php?rest_route=%2Fwp%2Fv2%2Ftags&post=145238"}],"curies":[{"name":"wp","href":"https:\/\/api.w.org\/{rel}","templated":true}]}}