{"id":145236,"date":"2019-08-03T07:26:14","date_gmt":"2019-08-03T10:26:14","guid":{"rendered":"https:\/\/diarioregionaldigital.com.br\/?p=145236"},"modified":"2019-08-03T21:06:48","modified_gmt":"2019-08-04T00:06:48","slug":"justica-ouve-testemunhas-do-caso-marielle-franco","status":"publish","type":"post","link":"https:\/\/diarioregionaldigital.com.br\/?p=145236","title":{"rendered":"Justi\u00e7a ouve testemunhas do caso Marielle Franco"},"content":{"rendered":"<p>A Justi\u00e7a do Rio de Janeiro ouviu na tarde dessa sexta-feira, 2, testemunhas do processo sobre os homic\u00eddios da vereadora Marielle Franco e do motorista Anderson Gomes, ocorridos em mar\u00e7o do ano passado. A audi\u00eancia de instru\u00e7\u00e3o, na 4\u00aa Vara Criminal da cidade do Rio<span id=\"OBJ_PREFIX_DWT396_com_zimbra_date\" role=\"link\">\u00a0de Janeiro<\/span>, estava marcada para \u00e0s 14h.<\/p>\n<p>Como o processo corre em segredo de Justi\u00e7a, no entanto, a assessoria de imprensa do Tribunal de Justi\u00e7a do Rio<span id=\"OBJ_PREFIX_DWT397_com_zimbra_date\" role=\"link\">\u00a0de Janeiro<\/span>\u00a0(TJRJ) n\u00e3o informou quem foi ouvido. A imprensa tampouco pode acompanhar a audi\u00eancia.<\/p>\n<p>Respondem pelo homic\u00eddio os ex-policiais Ronnie Lessa (reformado) e \u00c9lcio Queiroz (expulso da Pol\u00edcia Militar). A vereadora Marielle Franco e seu motorista Anderson Gomes foram assassinados com v\u00e1rios tiros dentro do carro da parlamentar, no centro do Rio<span id=\"OBJ_PREFIX_DWT398_com_zimbra_date\" role=\"link\">\u00a0de Janeiro<\/span>.<\/p>\n<p>De acordo com a assessoria de imprensa do TJRJ, ainda n\u00e3o h\u00e1 previs\u00e3o de data para o julgamento do caso.<\/p>\n<p>Fonte: Ag\u00eancia Brasil<\/p>\n","protected":false},"excerpt":{"rendered":"<p>A Justi\u00e7a do Rio de Janeiro ouviu na tarde dessa sexta-feira, 2, testemunhas do processo sobre os homic\u00eddios da vereadora Marielle Franco e do motorista Anderson Gomes, ocorridos em mar\u00e7o do ano passado. A audi\u00eancia de instru\u00e7\u00e3o, na 4\u00aa Vara Criminal da cidade do Rio\u00a0de Janeiro, estava marcada para \u00e0s 14h. Como o processo corre [&hellip;]<\/p>\n","protected":false},"author":96,"featured_media":145234,"comment_status":"closed","ping_status":"closed","sticky":false,"template":"","format":"standard","meta":{"footnotes":""},"categories":[302,436,439],"tags":[],"class_list":["post-145236","post","type-post","status-publish","format-standard","has-post-thumbnail","hentry","category-brasil-mundo","category-destaque-da-semana","category-ultima-hora"],"_links":{"self":[{"href":"https:\/\/diarioregionaldigital.com.br\/index.php?rest_route=\/wp\/v2\/posts\/145236","targetHints":{"allow":["GET"]}}],"collection":[{"href":"https:\/\/diarioregionaldigital.com.br\/index.php?rest_route=\/wp\/v2\/posts"}],"about":[{"href":"https:\/\/diarioregionaldigital.com.br\/index.php?rest_route=\/wp\/v2\/types\/post"}],"author":[{"embeddable":true,"href":"https:\/\/diarioregionaldigital.com.br\/index.php?rest_route=\/wp\/v2\/users\/96"}],"replies":[{"embeddable":true,"href":"https:\/\/diarioregionaldigital.com.br\/index.php?rest_route=%2Fwp%2Fv2%2Fcomments&post=145236"}],"version-history":[{"count":0,"href":"https:\/\/diarioregionaldigital.com.br\/index.php?rest_route=\/wp\/v2\/posts\/145236\/revisions"}],"wp:featuredmedia":[{"embeddable":true,"href":"https:\/\/diarioregionaldigital.com.br\/index.php?rest_route=\/wp\/v2\/media\/145234"}],"wp:attachment":[{"href":"https:\/\/diarioregionaldigital.com.br\/index.php?rest_route=%2Fwp%2Fv2%2Fmedia&parent=145236"}],"wp:term":[{"taxonomy":"category","embeddable":true,"href":"https:\/\/diarioregionaldigital.com.br\/index.php?rest_route=%2Fwp%2Fv2%2Fcategories&post=145236"},{"taxonomy":"post_tag","embeddable":true,"href":"https:\/\/diarioregionaldigital.com.br\/index.php?rest_route=%2Fwp%2Fv2%2Ftags&post=145236"}],"curies":[{"name":"wp","href":"https:\/\/api.w.org\/{rel}","templated":true}]}}