{"id":145226,"date":"2019-08-03T07:21:11","date_gmt":"2019-08-03T10:21:11","guid":{"rendered":"https:\/\/diarioregionaldigital.com.br\/?p=145226"},"modified":"2019-08-03T21:06:59","modified_gmt":"2019-08-04T00:06:59","slug":"producao-de-petroleo-no-pais-recua-64-de-maio-para-junho","status":"publish","type":"post","link":"https:\/\/diarioregionaldigital.com.br\/?p=145226","title":{"rendered":"Produ\u00e7\u00e3o de petr\u00f3leo no pa\u00eds recua 6,4% de maio para junho"},"content":{"rendered":"<p>A produ\u00e7\u00e3o de petr\u00f3leo no pa\u00ed caiu 6,4% na passagem de maio para junho. Segundo dados da Ag\u00eancia Nacional do Petr\u00f3leo, G\u00e1s Natural e Biocombust\u00edveis (ANP), foram produzidos nos campos nacionais 2,557 milh\u00f5es de barris de \u00f3leo por dia. Na compara\u00e7\u00e3o com junho do ano passado, a queda chegou a 1,3%.<\/p>\n<p>A produ\u00e7\u00e3o de g\u00e1s natural, que somou 111 milh\u00f5es de metros c\u00fabicos por dia, tamb\u00e9m caiu 5,8% em rela\u00e7\u00e3o a maio e 3,3% a junho do ano passado. As quedas na produ\u00e7\u00e3o de g\u00e1s e petr\u00f3leo foram provocadas principalmente pela parada para manuten\u00e7\u00e3o da plataforma FPSO Cidade de Mangaratiba, que opera no Campo de Lula.<\/p>\n<p>A produ\u00e7\u00e3o da camada pr\u00e9-sal somou 1,551 milh\u00e3o de barris de petr\u00f3leo por dia, o que representa 60,7% do total nacional e 62,8 milh\u00f5es de metros c\u00fabicos de g\u00e1s natural por dia, 56,6% do total nacional.<\/p>\n<p>Fonte: Ag\u00eancia Brasil<\/p>\n","protected":false},"excerpt":{"rendered":"<p>A produ\u00e7\u00e3o de petr\u00f3leo no pa\u00ed caiu 6,4% na passagem de maio para junho. Segundo dados da Ag\u00eancia Nacional do Petr\u00f3leo, G\u00e1s Natural e Biocombust\u00edveis (ANP), foram produzidos nos campos nacionais 2,557 milh\u00f5es de barris de \u00f3leo por dia. Na compara\u00e7\u00e3o com junho do ano passado, a queda chegou a 1,3%. A produ\u00e7\u00e3o de g\u00e1s [&hellip;]<\/p>\n","protected":false},"author":96,"featured_media":105072,"comment_status":"closed","ping_status":"closed","sticky":false,"template":"","format":"standard","meta":{"footnotes":""},"categories":[436,261,439],"tags":[],"class_list":["post-145226","post","type-post","status-publish","format-standard","has-post-thumbnail","hentry","category-destaque-da-semana","category-economia","category-ultima-hora"],"_links":{"self":[{"href":"https:\/\/diarioregionaldigital.com.br\/index.php?rest_route=\/wp\/v2\/posts\/145226","targetHints":{"allow":["GET"]}}],"collection":[{"href":"https:\/\/diarioregionaldigital.com.br\/index.php?rest_route=\/wp\/v2\/posts"}],"about":[{"href":"https:\/\/diarioregionaldigital.com.br\/index.php?rest_route=\/wp\/v2\/types\/post"}],"author":[{"embeddable":true,"href":"https:\/\/diarioregionaldigital.com.br\/index.php?rest_route=\/wp\/v2\/users\/96"}],"replies":[{"embeddable":true,"href":"https:\/\/diarioregionaldigital.com.br\/index.php?rest_route=%2Fwp%2Fv2%2Fcomments&post=145226"}],"version-history":[{"count":0,"href":"https:\/\/diarioregionaldigital.com.br\/index.php?rest_route=\/wp\/v2\/posts\/145226\/revisions"}],"wp:featuredmedia":[{"embeddable":true,"href":"https:\/\/diarioregionaldigital.com.br\/index.php?rest_route=\/wp\/v2\/media\/105072"}],"wp:attachment":[{"href":"https:\/\/diarioregionaldigital.com.br\/index.php?rest_route=%2Fwp%2Fv2%2Fmedia&parent=145226"}],"wp:term":[{"taxonomy":"category","embeddable":true,"href":"https:\/\/diarioregionaldigital.com.br\/index.php?rest_route=%2Fwp%2Fv2%2Fcategories&post=145226"},{"taxonomy":"post_tag","embeddable":true,"href":"https:\/\/diarioregionaldigital.com.br\/index.php?rest_route=%2Fwp%2Fv2%2Ftags&post=145226"}],"curies":[{"name":"wp","href":"https:\/\/api.w.org\/{rel}","templated":true}]}}