{"id":145224,"date":"2019-08-03T07:06:25","date_gmt":"2019-08-03T10:06:25","guid":{"rendered":"https:\/\/diarioregionaldigital.com.br\/?p=145224"},"modified":"2019-08-03T21:07:38","modified_gmt":"2019-08-04T00:07:38","slug":"ministro-do-stf-manda-soltar-traficante-elias-maluco","status":"publish","type":"post","link":"https:\/\/diarioregionaldigital.com.br\/?p=145224","title":{"rendered":"Ministro do STF manda soltar traficante Elias Maluco"},"content":{"rendered":"<p>O ministro do Supremo Tribunal Federal (STF) Marco Aur\u00e9lio decidiu nessa sexta-feira (2) conceder liberdade ao traficante Elias Pereira da Silva, conhecido como \u00a0Elias Maluco, condenado pelo assassinato do jornalista Tim Lopes em 2002.<\/p>\n<p>Pela decis\u00e3o do ministro, Elias Maluco dever\u00e1 ser libertado, caso n\u00e3o esteja preso em fun\u00e7\u00e3o de outros mandados de pris\u00e3o. A defesa e o STF n\u00e3o souberam informar se Elias ser\u00e1 solto ou n\u00e3o.<\/p>\n<p>O\u00a0<em>habeas corpus<\/em>\u00a0foi concedido em um processo que tramita na Justi\u00e7a de S\u00e3o Gon\u00e7alo (RJ). Em 2017, um mandado de pris\u00e3o preventiva foi expedido contra o acusado pelo crime associa\u00e7\u00e3o para o tr\u00e1fico. Ao julgar o caso, o ministro entendeu que Elias Maluco n\u00e3o pode ficar preso por tempo indeterminado e sem julgamento definitivo por essa acusa\u00e7\u00e3o.<\/p>\n<p>&#8220;O paciente encontra-se preso, sem culpa formada, desde 7 de julho de 2017, ou seja, h\u00e1 2 anos e 24 dias. Surge o excesso de prazo. Privar da liberdade, por tempo desproporcional, pessoa cuja responsabilidade penal n\u00e3o veio a ser declarada em definitivo viola o princ\u00edpio da n\u00e3o culpabilidade\u201d, decidiu o ministro.<\/p>\n<p>Pela decis\u00e3o, o acusado, se for solto, ainda ter\u00e1 que permanecer em sua casa, dever\u00e1 comparecer ao Judici\u00e1rio quando for chamado e &#8220;adotar a postura que se aguarda do homem m\u00e9dio, integrado \u00e0 sociedade&#8221;.<\/p>\n<p>Al\u00e9m da condena\u00e7\u00e3o pela morte de Tim Lopes, consta contra Elias Maluco, segundo o\u00a0<em>site\u00a0<\/em>do Tribunal de Justi\u00e7a do Estado do Rio de Janeiro, uma condena\u00e7\u00e3o, em 2013, de 10 anos, sete meses e 15 dias de reclus\u00e3o por lavagem de dinheiro. Pela morte de Tim Lopes, ele foi condenado, em 2005, a 28 anos e seis meses de pris\u00e3o.<\/p>\n<p>Fonte: Ag\u00eancia Brasil<\/p>\n","protected":false},"excerpt":{"rendered":"<p>O ministro do Supremo Tribunal Federal (STF) Marco Aur\u00e9lio decidiu nessa sexta-feira (2) conceder liberdade ao traficante Elias Pereira da Silva, conhecido como \u00a0Elias Maluco, condenado pelo assassinato do jornalista Tim Lopes em 2002. Pela decis\u00e3o do ministro, Elias Maluco dever\u00e1 ser libertado, caso n\u00e3o esteja preso em fun\u00e7\u00e3o de outros mandados de pris\u00e3o. A [&hellip;]<\/p>\n","protected":false},"author":96,"featured_media":97709,"comment_status":"closed","ping_status":"closed","sticky":false,"template":"","format":"standard","meta":{"footnotes":""},"categories":[302,436,439],"tags":[],"class_list":["post-145224","post","type-post","status-publish","format-standard","has-post-thumbnail","hentry","category-brasil-mundo","category-destaque-da-semana","category-ultima-hora"],"_links":{"self":[{"href":"https:\/\/diarioregionaldigital.com.br\/index.php?rest_route=\/wp\/v2\/posts\/145224","targetHints":{"allow":["GET"]}}],"collection":[{"href":"https:\/\/diarioregionaldigital.com.br\/index.php?rest_route=\/wp\/v2\/posts"}],"about":[{"href":"https:\/\/diarioregionaldigital.com.br\/index.php?rest_route=\/wp\/v2\/types\/post"}],"author":[{"embeddable":true,"href":"https:\/\/diarioregionaldigital.com.br\/index.php?rest_route=\/wp\/v2\/users\/96"}],"replies":[{"embeddable":true,"href":"https:\/\/diarioregionaldigital.com.br\/index.php?rest_route=%2Fwp%2Fv2%2Fcomments&post=145224"}],"version-history":[{"count":0,"href":"https:\/\/diarioregionaldigital.com.br\/index.php?rest_route=\/wp\/v2\/posts\/145224\/revisions"}],"wp:featuredmedia":[{"embeddable":true,"href":"https:\/\/diarioregionaldigital.com.br\/index.php?rest_route=\/wp\/v2\/media\/97709"}],"wp:attachment":[{"href":"https:\/\/diarioregionaldigital.com.br\/index.php?rest_route=%2Fwp%2Fv2%2Fmedia&parent=145224"}],"wp:term":[{"taxonomy":"category","embeddable":true,"href":"https:\/\/diarioregionaldigital.com.br\/index.php?rest_route=%2Fwp%2Fv2%2Fcategories&post=145224"},{"taxonomy":"post_tag","embeddable":true,"href":"https:\/\/diarioregionaldigital.com.br\/index.php?rest_route=%2Fwp%2Fv2%2Ftags&post=145224"}],"curies":[{"name":"wp","href":"https:\/\/api.w.org\/{rel}","templated":true}]}}