{"id":145222,"date":"2019-08-03T07:12:37","date_gmt":"2019-08-03T10:12:37","guid":{"rendered":"https:\/\/diarioregionaldigital.com.br\/?p=145222"},"modified":"2019-08-03T21:07:16","modified_gmt":"2019-08-04T00:07:16","slug":"juiz-manda-pf-enviar-ao-stf-copia-de-investigacao-sobre-hackers","status":"publish","type":"post","link":"https:\/\/diarioregionaldigital.com.br\/?p=145222","title":{"rendered":"Juiz manda PF enviar ao STF c\u00f3pia de investiga\u00e7\u00e3o sobre hackers"},"content":{"rendered":"<p>O juiz Ricardo Leite, da 10\u00aa Vara Federal em Bras\u00edlia, determinou nessa sexta-feira (2) que a Pol\u00edcia Federal (PF) envie para o ministro do Supremo Tribunal Federal (STF) Alexandre de Moraes c\u00f3pia da investiga\u00e7\u00e3o sobre as invas\u00f5es aos telefones celulares do ministro da Justi\u00e7a e Seguran\u00e7a P\u00fablica, Sergio Moro, e de outras autoridades.<\/p>\n<p>O magistrado, que preside a investiga\u00e7\u00e3o, cumpriu decis\u00e3o proferida por Alexandre de Moraes, relator do inqu\u00e9rito aberto pelo STF para apurar a divulga\u00e7\u00e3o de not\u00edcias falsas contra integrantes da Corte.<\/p>\n<p>Moraes determinou na quinta-feira (1\u00ba) que todo material da investiga\u00e7\u00e3o, incluindo mensagens de celulares, devem ser remetidos ao seu gabinete no prazo de 48 horas.<\/p>\n<p>Na quinta-feira, o juiz Ricardo Leite atendeu pedido da PF e decretou a\u00a0pris\u00e3o preventiva\u00a0dos quatro investigados presos na Opera\u00e7\u00e3o Spoofing, que investiga os ataques de hackers.<\/p>\n<p>Com a decis\u00e3o, os investigados Danilo Cristiano Marques, Gustavo Henrique Elias Santos, Suelen Priscila de Oliveira e Walter Delgatti Neto v\u00e3o continuar presos, mas por tempo indeterminado. Dessa forma, eles dever\u00e3o ser transferidos para um pres\u00eddio no Distrito Federal. De acordo com a PF, os acusados devem ser mantidos na pris\u00e3o para n\u00e3o atrapalhar as investiga\u00e7\u00f5es.<\/p>\n<p>Fonte: Ag\u00eancia Brasil<\/p>\n","protected":false},"excerpt":{"rendered":"<p>O juiz Ricardo Leite, da 10\u00aa Vara Federal em Bras\u00edlia, determinou nessa sexta-feira (2) que a Pol\u00edcia Federal (PF) envie para o ministro do Supremo Tribunal Federal (STF) Alexandre de Moraes c\u00f3pia da investiga\u00e7\u00e3o sobre as invas\u00f5es aos telefones celulares do ministro da Justi\u00e7a e Seguran\u00e7a P\u00fablica, Sergio Moro, e de outras autoridades. O magistrado, [&hellip;]<\/p>\n","protected":false},"author":96,"featured_media":144562,"comment_status":"closed","ping_status":"closed","sticky":false,"template":"","format":"standard","meta":{"footnotes":""},"categories":[302,436,439],"tags":[],"class_list":["post-145222","post","type-post","status-publish","format-standard","has-post-thumbnail","hentry","category-brasil-mundo","category-destaque-da-semana","category-ultima-hora"],"_links":{"self":[{"href":"https:\/\/diarioregionaldigital.com.br\/index.php?rest_route=\/wp\/v2\/posts\/145222","targetHints":{"allow":["GET"]}}],"collection":[{"href":"https:\/\/diarioregionaldigital.com.br\/index.php?rest_route=\/wp\/v2\/posts"}],"about":[{"href":"https:\/\/diarioregionaldigital.com.br\/index.php?rest_route=\/wp\/v2\/types\/post"}],"author":[{"embeddable":true,"href":"https:\/\/diarioregionaldigital.com.br\/index.php?rest_route=\/wp\/v2\/users\/96"}],"replies":[{"embeddable":true,"href":"https:\/\/diarioregionaldigital.com.br\/index.php?rest_route=%2Fwp%2Fv2%2Fcomments&post=145222"}],"version-history":[{"count":0,"href":"https:\/\/diarioregionaldigital.com.br\/index.php?rest_route=\/wp\/v2\/posts\/145222\/revisions"}],"wp:featuredmedia":[{"embeddable":true,"href":"https:\/\/diarioregionaldigital.com.br\/index.php?rest_route=\/wp\/v2\/media\/144562"}],"wp:attachment":[{"href":"https:\/\/diarioregionaldigital.com.br\/index.php?rest_route=%2Fwp%2Fv2%2Fmedia&parent=145222"}],"wp:term":[{"taxonomy":"category","embeddable":true,"href":"https:\/\/diarioregionaldigital.com.br\/index.php?rest_route=%2Fwp%2Fv2%2Fcategories&post=145222"},{"taxonomy":"post_tag","embeddable":true,"href":"https:\/\/diarioregionaldigital.com.br\/index.php?rest_route=%2Fwp%2Fv2%2Ftags&post=145222"}],"curies":[{"name":"wp","href":"https:\/\/api.w.org\/{rel}","templated":true}]}}